{"id":100083,"date":"2019-09-19T13:52:54","date_gmt":"2019-09-19T16:52:54","guid":{"rendered":"http:\/\/www.hoymercedes.com.ar\/principal\/?p=100083"},"modified":"2019-09-19T18:01:43","modified_gmt":"2019-09-19T21:01:43","slug":"ajb-realizo-miniturismo-en-la-plata","status":"publish","type":"post","link":"https:\/\/www.hoymercedes.com.ar\/principal\/2019\/09\/19\/ajb-realizo-miniturismo-en-la-plata\/","title":{"rendered":"AJB realiz\u00f3 miniturismo en La Plata"},"content":{"rendered":"\n<p>Unos cien afiliados participaron del viaje realizado a la ciudad capital bonaerense. <\/p>\n\n\n\n<figure class=\"wp-block-image\"><img loading=\"lazy\" decoding=\"async\" width=\"717\" height=\"354\" data-attachment-id=\"100084\" data-permalink=\"https:\/\/www.hoymercedes.com.ar\/principal\/2019\/09\/19\/ajb-realizo-miniturismo-en-la-plata\/miniturismo\/#main\" data-orig-file=\"https:\/\/www.hoymercedes.com.ar\/principal\/wp-content\/uploads\/2019\/09\/miniturismo.jpeg\" data-orig-size=\"717,354\" data-comments-opened=\"0\" data-image-meta=\"{&quot;aperture&quot;:&quot;0&quot;,&quot;credit&quot;:&quot;&quot;,&quot;camera&quot;:&quot;&quot;,&quot;caption&quot;:&quot;&quot;,&quot;created_timestamp&quot;:&quot;0&quot;,&quot;copyright&quot;:&quot;&quot;,&quot;focal_length&quot;:&quot;0&quot;,&quot;iso&quot;:&quot;0&quot;,&quot;shutter_speed&quot;:&quot;0&quot;,&quot;title&quot;:&quot;&quot;,&quot;orientation&quot;:&quot;0&quot;}\" data-image-title=\"miniturismo\" data-image-description=\"\" data-image-caption=\"\" data-large-file=\"https:\/\/www.hoymercedes.com.ar\/principal\/wp-content\/uploads\/2019\/09\/miniturismo.jpeg\" src=\"https:\/\/www.hoymercedes.com.ar\/principal\/wp-content\/uploads\/2019\/09\/miniturismo.jpeg\" alt=\"\" class=\"wp-image-100084\" srcset=\"https:\/\/www.hoymercedes.com.ar\/principal\/wp-content\/uploads\/2019\/09\/miniturismo.jpeg 717w, https:\/\/www.hoymercedes.com.ar\/principal\/wp-content\/uploads\/2019\/09\/miniturismo-150x74.jpeg 150w, https:\/\/www.hoymercedes.com.ar\/principal\/wp-content\/uploads\/2019\/09\/miniturismo-630x311.jpeg 630w\" sizes=\"auto, (max-width: 717px) 100vw, 717px\" \/><\/figure>\n\n\n\n<p>La Asociaci\u00f3n\nJudicial Bonaerense de Mercedes llev\u00f3 a cabo un grato viaje a la capital\nprovincial, en el marco de sus programas de miniturismo, donde participaron\nalrededor de 100 afiliados, incluyendo familiares de los mismos.<\/p>\n\n\n\n<p>En el mismo,\ngozaron de una recorrida did\u00e1ctica por el museo de Ciencias Naturales, situado\nen el reconocido&nbsp; \u201cbosque\u201d de dicha\nlocalidad. Tambi\u00e9n pudieron disfrutar de un almuerzo en el hermoso predio que\nla AJB posee en La Plata, para luego partir hacia la rep\u00fablica de los ni\u00f1os.\nEste verdadero \u00edcono tur\u00edstico y de recreaci\u00f3n fue el epicentro de una gran\njornada de alegr\u00eda y diversi\u00f3n. <\/p>\n\n\n\n<p>Los afiliados\nse mostraron sumamente satisfechos por este viaje, y el Secretario general de\nla AJB Mercedes expres\u00f3 tambi\u00e9n su complacencia: \u201cEste gremio est\u00e1 convencido\nde realizar estas actividades que son muy importantes para la uni\u00f3n, la fuerza\ny la organizaci\u00f3n. Esta es la manera de tener &nbsp;un gremio fuerte y presente. Estoy muy\nagradecido con todos los que participaron y formaron parte de este lindo viaje\u201d.<\/p>\n","protected":false},"excerpt":{"rendered":"<p>Unos cien afiliados participaron del viaje realizado a la ciudad capital bonaerense. La Asociaci\u00f3n Judicial Bonaerense de Mercedes llev\u00f3 a &#8230; <a title=\"AJB realiz\u00f3 miniturismo en La Plata\" class=\"read-more\" href=\"https:\/\/www.hoymercedes.com.ar\/principal\/2019\/09\/19\/ajb-realizo-miniturismo-en-la-plata\/\" aria-label=\"Leer m\u00e1s sobre AJB realiz\u00f3 miniturismo en La Plata\">Leer m\u00e1s<\/a><\/p>\n","protected":false},"author":1,"featured_media":100084,"comment_status":"closed","ping_status":"open","sticky":false,"template":"","format":"standard","meta":{"_monsterinsights_skip_tracking":false,"_monsterinsights_sitenote_active":false,"_monsterinsights_sitenote_note":"","_monsterinsights_sitenote_category":0,"jetpack_post_was_ever_published":false,"_jetpack_newsletter_access":"","_jetpack_dont_email_post_to_subs":false,"_jetpack_newsletter_tier_id":0,"_jetpack_memberships_contains_paywalled_content":false,"_jetpack_memberships_contains_paid_content":false,"footnotes":"","jetpack_publicize_message":"","jetpack_publicize_feature_enabled":true,"jetpack_social_post_already_shared":true,"jetpack_social_options":{"image_generator_settings":{"template":"highway","default_image_id":0,"font":"","enabled":false},"version":2},"_wpas_customize_per_network":false},"categories":[10563],"tags":[95,8799,1443,1428,11164],"class_list":["post-100083","post","type-post","status-publish","format-standard","has-post-thumbnail","hentry","category-gremios-sindicatos","tag-ajb","tag-gremios","tag-sindicatos","tag-turismo","tag-viajes","generate-columns","tablet-grid-50","mobile-grid-100","grid-parent","grid-50"],"jetpack_publicize_connections":[],"jetpack_featured_media_url":"https:\/\/www.hoymercedes.com.ar\/principal\/wp-content\/uploads\/2019\/09\/miniturismo.jpeg","wps_subtitle":"Para asociados","jetpack_sharing_enabled":true,"_links":{"self":[{"href":"https:\/\/www.hoymercedes.com.ar\/principal\/wp-json\/wp\/v2\/posts\/100083","targetHints":{"allow":["GET"]}}],"collection":[{"href":"https:\/\/www.hoymercedes.com.ar\/principal\/wp-json\/wp\/v2\/posts"}],"about":[{"href":"https:\/\/www.hoymercedes.com.ar\/principal\/wp-json\/wp\/v2\/types\/post"}],"author":[{"embeddable":true,"href":"https:\/\/www.hoymercedes.com.ar\/principal\/wp-json\/wp\/v2\/users\/1"}],"replies":[{"embeddable":true,"href":"https:\/\/www.hoymercedes.com.ar\/principal\/wp-json\/wp\/v2\/comments?post=100083"}],"version-history":[{"count":0,"href":"https:\/\/www.hoymercedes.com.ar\/principal\/wp-json\/wp\/v2\/posts\/100083\/revisions"}],"wp:featuredmedia":[{"embeddable":true,"href":"https:\/\/www.hoymercedes.com.ar\/principal\/wp-json\/wp\/v2\/media\/100084"}],"wp:attachment":[{"href":"https:\/\/www.hoymercedes.com.ar\/principal\/wp-json\/wp\/v2\/media?parent=100083"}],"wp:term":[{"taxonomy":"category","embeddable":true,"href":"https:\/\/www.hoymercedes.com.ar\/principal\/wp-json\/wp\/v2\/categories?post=100083"},{"taxonomy":"post_tag","embeddable":true,"href":"https:\/\/www.hoymercedes.com.ar\/principal\/wp-json\/wp\/v2\/tags?post=100083"}],"curies":[{"name":"wp","href":"https:\/\/api.w.org\/{rel}","templated":true}]}}