{"id":100123,"date":"2019-09-21T15:06:48","date_gmt":"2019-09-21T18:06:48","guid":{"rendered":"http:\/\/www.hoymercedes.com.ar\/principal\/?p=100123"},"modified":"2019-09-20T19:59:37","modified_gmt":"2019-09-20T22:59:37","slug":"lola-albanese-y-sofia-castelucci-campeonas-en-el-nacional-de-patin","status":"publish","type":"post","link":"https:\/\/www.hoymercedes.com.ar\/principal\/2019\/09\/21\/lola-albanese-y-sofia-castelucci-campeonas-en-el-nacional-de-patin\/","title":{"rendered":"Lola Albanese y Sof\u00eda Castelucci, campeonas en el Nacional de Pat\u00edn"},"content":{"rendered":"\n<p>Se realiz\u00f3 el Campeonato Argentino de Patinaje Art\u00edstico \u201cCopa Roberto Rodr\u00edguez\u201d del 7 al 14 de septiembre en el estadio Lujan Barrientos del club Deportivo Madryn donde m\u00e1s de 1500 patinadoras de todos los puntos de Argentina, participaron en las distintas categor\u00edas buscando acomodarse en el podio nacional. <\/p>\n\n\n\n<figure class=\"wp-block-image\"><img loading=\"lazy\" decoding=\"async\" width=\"960\" height=\"720\" data-attachment-id=\"100179\" data-permalink=\"https:\/\/www.hoymercedes.com.ar\/principal\/2019\/09\/21\/lola-albanese-y-sofia-castelucci-campeonas-en-el-nacional-de-patin\/70258535_10219469747036219_1503585058676539392_n\/#main\" data-orig-file=\"https:\/\/www.hoymercedes.com.ar\/principal\/wp-content\/uploads\/2019\/09\/70258535_10219469747036219_1503585058676539392_n.jpg\" data-orig-size=\"960,720\" data-comments-opened=\"0\" data-image-meta=\"{&quot;aperture&quot;:&quot;0&quot;,&quot;credit&quot;:&quot;&quot;,&quot;camera&quot;:&quot;&quot;,&quot;caption&quot;:&quot;&quot;,&quot;created_timestamp&quot;:&quot;0&quot;,&quot;copyright&quot;:&quot;&quot;,&quot;focal_length&quot;:&quot;0&quot;,&quot;iso&quot;:&quot;0&quot;,&quot;shutter_speed&quot;:&quot;0&quot;,&quot;title&quot;:&quot;&quot;,&quot;orientation&quot;:&quot;0&quot;}\" data-image-title=\"70258535_10219469747036219_1503585058676539392_n\" data-image-description=\"\" data-image-caption=\"\" data-large-file=\"https:\/\/www.hoymercedes.com.ar\/principal\/wp-content\/uploads\/2019\/09\/70258535_10219469747036219_1503585058676539392_n.jpg\" src=\"https:\/\/www.hoymercedes.com.ar\/principal\/wp-content\/uploads\/2019\/09\/70258535_10219469747036219_1503585058676539392_n.jpg\" alt=\"\" class=\"wp-image-100179\" srcset=\"https:\/\/www.hoymercedes.com.ar\/principal\/wp-content\/uploads\/2019\/09\/70258535_10219469747036219_1503585058676539392_n.jpg 960w, https:\/\/www.hoymercedes.com.ar\/principal\/wp-content\/uploads\/2019\/09\/70258535_10219469747036219_1503585058676539392_n-150x113.jpg 150w, https:\/\/www.hoymercedes.com.ar\/principal\/wp-content\/uploads\/2019\/09\/70258535_10219469747036219_1503585058676539392_n-630x473.jpg 630w, https:\/\/www.hoymercedes.com.ar\/principal\/wp-content\/uploads\/2019\/09\/70258535_10219469747036219_1503585058676539392_n-320x240.jpg 320w, https:\/\/www.hoymercedes.com.ar\/principal\/wp-content\/uploads\/2019\/09\/70258535_10219469747036219_1503585058676539392_n-100x75.jpg 100w\" sizes=\"auto, (max-width: 960px) 100vw, 960px\" \/><\/figure>\n\n\n\n<p>Las patinadoras del Club Mercedes, esta vez representando a la Federaci\u00f3n Porte\u00f1a de Patin y bajo la direcci\u00f3n t\u00e9cnica de Brunello Mar\u00eda Laura, estuvieron presentes en el certamen obteniendo los siguientes puestos: Lola Albanese y Sof\u00eda Casttelucci, campeonas argentinas, Celina Matteucci, sub campeona, 5to puesto para Abril Marcos, 9no puesto para Luc\u00eda Andr\u00e9s, quedando en el ranking argentino entre las diez primeras.<\/p>\n\n\n\n<p>Cabe destacar la actuaci\u00f3n de Emma Ballesteros (puesto n\u00famero 21), Luz Marcos luz (17) y Mar\u00eda Paz Matteucci (20) en categor\u00edas con m\u00e1s de 55 patinadoras.<\/p>\n","protected":false},"excerpt":{"rendered":"<p>Se realiz\u00f3 el Campeonato Argentino de Patinaje Art\u00edstico \u201cCopa Roberto Rodr\u00edguez\u201d del 7 al 14 de septiembre en el estadio &#8230; <a title=\"Lola Albanese y Sof\u00eda Castelucci, campeonas en el Nacional de Pat\u00edn\" class=\"read-more\" href=\"https:\/\/www.hoymercedes.com.ar\/principal\/2019\/09\/21\/lola-albanese-y-sofia-castelucci-campeonas-en-el-nacional-de-patin\/\" aria-label=\"Leer m\u00e1s sobre Lola Albanese y Sof\u00eda Castelucci, campeonas en el Nacional de Pat\u00edn\">Leer m\u00e1s<\/a><\/p>\n","protected":false},"author":1,"featured_media":100179,"comment_status":"closed","ping_status":"open","sticky":false,"template":"","format":"standard","meta":{"_monsterinsights_skip_tracking":false,"_monsterinsights_sitenote_active":false,"_monsterinsights_sitenote_note":"","_monsterinsights_sitenote_category":0,"jetpack_post_was_ever_published":false,"_jetpack_newsletter_access":"","_jetpack_dont_email_post_to_subs":false,"_jetpack_newsletter_tier_id":0,"_jetpack_memberships_contains_paywalled_content":false,"_jetpack_memberships_contains_paid_content":false,"footnotes":"","jetpack_publicize_message":"","jetpack_publicize_feature_enabled":true,"jetpack_social_post_already_shared":true,"jetpack_social_options":{"image_generator_settings":{"template":"highway","default_image_id":0,"font":"","enabled":false},"version":2},"_wpas_customize_per_network":false},"categories":[21],"tags":[122,9183],"class_list":["post-100123","post","type-post","status-publish","format-standard","has-post-thumbnail","hentry","category-deportes","tag-club-mercedes","tag-patin-artistico","generate-columns","tablet-grid-50","mobile-grid-100","grid-parent","grid-50"],"jetpack_publicize_connections":[],"jetpack_featured_media_url":"https:\/\/www.hoymercedes.com.ar\/principal\/wp-content\/uploads\/2019\/09\/70258535_10219469747036219_1503585058676539392_n.jpg","wps_subtitle":"Pat\u00edn Art\u00edstico","jetpack_sharing_enabled":true,"_links":{"self":[{"href":"https:\/\/www.hoymercedes.com.ar\/principal\/wp-json\/wp\/v2\/posts\/100123","targetHints":{"allow":["GET"]}}],"collection":[{"href":"https:\/\/www.hoymercedes.com.ar\/principal\/wp-json\/wp\/v2\/posts"}],"about":[{"href":"https:\/\/www.hoymercedes.com.ar\/principal\/wp-json\/wp\/v2\/types\/post"}],"author":[{"embeddable":true,"href":"https:\/\/www.hoymercedes.com.ar\/principal\/wp-json\/wp\/v2\/users\/1"}],"replies":[{"embeddable":true,"href":"https:\/\/www.hoymercedes.com.ar\/principal\/wp-json\/wp\/v2\/comments?post=100123"}],"version-history":[{"count":0,"href":"https:\/\/www.hoymercedes.com.ar\/principal\/wp-json\/wp\/v2\/posts\/100123\/revisions"}],"wp:featuredmedia":[{"embeddable":true,"href":"https:\/\/www.hoymercedes.com.ar\/principal\/wp-json\/wp\/v2\/media\/100179"}],"wp:attachment":[{"href":"https:\/\/www.hoymercedes.com.ar\/principal\/wp-json\/wp\/v2\/media?parent=100123"}],"wp:term":[{"taxonomy":"category","embeddable":true,"href":"https:\/\/www.hoymercedes.com.ar\/principal\/wp-json\/wp\/v2\/categories?post=100123"},{"taxonomy":"post_tag","embeddable":true,"href":"https:\/\/www.hoymercedes.com.ar\/principal\/wp-json\/wp\/v2\/tags?post=100123"}],"curies":[{"name":"wp","href":"https:\/\/api.w.org\/{rel}","templated":true}]}}