{"id":100173,"date":"2019-09-20T17:23:43","date_gmt":"2019-09-20T20:23:43","guid":{"rendered":"http:\/\/www.hoymercedes.com.ar\/principal\/?p=100173"},"modified":"2019-09-20T17:04:53","modified_gmt":"2019-09-20T20:04:53","slug":"selva-en-mar-del-plata","status":"publish","type":"post","link":"https:\/\/www.hoymercedes.com.ar\/principal\/2019\/09\/20\/selva-en-mar-del-plata\/","title":{"rendered":"Selva en Mar del Plata"},"content":{"rendered":"\n<p>Este mi\u00e9rcoles el diputado Carlos Selva estuvo en Mar del Plata, junto al \u201cVasco\u201d De Mendiguren, Fernanda Raverta y Ariel Ciano. \u201cNos reunimos con la Uni\u00f3n de Comercio, la Industria y la Producci\u00f3n, recorrimos el centro comercial y charlamos con comerciantes de la zona y visitamos la f\u00e1brica Materia Hermanos\u201d, cont\u00f3 Selva.<\/p>\n\n\n\n<figure class=\"wp-block-image\"><img loading=\"lazy\" decoding=\"async\" width=\"800\" height=\"539\" data-attachment-id=\"100174\" data-permalink=\"https:\/\/www.hoymercedes.com.ar\/principal\/2019\/09\/20\/selva-en-mar-del-plata\/20-selva-mar-del-plata-1\/#main\" data-orig-file=\"https:\/\/www.hoymercedes.com.ar\/principal\/wp-content\/uploads\/2019\/09\/20-selva-mar-del-plata-1.jpg\" data-orig-size=\"800,539\" data-comments-opened=\"0\" data-image-meta=\"{&quot;aperture&quot;:&quot;0&quot;,&quot;credit&quot;:&quot;&quot;,&quot;camera&quot;:&quot;&quot;,&quot;caption&quot;:&quot;&quot;,&quot;created_timestamp&quot;:&quot;0&quot;,&quot;copyright&quot;:&quot;&quot;,&quot;focal_length&quot;:&quot;0&quot;,&quot;iso&quot;:&quot;0&quot;,&quot;shutter_speed&quot;:&quot;0&quot;,&quot;title&quot;:&quot;&quot;,&quot;orientation&quot;:&quot;0&quot;}\" data-image-title=\"20 selva mar del plata 1\" data-image-description=\"\" data-image-caption=\"\" data-large-file=\"https:\/\/www.hoymercedes.com.ar\/principal\/wp-content\/uploads\/2019\/09\/20-selva-mar-del-plata-1.jpg\" src=\"https:\/\/www.hoymercedes.com.ar\/principal\/wp-content\/uploads\/2019\/09\/20-selva-mar-del-plata-1.jpg\" alt=\"\" class=\"wp-image-100174\" srcset=\"https:\/\/www.hoymercedes.com.ar\/principal\/wp-content\/uploads\/2019\/09\/20-selva-mar-del-plata-1.jpg 800w, https:\/\/www.hoymercedes.com.ar\/principal\/wp-content\/uploads\/2019\/09\/20-selva-mar-del-plata-1-150x101.jpg 150w, https:\/\/www.hoymercedes.com.ar\/principal\/wp-content\/uploads\/2019\/09\/20-selva-mar-del-plata-1-630x424.jpg 630w\" sizes=\"auto, (max-width: 800px) 100vw, 800px\" \/><\/figure>\n\n\n\n<p>\u201cNecesitamos un acuerdo social entre todos los sectores de la producci\u00f3n y la industria para volver a poner en marcha la econom\u00eda\u201d, remarc\u00f3.<\/p>\n\n\n\n<p>Durante la jornada de este mi\u00e9rcoles, el diputado nacional Jos\u00e9 Ignacio De Mendiguren visit\u00f3 Mar del Plata, convocado por el concejal Ariel Ciano en el mes de la industria. Junto a la candidata a intendenta Fernanda Raverta, brindaron una conferencia de prensa, almorzaron con empresarios y referentes de la industria local y luego recorrieron la f\u00e1brica de jabones Materia Hermanos. De la jornada, particip\u00f3 adem\u00e1s el tambi\u00e9n diputado Carlos Selva. De Mendiguren hizo hincapi\u00e9 en la importancia de la unidad de acci\u00f3n entre un gobierno nacional, provincial y municipal del mismo signo y c\u00f3mo ello potenciar\u00eda a nuestra ciudad.<\/p>\n\n\n\n<p>En di\u00e1logo con la prensa, De Mendiguren celebr\u00f3 los dichos del candidato a presidente por el Frente de Todos Alberto Fern\u00e1ndez en Tucum\u00e1n d\u00edas atr\u00e1s, al afirmar que \u00abel nuevo gobierno har\u00e1 una alianza con los sectores productivos de la Argentina\u00bb. A su vez, el \u00abVasco\u00bb dijo: \u00abEstamos convencidos que el pa\u00eds sale de esta crisis, creciendo. La Argentina necesita de una unidad de acci\u00f3n entre el gobierno nacional, provincial y municipal porque si bien nada de la macroeconom\u00eda se puede transformar desde un municipio, tampoco nada se puede implementar correctamente sin un municipio, el primer mostrador de la democracia y el que palpa la realidad del pa\u00eds\u00bb.<\/p>\n","protected":false},"excerpt":{"rendered":"<p>Este mi\u00e9rcoles el diputado Carlos Selva estuvo en Mar del Plata, junto al \u201cVasco\u201d De Mendiguren, Fernanda Raverta y Ariel &#8230; <a title=\"Selva en Mar del Plata\" class=\"read-more\" href=\"https:\/\/www.hoymercedes.com.ar\/principal\/2019\/09\/20\/selva-en-mar-del-plata\/\" aria-label=\"Leer m\u00e1s sobre Selva en Mar del Plata\">Leer m\u00e1s<\/a><\/p>\n","protected":false},"author":1,"featured_media":100174,"comment_status":"closed","ping_status":"open","sticky":false,"template":"","format":"standard","meta":{"_monsterinsights_skip_tracking":false,"_monsterinsights_sitenote_active":false,"_monsterinsights_sitenote_note":"","_monsterinsights_sitenote_category":0,"jetpack_post_was_ever_published":false,"_jetpack_newsletter_access":"","_jetpack_dont_email_post_to_subs":false,"_jetpack_newsletter_tier_id":0,"_jetpack_memberships_contains_paywalled_content":false,"_jetpack_memberships_contains_paid_content":false,"footnotes":"","jetpack_publicize_message":"","jetpack_publicize_feature_enabled":true,"jetpack_social_post_already_shared":true,"jetpack_social_options":{"image_generator_settings":{"template":"highway","default_image_id":0,"font":"","enabled":false},"version":2},"_wpas_customize_per_network":false},"categories":[5210],"tags":[],"class_list":["post-100173","post","type-post","status-publish","format-standard","has-post-thumbnail","hentry","category-politica-nacional","generate-columns","tablet-grid-50","mobile-grid-100","grid-parent","grid-50"],"jetpack_publicize_connections":[],"jetpack_featured_media_url":"https:\/\/www.hoymercedes.com.ar\/principal\/wp-content\/uploads\/2019\/09\/20-selva-mar-del-plata-1.jpg","wps_subtitle":"","jetpack_sharing_enabled":true,"_links":{"self":[{"href":"https:\/\/www.hoymercedes.com.ar\/principal\/wp-json\/wp\/v2\/posts\/100173","targetHints":{"allow":["GET"]}}],"collection":[{"href":"https:\/\/www.hoymercedes.com.ar\/principal\/wp-json\/wp\/v2\/posts"}],"about":[{"href":"https:\/\/www.hoymercedes.com.ar\/principal\/wp-json\/wp\/v2\/types\/post"}],"author":[{"embeddable":true,"href":"https:\/\/www.hoymercedes.com.ar\/principal\/wp-json\/wp\/v2\/users\/1"}],"replies":[{"embeddable":true,"href":"https:\/\/www.hoymercedes.com.ar\/principal\/wp-json\/wp\/v2\/comments?post=100173"}],"version-history":[{"count":0,"href":"https:\/\/www.hoymercedes.com.ar\/principal\/wp-json\/wp\/v2\/posts\/100173\/revisions"}],"wp:featuredmedia":[{"embeddable":true,"href":"https:\/\/www.hoymercedes.com.ar\/principal\/wp-json\/wp\/v2\/media\/100174"}],"wp:attachment":[{"href":"https:\/\/www.hoymercedes.com.ar\/principal\/wp-json\/wp\/v2\/media?parent=100173"}],"wp:term":[{"taxonomy":"category","embeddable":true,"href":"https:\/\/www.hoymercedes.com.ar\/principal\/wp-json\/wp\/v2\/categories?post=100173"},{"taxonomy":"post_tag","embeddable":true,"href":"https:\/\/www.hoymercedes.com.ar\/principal\/wp-json\/wp\/v2\/tags?post=100173"}],"curies":[{"name":"wp","href":"https:\/\/api.w.org\/{rel}","templated":true}]}}