{"id":100240,"date":"2019-09-22T17:40:12","date_gmt":"2019-09-22T20:40:12","guid":{"rendered":"http:\/\/www.hoymercedes.com.ar\/principal\/?p=100240"},"modified":"2019-09-21T22:54:24","modified_gmt":"2019-09-22T01:54:24","slug":"necesitamos-que-la-provincia-de-buenos-aires-vuelva-a-tener-como-prioridad-la-industria","status":"publish","type":"post","link":"https:\/\/www.hoymercedes.com.ar\/principal\/2019\/09\/22\/necesitamos-que-la-provincia-de-buenos-aires-vuelva-a-tener-como-prioridad-la-industria\/","title":{"rendered":"\u201cNecesitamos que la provincia de Buenos Aires vuelva a tener como prioridad la industria\u201d"},"content":{"rendered":"\n<p>Junto a Sergio Massa, el diputado nacional Carlos Selva fue parte de distintas reuniones con empresarios, en la precia de las elecciones generales y en el marco de la campa\u00f1a que lleva adelante el Frente de Todos.<\/p>\n\n\n\n<figure class=\"wp-block-image\"><img loading=\"lazy\" decoding=\"async\" width=\"797\" height=\"600\" data-attachment-id=\"100241\" data-permalink=\"https:\/\/www.hoymercedes.com.ar\/principal\/2019\/09\/22\/necesitamos-que-la-provincia-de-buenos-aires-vuelva-a-tener-como-prioridad-la-industria\/22-selva-industria\/#main\" data-orig-file=\"https:\/\/www.hoymercedes.com.ar\/principal\/wp-content\/uploads\/2019\/09\/22-selva-industria.jpg\" data-orig-size=\"797,600\" data-comments-opened=\"0\" data-image-meta=\"{&quot;aperture&quot;:&quot;0&quot;,&quot;credit&quot;:&quot;&quot;,&quot;camera&quot;:&quot;&quot;,&quot;caption&quot;:&quot;&quot;,&quot;created_timestamp&quot;:&quot;0&quot;,&quot;copyright&quot;:&quot;&quot;,&quot;focal_length&quot;:&quot;0&quot;,&quot;iso&quot;:&quot;0&quot;,&quot;shutter_speed&quot;:&quot;0&quot;,&quot;title&quot;:&quot;&quot;,&quot;orientation&quot;:&quot;0&quot;}\" data-image-title=\"22 selva industria\" data-image-description=\"\" data-image-caption=\"\" data-large-file=\"https:\/\/www.hoymercedes.com.ar\/principal\/wp-content\/uploads\/2019\/09\/22-selva-industria.jpg\" src=\"https:\/\/www.hoymercedes.com.ar\/principal\/wp-content\/uploads\/2019\/09\/22-selva-industria.jpg\" alt=\"\" class=\"wp-image-100241\" srcset=\"https:\/\/www.hoymercedes.com.ar\/principal\/wp-content\/uploads\/2019\/09\/22-selva-industria.jpg 797w, https:\/\/www.hoymercedes.com.ar\/principal\/wp-content\/uploads\/2019\/09\/22-selva-industria-150x113.jpg 150w, https:\/\/www.hoymercedes.com.ar\/principal\/wp-content\/uploads\/2019\/09\/22-selva-industria-630x474.jpg 630w, https:\/\/www.hoymercedes.com.ar\/principal\/wp-content\/uploads\/2019\/09\/22-selva-industria-320x240.jpg 320w, https:\/\/www.hoymercedes.com.ar\/principal\/wp-content\/uploads\/2019\/09\/22-selva-industria-100x75.jpg 100w\" sizes=\"auto, (max-width: 797px) 100vw, 797px\" \/><\/figure>\n\n\n\n<p>Es as\u00ed que estuvo en\nestos d\u00edas en el Parque Industrial de Pilar y en el Parque Industrial de\nMoreno.<\/p>\n\n\n\n<p>\u201cNecesitamos que la\nprovincia de Buenos Aires vuelva a tener como prioridad la industria para\nvolver a ser el motor de desarrollo del pa\u00eds. Poniendo de pie la industria nos\nponemos de pie todos los argentinos\u201d, sostuvo Selva.<\/p>\n\n\n\n<p>En tanto, el\ncandidato a diputado nacional por el Frente de Todos, Sergio Massa, en su\nvisita al parque industrial de Moreno dialog\u00f3 con empresarios y trabajadores\nsobre la situaci\u00f3n de las Pymes. \u00abA quienes a pesar de la crisis est\u00e1n poniendo\nel hombro les digo que no bajen los brazos, que falta poco. En 90 d\u00edas habr\u00e1 un\nnuevo Gobierno, con el trabajo y la producci\u00f3n como valores centrales\u00bb, asegur\u00f3\nMassa junto a la candidata a intendenta de Moreno Mariel Fern\u00e1ndez, tras\nrecorrer la empresa Arbros SA y reunirse con due\u00f1os de Pymes en el parque\nindustrial de dicho municipio.<\/p>\n\n\n\n<p>En ese sentido, el\ncandidato a diputado nacional mencion\u00f3 la necesidad de implementar \u00abuna reforma\nimpositiva que separe a PyMEs de empresas grandes y permita que la peque\u00f1a y\nmediana empresa tenga una reducci\u00f3n impositiva del 30%\u00bb. A eso agreg\u00f3, \u00abvamos\nhacia un r\u00e9gimen simplificado en materia tributaria y a un esquema en el cual\ntrabajaremos para las PyMEs como agentes de capacitaci\u00f3n laboral, con el Estado\nacompa\u00f1ando\u00bb.<\/p>\n\n\n\n<p>De esta reuni\u00f3n participaron los diputados nacionales Jos\u00e9 Ignacio De Mendiguren, Cecilia Moreau y Carlos Selva, el diputado provincial Rub\u00e9n Eslaiman, adem\u00e1s de Ra\u00fal D\u00edaz y Dami\u00e1n Contreras, referentes del Frente Renovador en Merlo y Moreno, respectivamente, entre otros.<\/p>\n\n\n\n<p>Fuente: Prensa Carlos Selva<\/p>\n","protected":false},"excerpt":{"rendered":"<p>Junto a Sergio Massa, el diputado nacional Carlos Selva fue parte de distintas reuniones con empresarios, en la precia de &#8230; <a title=\"\u201cNecesitamos que la provincia de Buenos Aires vuelva a tener como prioridad la industria\u201d\" class=\"read-more\" href=\"https:\/\/www.hoymercedes.com.ar\/principal\/2019\/09\/22\/necesitamos-que-la-provincia-de-buenos-aires-vuelva-a-tener-como-prioridad-la-industria\/\" aria-label=\"Leer m\u00e1s sobre \u201cNecesitamos que la provincia de Buenos Aires vuelva a tener como prioridad la industria\u201d\">Leer m\u00e1s<\/a><\/p>\n","protected":false},"author":1,"featured_media":100241,"comment_status":"closed","ping_status":"open","sticky":false,"template":"","format":"standard","meta":{"_monsterinsights_skip_tracking":false,"_monsterinsights_sitenote_active":false,"_monsterinsights_sitenote_note":"","_monsterinsights_sitenote_category":0,"jetpack_post_was_ever_published":false,"_jetpack_newsletter_access":"","_jetpack_dont_email_post_to_subs":false,"_jetpack_newsletter_tier_id":0,"_jetpack_memberships_contains_paywalled_content":false,"_jetpack_memberships_contains_paid_content":false,"footnotes":"","jetpack_publicize_message":"","jetpack_publicize_feature_enabled":true,"jetpack_social_post_already_shared":true,"jetpack_social_options":{"image_generator_settings":{"template":"highway","default_image_id":0,"font":"","enabled":false},"version":2},"_wpas_customize_per_network":false},"categories":[5210],"tags":[39,5319],"class_list":["post-100240","post","type-post","status-publish","format-standard","has-post-thumbnail","hentry","category-politica-nacional","tag-carlos-selva","tag-politica-2","generate-columns","tablet-grid-50","mobile-grid-100","grid-parent","grid-50"],"jetpack_publicize_connections":[],"jetpack_featured_media_url":"https:\/\/www.hoymercedes.com.ar\/principal\/wp-content\/uploads\/2019\/09\/22-selva-industria.jpg","wps_subtitle":"En campa\u00f1a","jetpack_sharing_enabled":true,"_links":{"self":[{"href":"https:\/\/www.hoymercedes.com.ar\/principal\/wp-json\/wp\/v2\/posts\/100240","targetHints":{"allow":["GET"]}}],"collection":[{"href":"https:\/\/www.hoymercedes.com.ar\/principal\/wp-json\/wp\/v2\/posts"}],"about":[{"href":"https:\/\/www.hoymercedes.com.ar\/principal\/wp-json\/wp\/v2\/types\/post"}],"author":[{"embeddable":true,"href":"https:\/\/www.hoymercedes.com.ar\/principal\/wp-json\/wp\/v2\/users\/1"}],"replies":[{"embeddable":true,"href":"https:\/\/www.hoymercedes.com.ar\/principal\/wp-json\/wp\/v2\/comments?post=100240"}],"version-history":[{"count":0,"href":"https:\/\/www.hoymercedes.com.ar\/principal\/wp-json\/wp\/v2\/posts\/100240\/revisions"}],"wp:featuredmedia":[{"embeddable":true,"href":"https:\/\/www.hoymercedes.com.ar\/principal\/wp-json\/wp\/v2\/media\/100241"}],"wp:attachment":[{"href":"https:\/\/www.hoymercedes.com.ar\/principal\/wp-json\/wp\/v2\/media?parent=100240"}],"wp:term":[{"taxonomy":"category","embeddable":true,"href":"https:\/\/www.hoymercedes.com.ar\/principal\/wp-json\/wp\/v2\/categories?post=100240"},{"taxonomy":"post_tag","embeddable":true,"href":"https:\/\/www.hoymercedes.com.ar\/principal\/wp-json\/wp\/v2\/tags?post=100240"}],"curies":[{"name":"wp","href":"https:\/\/api.w.org\/{rel}","templated":true}]}}