{"id":10025,"date":"2011-12-22T22:08:47","date_gmt":"2011-12-22T22:08:47","guid":{"rendered":"http:\/\/www.hoymercedes.com.ar\/principal\/?p=10025"},"modified":"2011-12-22T22:08:47","modified_gmt":"2011-12-22T22:08:47","slug":"la-directora-de-salud-formulo-recomendaciones-a-la-poblacion-por-las-fiestas-y-el-calor","status":"publish","type":"post","link":"https:\/\/www.hoymercedes.com.ar\/principal\/2011\/12\/22\/la-directora-de-salud-formulo-recomendaciones-a-la-poblacion-por-las-fiestas-y-el-calor\/","title":{"rendered":"La Directora de Salud formul\u00f3 recomendaciones a la poblaci\u00f3n por las fiestas y el calor"},"content":{"rendered":"<p>La Dra. Liliana Masserio se refiri\u00f3 a los problemas del calor especialmente en bebes y personas mayores, a los alimentos y bebidas que se consumen para Navidad y A\u00f1o Nuevo y al uso de pirotecnia<\/p>\n<p>La Directora de Salud de nuestra ciudad, Dra. Liliana Masserio se dirigi\u00f3 en general a los vecinos de nuestra ciudad apara efectuar una serie de recomendaciones preventivas teniendo en cuenta el calor que ya estamos padeciendo nuevamente, a los alimentos y bebidas que podamos consumir debido a las tradicionales fiestas de Navidad y A\u00f1o Nuevo y al uso de pirotecnia especialmente el manejo que hacen de la misma los menores de edad.<\/p>\n<p>La funcionaria sostuvo \u201cen primer t\u00e9rmino quiero referirme especialmente a las madres de beb\u00e9s y a los responsable de personas mayores de edad con relaci\u00f3n al calor reinante y las medidas preventivas que se deben adoptar para evitar consecuencias no quer\u00edas como ser el cl\u00e1sico golpe de calor o la temida diarrea estival que tantos da\u00f1os causan a la salud.<\/p>\n<p>En especial que se tomen todas las precauciones necesarias con relaci\u00f3n a los alimentos que se les da, a como se viste especialmente a los m\u00e1s chiquitos y en que ambientes se los tiene a lo largo de la mayor parte del d\u00eda.<\/p>\n<p>La comida con estos d\u00edas de calor debe ser liviana y tener muy en cuenta que se debe beber a lo largo del d\u00eda una muy buena cantidad de l\u00edquidos.<\/p>\n<p>Los beb\u00e9s y las personas de avanzada edad deben estar a resguardo el mayor tiempo posible del sol y en lugares frescos y sobre todo estar atentos a cualquier variaci\u00f3n en el estado habitual de los mismos especialmente cuando as altas temperaturas se hacen constantes con el correr de los d\u00edas.<\/p>\n<p>Por otra parte ya tenemos dos fines de semanas muy particulares especialmente en materia de comidas y bebidas porque nosotros aun estamos con el h\u00e1bito de comer lo que se come en Europa para navidad y A\u00f1o Nuevo sin darnos cuenta que ellos est\u00e1n en pleno invierno y nosotros en verano con temperaturas muy altas, entonces vamos de festejo en festejo, de casa en casa muchas veces transportando alimentos sin conservar la cadena de frio que necesitan, comemos alimentos con una cantidad impresionante de calor\u00edas y hasta venenos de manera desconsideradas altos porcentajes de alcohol.<\/p>\n<p>Esto lamentablemente suele producir graves problemas de \u00edndole intestinal aunque \u00faltimamente vemos que la gente a comenzado a entender que ese tipo de comidas no son para nosotros, no se si abandonar dicho h\u00e1bito se debe a que justamente esas comidas hoy en d\u00eda resultan un tanto caras o porque estamos de a poco convenci\u00e9ndonos que no es algo normal.<\/p>\n<p>El otro tema que pido se tomen todas las previsiones posibles tiene que ver con el uso de los cl\u00e1sicos elementos de pirotecnia, muchas veces directamente manipulados por los chicos que al no conocer cual es la manera correcta y aconsejable de usarlos suelen tener problemas de quemaduras en sus cuerpos.<\/p>\n<p>Lo ideal ser\u00eda no utilizar pirotecnia ni siquiera manipulada por los grandes, pero bueno, ya abemos que se vive un momento de fiesta y alegr\u00eda pero de cualquier manera pido que por favor sean los grandes los encargados de utilizar dichos elementos tomando todas las prevenciones necesarias.<\/p>\n<p>Creo que estamos cansados de ver los informes period\u00edsticos relacionados con personas quemadas o heridas durante los tradicionales festejos, cansados de ver como los hospitales y otros centros asistenciales se abarrotan de personas por ejemplo con lesiones en sus ojos y manos.<\/p>\n<p>Como afortunadamente en nuestra ciudad desde hace ya por lo menos tres o cuatro a\u00f1os afortunadamente la previsi\u00f3n viene dando muy buenos resultados ya que no hemos tenido que sufrir hechos graves es que aspiro como vecina, medico y funcionaria que sigamos este a\u00f1o por el mismo camino\u201d.<\/p>\n","protected":false},"excerpt":{"rendered":"<p>La Dra. Liliana Masserio se refiri\u00f3 a los problemas del calor especialmente en bebes y personas mayores, a los alimentos &#8230; <a title=\"La Directora de Salud formul\u00f3 recomendaciones a la poblaci\u00f3n por las fiestas y el calor\" class=\"read-more\" href=\"https:\/\/www.hoymercedes.com.ar\/principal\/2011\/12\/22\/la-directora-de-salud-formulo-recomendaciones-a-la-poblacion-por-las-fiestas-y-el-calor\/\" aria-label=\"Leer m\u00e1s sobre La Directora de Salud formul\u00f3 recomendaciones a la poblaci\u00f3n por las fiestas y el calor\">Leer m\u00e1s<\/a><\/p>\n","protected":false},"author":1,"featured_media":0,"comment_status":"open","ping_status":"open","sticky":false,"template":"","format":"standard","meta":{"_monsterinsights_skip_tracking":false,"_monsterinsights_sitenote_active":false,"_monsterinsights_sitenote_note":"","_monsterinsights_sitenote_category":0,"jetpack_post_was_ever_published":false,"_jetpack_newsletter_access":"","_jetpack_dont_email_post_to_subs":false,"_jetpack_newsletter_tier_id":0,"_jetpack_memberships_contains_paywalled_content":false,"_jetpack_memberships_contains_paid_content":false,"footnotes":"","jetpack_publicize_message":"","jetpack_publicize_feature_enabled":true,"jetpack_social_post_already_shared":false,"jetpack_social_options":{"image_generator_settings":{"template":"highway","default_image_id":0,"font":"","enabled":false},"version":2},"_wpas_customize_per_network":false},"categories":[8],"tags":[1291,1739,134],"class_list":["post-10025","post","type-post","status-publish","format-standard","hentry","category-sociedad","tag-maserio","tag-prevencion-calor","tag-salud","generate-columns","tablet-grid-50","mobile-grid-100","grid-parent","grid-50"],"jetpack_publicize_connections":[],"jetpack_featured_media_url":"","wps_subtitle":"","jetpack_sharing_enabled":true,"_links":{"self":[{"href":"https:\/\/www.hoymercedes.com.ar\/principal\/wp-json\/wp\/v2\/posts\/10025","targetHints":{"allow":["GET"]}}],"collection":[{"href":"https:\/\/www.hoymercedes.com.ar\/principal\/wp-json\/wp\/v2\/posts"}],"about":[{"href":"https:\/\/www.hoymercedes.com.ar\/principal\/wp-json\/wp\/v2\/types\/post"}],"author":[{"embeddable":true,"href":"https:\/\/www.hoymercedes.com.ar\/principal\/wp-json\/wp\/v2\/users\/1"}],"replies":[{"embeddable":true,"href":"https:\/\/www.hoymercedes.com.ar\/principal\/wp-json\/wp\/v2\/comments?post=10025"}],"version-history":[{"count":0,"href":"https:\/\/www.hoymercedes.com.ar\/principal\/wp-json\/wp\/v2\/posts\/10025\/revisions"}],"wp:attachment":[{"href":"https:\/\/www.hoymercedes.com.ar\/principal\/wp-json\/wp\/v2\/media?parent=10025"}],"wp:term":[{"taxonomy":"category","embeddable":true,"href":"https:\/\/www.hoymercedes.com.ar\/principal\/wp-json\/wp\/v2\/categories?post=10025"},{"taxonomy":"post_tag","embeddable":true,"href":"https:\/\/www.hoymercedes.com.ar\/principal\/wp-json\/wp\/v2\/tags?post=10025"}],"curies":[{"name":"wp","href":"https:\/\/api.w.org\/{rel}","templated":true}]}}