{"id":100250,"date":"2019-09-22T20:18:13","date_gmt":"2019-09-22T23:18:13","guid":{"rendered":"http:\/\/www.hoymercedes.com.ar\/principal\/?p=100250"},"modified":"2019-09-23T15:53:57","modified_gmt":"2019-09-23T18:53:57","slug":"arquitectos-realizara-la-trienal-de-arquitectura-y-urbanismo","status":"publish","type":"post","link":"https:\/\/www.hoymercedes.com.ar\/principal\/2019\/09\/22\/arquitectos-realizara-la-trienal-de-arquitectura-y-urbanismo\/","title":{"rendered":"Arquitectos realizar\u00e1 la trienal de arquitectura y urbanismo"},"content":{"rendered":"\n<p>Durante los d\u00edas\u00a0Viernes 27 y S\u00e1bado 28 de Septiembre del corriente, se llevar\u00e1\u00a0a cabo la 1\u00b0\u00a0Trienal Internacional de Arquitectura y Urbanismo, organizada\u00a0por el Distrito 5 del Colegio de Arquitectos de la Prov. de Bs As. La misma se realizar\u00e1\u00a0en las instalaciones del predio Irenaika (Fundaci\u00f3n Conciencia y Ciencia)\u00a0ubicado en la localidad de Ing. Maschwitz (calle Mendoza 299).<\/p>\n\n\n\n<p>El evento contar\u00e1\u00a0con la presencia de autoridades del Colegio De Arquitectos Distrito 5: Arq. Jorge Alberto Garc\u00eda (Presidente), Arq. Alicia Arata (Secretario), Arq. Fernanda Iparraguirre (Tesorero), y Arq. Jos\u00e9 Serpi (Delegado al Consejo Superior).<\/p>\n\n\n\n<p>A lo largo de dos jornadas se realizar\u00e1n diferentes conferencias de destacados Arquitectos y Urbanistas del \u00e1mbito nacional e Internacional. Entre ellos podemos mencionar a Arq. Marcelo Corti, Antr. Cristina Cravino, Lic. Alejandro Galliano, Geog. Patricia Pintos, Ing. Agr. Carlos Anaya, Arq. Celina Caporossi, Arq. Andr\u00e9s Borthagaray, Int. N\u00e9stor F. Romero Villada, Geog. Pablo Ciccolella, Arq. Gabrila Arias, Estudio Gruba, Arq. Javier Mendiondo, Arq. Mariano Clusellas, Arq. Fernando Martinez Nespral, Arq. Gregorio Rosenbusch, Arq. Gustavo Navone, Arq. Ramiro Meyer y Arq. Iv\u00e1n Vald\u00e9z. Tambi\u00e9n habr\u00e1 una mesa redonda sobre Concursos, integrada por los Arquitectos: Juan Flores, Valeria Del Puerto, Florencia Schnack y Milo Sessa. <\/p>\n\n\n\n<p>En el mismo marco, se realizar\u00e1 ademas la presentaci\u00f3n de los trabajos del Instituto de Estudios Urbanos del Distrito 5, se exhibir\u00e1n\u00a0tambi\u00e9n trabajos acad\u00e9micos\u00a0de diferentes universidades como as\u00ed\u00a0tambi\u00e9n\u00a0de los Concursos Internacionales organizados\u00a0por el Distrito 5 (Biblioteca Campana y Plaza de las Carretas). Como es costumbre dentro de la Trienal, tambi\u00e9n\u00a0habr\u00e1 un espacio de arte con obras de arquitectos y artistas de la regi\u00f3n\u00a0del Distrito 5. <\/p>\n\n\n\n<p>La Trienal Internacional del Distrito 5 del CAPBA\u00a0es abierta al p\u00fablico en general y se podr\u00e1 visitar de 9 a 20 hs.\u00a0 Mas informaci\u00f3n y programa completo en www.capba5.com.ar <\/p>\n\n\n\n<p><br><br><\/p>\n","protected":false},"excerpt":{"rendered":"<p>Durante los d\u00edas\u00a0Viernes 27 y S\u00e1bado 28 de Septiembre del corriente, se llevar\u00e1\u00a0a cabo la 1\u00b0\u00a0Trienal Internacional de Arquitectura y &#8230; <a title=\"Arquitectos realizar\u00e1 la trienal de arquitectura y urbanismo\" class=\"read-more\" href=\"https:\/\/www.hoymercedes.com.ar\/principal\/2019\/09\/22\/arquitectos-realizara-la-trienal-de-arquitectura-y-urbanismo\/\" aria-label=\"Leer m\u00e1s sobre Arquitectos realizar\u00e1 la trienal de arquitectura y urbanismo\">Leer m\u00e1s<\/a><\/p>\n","protected":false},"author":1,"featured_media":100258,"comment_status":"closed","ping_status":"open","sticky":false,"template":"","format":"standard","meta":{"_monsterinsights_skip_tracking":false,"_monsterinsights_sitenote_active":false,"_monsterinsights_sitenote_note":"","_monsterinsights_sitenote_category":0,"jetpack_post_was_ever_published":false,"_jetpack_newsletter_access":"","_jetpack_dont_email_post_to_subs":false,"_jetpack_newsletter_tier_id":0,"_jetpack_memberships_contains_paywalled_content":false,"_jetpack_memberships_contains_paid_content":false,"footnotes":"","jetpack_publicize_message":"","jetpack_publicize_feature_enabled":true,"jetpack_social_post_already_shared":true,"jetpack_social_options":{"image_generator_settings":{"template":"highway","default_image_id":0,"font":"","enabled":false},"version":2},"_wpas_customize_per_network":false},"categories":[8],"tags":[6816,15780],"class_list":["post-100250","post","type-post","status-publish","format-standard","has-post-thumbnail","hentry","category-sociedad","tag-colegio-de-arquitectos","tag-trienal","generate-columns","tablet-grid-50","mobile-grid-100","grid-parent","grid-50"],"jetpack_publicize_connections":[],"jetpack_featured_media_url":"https:\/\/www.hoymercedes.com.ar\/principal\/wp-content\/uploads\/2019\/09\/23-trienal-arq.png","wps_subtitle":"","jetpack_sharing_enabled":true,"_links":{"self":[{"href":"https:\/\/www.hoymercedes.com.ar\/principal\/wp-json\/wp\/v2\/posts\/100250","targetHints":{"allow":["GET"]}}],"collection":[{"href":"https:\/\/www.hoymercedes.com.ar\/principal\/wp-json\/wp\/v2\/posts"}],"about":[{"href":"https:\/\/www.hoymercedes.com.ar\/principal\/wp-json\/wp\/v2\/types\/post"}],"author":[{"embeddable":true,"href":"https:\/\/www.hoymercedes.com.ar\/principal\/wp-json\/wp\/v2\/users\/1"}],"replies":[{"embeddable":true,"href":"https:\/\/www.hoymercedes.com.ar\/principal\/wp-json\/wp\/v2\/comments?post=100250"}],"version-history":[{"count":0,"href":"https:\/\/www.hoymercedes.com.ar\/principal\/wp-json\/wp\/v2\/posts\/100250\/revisions"}],"wp:featuredmedia":[{"embeddable":true,"href":"https:\/\/www.hoymercedes.com.ar\/principal\/wp-json\/wp\/v2\/media\/100258"}],"wp:attachment":[{"href":"https:\/\/www.hoymercedes.com.ar\/principal\/wp-json\/wp\/v2\/media?parent=100250"}],"wp:term":[{"taxonomy":"category","embeddable":true,"href":"https:\/\/www.hoymercedes.com.ar\/principal\/wp-json\/wp\/v2\/categories?post=100250"},{"taxonomy":"post_tag","embeddable":true,"href":"https:\/\/www.hoymercedes.com.ar\/principal\/wp-json\/wp\/v2\/tags?post=100250"}],"curies":[{"name":"wp","href":"https:\/\/api.w.org\/{rel}","templated":true}]}}