{"id":100279,"date":"2019-09-23T16:10:15","date_gmt":"2019-09-23T19:10:15","guid":{"rendered":"http:\/\/www.hoymercedes.com.ar\/principal\/?p=100279"},"modified":"2019-09-23T15:59:13","modified_gmt":"2019-09-23T18:59:13","slug":"tres-detenidos-por-defraudacion-y-encubrimiento","status":"publish","type":"post","link":"https:\/\/www.hoymercedes.com.ar\/principal\/2019\/09\/23\/tres-detenidos-por-defraudacion-y-encubrimiento\/","title":{"rendered":"Tres detenidos por defraudaci\u00f3n  y encubrimiento"},"content":{"rendered":"\n<p>El pasado viernes se llev\u00f3 a cabo la aprehensi\u00f3n de tres personas en el marco de una investigaci\u00f3n penal preparatoria por defraudaci\u00f3n, falsa denuncia y encubrimiento. La misma surgi\u00f3 a partir de una denuncia realizada en la Delegaci\u00f3n Departamental de Investigaciones de Mercedes con asiento en Luj\u00e1n en donde una persona radic\u00f3 una denuncia por el robo agravado de mercader\u00eda en tr\u00e1nsito. Hab\u00eda manifestado ser v\u00edctima del hecho en circunstancias en que se encontraba trabajando como chofer de la empresa \u00abMolino Rawson Log\u00edstica\u00bb, conduciendo por Ruta Nacional N\u00b0 7, un cami\u00f3n marca Mercedes Benz, transportando seiscientas (600) bolsas de cincuenta (50) kilogramos de harina. <\/p>\n\n\n\n<p>La presunta v\u00edctima &nbsp;indic\u00f3 que al transitar por la mencionada Ruta\nNacional y siendo cerca de las 23:30 del d\u00eda anterior atraves\u00f3 la cabina de\npeaje de Villa Espil en direcci\u00f3n a Luj\u00e1n y a unos mil metros de all\u00ed fue\ninterceptado por delincuentes a bordo de un rodado ocupado por tres masculinos\narmados quienes lo obligaron a detener la marcha. Se\u00f1al\u00f3 que lo redujeron y\nobligaron a subir a un auto, mientras que otro comenz\u00f3 a conducir el cami\u00f3n. Luego\nde un recorrido, cerca de las 02:30 de la ma\u00f1ana del viernes lo abandonaron\nsobre la Ruta Nacional N\u00b0 7 \u201cvieja\u201d, seg\u00fan explic\u00f3. Tras ello, se habr\u00eda\nlogrado comunicar con un referente de la empresa para la cual trabaja y&nbsp; posteriormente realiz\u00f3 la denuncia. <\/p>\n\n\n\n<p>A ra\u00edz de esto, personal policial comenz\u00f3 con la investigaci\u00f3n en conjunto con la Unidad Funcional de Instrucci\u00f3n N\u00ba 9 del Departamento Judicial de Mercedes \u2013 a cargo de la Dra. Laura Cordiviola &#8211; y tras reunir distintos elementos se comenz\u00f3 a sospechar que el denunciante no era ajeno al hecho en cuesti\u00f3n.<\/p>\n\n\n\n<p>Luego de reconocerse que se trataba de una falsa\ndenuncia, se logr\u00f3 establecer que al menos dos personas m\u00e1s hab\u00edan sido\npart\u00edcipes del il\u00edcito. As\u00ed se arrib\u00f3 a otra persona, de 51 a\u00f1os quien ser\u00eda\ncompa\u00f1ero de trabajo del mismo teniendo a cargo la log\u00edstica de descarga de\nmercader\u00eda de la misma empresa, fue quien hizo que el chofer ahora imputado\nparara el cami\u00f3n y entregara la mercader\u00eda que \u201ciban a trabajar\u201d, no siendo la\nprimera vez que le instaran a entregar la carga a cambio de dinero.<\/p>\n\n\n\n<p>El segundo imputado -por el delito de\n\u201cDefraudaci\u00f3n por administraci\u00f3n infiel\u201d &#8211; fue aprehendido por efectivos\npoliciales en la localidad de Caseros donde se domicilia el sospechado.<\/p>\n\n\n\n<p>En tanto, en continuidad con elementos reunidos\nen la investigaci\u00f3n se logr\u00f3 determinar que la mercader\u00eda sustra\u00edda hab\u00eda sido\ndescargada en una panader\u00eda de la misma localidad. En ese marco se llev\u00f3 a cabo\nun allanamiento dispuesto por autonom\u00eda fiscal en la urgencia para con el\ncomercio con resultado positivo, logr\u00e1ndose encontrar cuatrocientas noventa y\nun (491) bolsas de harina de cincuenta (50) kilogramos de la misma firma. La\nmercader\u00eda hab\u00eda sido adquirida por el propietario del comercio y al\nsospecharse de que realiz\u00f3 la transacci\u00f3n a sabiendas de su procedencia il\u00edcita\ny para obtener un provecho econ\u00f3mico para su persona tambi\u00e9n fue aprehendido.\nSe trata de un comerciante de 68 a\u00f1os, el cual fue imputado del delito de\n\u201cEncubrimiento agravado por el \u00e1nimo de lucro\u201d.<\/p>\n\n\n\n<p>En tanto, el chofer del cami\u00f3n (de 58 a\u00f1os) qued\u00f3\nimputado por los delitos de \u201cFalsa denuncia en concurso real con defraudaci\u00f3n\npor administraci\u00f3n infiel\u201d, en calidad de autor.<\/p>\n\n\n\n<p>Los tres imputados comparecieron ante la agente fiscal a cargo\u00a0\u00a0 en el marco de la audiencia de declaraci\u00f3n en los t\u00e9rminos del art. 308 del C\u00f3digo Procesal Penal el pasado s\u00e1bado. Todas las actuaciones fueron notificadas al Juzgado de Garant\u00edas N\u00ba 3.<\/p>\n","protected":false},"excerpt":{"rendered":"<p>El pasado viernes se llev\u00f3 a cabo la aprehensi\u00f3n de tres personas en el marco de una investigaci\u00f3n penal preparatoria &#8230; <a title=\"Tres detenidos por defraudaci\u00f3n  y encubrimiento\" class=\"read-more\" href=\"https:\/\/www.hoymercedes.com.ar\/principal\/2019\/09\/23\/tres-detenidos-por-defraudacion-y-encubrimiento\/\" aria-label=\"Leer m\u00e1s sobre Tres detenidos por defraudaci\u00f3n  y encubrimiento\">Leer m\u00e1s<\/a><\/p>\n","protected":false},"author":1,"featured_media":99825,"comment_status":"closed","ping_status":"open","sticky":false,"template":"","format":"standard","meta":{"_monsterinsights_skip_tracking":false,"_monsterinsights_sitenote_active":false,"_monsterinsights_sitenote_note":"","_monsterinsights_sitenote_category":0,"jetpack_post_was_ever_published":false,"_jetpack_newsletter_access":"","_jetpack_dont_email_post_to_subs":false,"_jetpack_newsletter_tier_id":0,"_jetpack_memberships_contains_paywalled_content":false,"_jetpack_memberships_contains_paid_content":false,"footnotes":"","jetpack_publicize_message":"","jetpack_publicize_feature_enabled":true,"jetpack_social_post_already_shared":true,"jetpack_social_options":{"image_generator_settings":{"template":"highway","default_image_id":0,"font":"","enabled":false},"version":2},"_wpas_customize_per_network":false},"categories":[85],"tags":[86,96,1803,1057],"class_list":["post-100279","post","type-post","status-publish","format-standard","has-post-thumbnail","hentry","category-policial","tag-lujan","tag-policial-2","tag-provincia","tag-regional","generate-columns","tablet-grid-50","mobile-grid-100","grid-parent","grid-50"],"jetpack_publicize_connections":[],"jetpack_featured_media_url":"https:\/\/www.hoymercedes.com.ar\/principal\/wp-content\/uploads\/2019\/09\/14-policial-lujan.jpg","wps_subtitle":"Regional","jetpack_sharing_enabled":true,"_links":{"self":[{"href":"https:\/\/www.hoymercedes.com.ar\/principal\/wp-json\/wp\/v2\/posts\/100279","targetHints":{"allow":["GET"]}}],"collection":[{"href":"https:\/\/www.hoymercedes.com.ar\/principal\/wp-json\/wp\/v2\/posts"}],"about":[{"href":"https:\/\/www.hoymercedes.com.ar\/principal\/wp-json\/wp\/v2\/types\/post"}],"author":[{"embeddable":true,"href":"https:\/\/www.hoymercedes.com.ar\/principal\/wp-json\/wp\/v2\/users\/1"}],"replies":[{"embeddable":true,"href":"https:\/\/www.hoymercedes.com.ar\/principal\/wp-json\/wp\/v2\/comments?post=100279"}],"version-history":[{"count":0,"href":"https:\/\/www.hoymercedes.com.ar\/principal\/wp-json\/wp\/v2\/posts\/100279\/revisions"}],"wp:featuredmedia":[{"embeddable":true,"href":"https:\/\/www.hoymercedes.com.ar\/principal\/wp-json\/wp\/v2\/media\/99825"}],"wp:attachment":[{"href":"https:\/\/www.hoymercedes.com.ar\/principal\/wp-json\/wp\/v2\/media?parent=100279"}],"wp:term":[{"taxonomy":"category","embeddable":true,"href":"https:\/\/www.hoymercedes.com.ar\/principal\/wp-json\/wp\/v2\/categories?post=100279"},{"taxonomy":"post_tag","embeddable":true,"href":"https:\/\/www.hoymercedes.com.ar\/principal\/wp-json\/wp\/v2\/tags?post=100279"}],"curies":[{"name":"wp","href":"https:\/\/api.w.org\/{rel}","templated":true}]}}