{"id":10033,"date":"2011-12-23T02:42:03","date_gmt":"2011-12-23T02:42:03","guid":{"rendered":"http:\/\/www.hoymercedes.com.ar\/principal\/?p=10033"},"modified":"2011-12-23T04:04:21","modified_gmt":"2011-12-23T04:04:21","slug":"diputados-socialistas-en-reunion-seccional-en-mercedes","status":"publish","type":"post","link":"https:\/\/www.hoymercedes.com.ar\/principal\/2011\/12\/23\/diputados-socialistas-en-reunion-seccional-en-mercedes\/","title":{"rendered":"Diputados Socialistas en reuni\u00f3n seccional en Mercedes"},"content":{"rendered":"<figure id=\"attachment_10035\" aria-describedby=\"caption-attachment-10035\" style=\"width: 602px\" class=\"wp-caption aligncenter\"><a href=\"https:\/\/www.hoymercedes.com.ar\/principal\/wp-content\/uploads\/2011\/12\/ParitdoSocialista-Reuni\u00f3nMercedes.jpg\"><img loading=\"lazy\" decoding=\"async\" data-attachment-id=\"10035\" data-permalink=\"https:\/\/www.hoymercedes.com.ar\/principal\/2011\/12\/23\/diputados-socialistas-en-reunion-seccional-en-mercedes\/olympus-digital-camera-7\/#main\" data-orig-file=\"https:\/\/www.hoymercedes.com.ar\/principal\/wp-content\/uploads\/2011\/12\/ParitdoSocialista-Reuni\u00f3nMercedes.jpg\" data-orig-size=\"612,459\" data-comments-opened=\"1\" data-image-meta=\"{&quot;aperture&quot;:&quot;2.8&quot;,&quot;credit&quot;:&quot;&quot;,&quot;camera&quot;:&quot;FE15,X10&quot;,&quot;caption&quot;:&quot;&quot;,&quot;created_timestamp&quot;:&quot;948477274&quot;,&quot;copyright&quot;:&quot;&quot;,&quot;focal_length&quot;:&quot;5.8&quot;,&quot;iso&quot;:&quot;64&quot;,&quot;shutter_speed&quot;:&quot;0.033333333333333&quot;,&quot;title&quot;:&quot;OLYMPUS DIGITAL CAMERA&quot;}\" data-image-title=\"Diputados Socialistas en Mercedes\" data-image-description=\"&lt;p&gt;Diputados Socialistas en Mercedes&lt;\/p&gt;\n\" data-image-caption=\"&lt;p&gt;Diputados Socialistas en Mercedes&lt;\/p&gt;\n\" data-large-file=\"https:\/\/www.hoymercedes.com.ar\/principal\/wp-content\/uploads\/2011\/12\/ParitdoSocialista-Reuni\u00f3nMercedes.jpg\" class=\"size-full wp-image-10035\" title=\"Diputados Socialistas en Mercedes\" src=\"https:\/\/www.hoymercedes.com.ar\/principal\/wp-content\/uploads\/2011\/12\/ParitdoSocialista-Reuni\u00f3nMercedes.jpg\" alt=\"Diputados Socialistas en Mercedes\" width=\"612\" height=\"459\" \/><\/a><figcaption id=\"caption-attachment-10035\" class=\"wp-caption-text\">Diputados Socialistas en Mercedes<\/figcaption><\/figure>\n<p>El pasado s\u00e1bado 17 de diciembre, en la Casa del Pueblo del Centro Socialista de Mercedes, se llev\u00f3 adelante la ultima reuni\u00f3n del a\u00f1o de la comisi\u00f3n directiva de la primera secci\u00f3n electoral del Partido Socialista, contando con un representante por cada uno de los distrito de la secci\u00f3n y que fuera organizada por los militantes locales, con el objetivo de realizar un balance sobre el trabajo desarrollado durante el a\u00f1o, el resultado de las elecciones y comenzar a planificar las actividades internas para el a\u00f1o que comienza. Tambi\u00e9n se hicieron presentes el Diputado Nacional reelecto Ricardo Cuccovillo, en representaci\u00f3n del Comit\u00e9 Nacional y el Diputado Provincial electo por la primera secci\u00f3n Ricardo Vago, quienes expusieron la metodolog\u00eda de trabajo legislativo a desarrollar en los pr\u00f3ximos cuatro a\u00f1os, tanto a nivel provincial como nacional de todos los diputados electos en las elecciones de octubre.-<\/p>\n<p>La reuni\u00f3n comenz\u00f3 con un almuerzo de camarader\u00eda, luego se realiz\u00f3 un an\u00e1lisis sint\u00e9tico de cada uno de los distritos respecto a los resultados electorales para darle prioridad a un debate pol\u00edtico sobre que tipo de partido queremos desarrollar y como vamos a encarar el 2012 como Partido Socialista dentro del Frente Amplio Progresista, que ser\u00e1 la raz\u00f3n de un encuentro de formaci\u00f3n pol\u00edtica concretada para el mes de abril del a\u00f1o que viene. Este punto fue el mas que mas tiempo de trabajo llevo, ya que desde el centro Socialista de Mercedes se planteo la necesidad de acercamiento en la toma de decisiones entre las autoridades provinciales y nacionales y los centros socialistas, ya que son estos los que militan diariamente en las diferentes ciudades y quienes desarrollan territorialmente al partido.<\/p>\n<p>Tambi\u00e9n se formaliz\u00f3 un grupo de trabajo legislativo que, por un lado acompa\u00f1aran al diputado provincial electo, y que a su vez ser\u00e1 un espacio de permanente consulta para los distritos que tengan inter\u00e9s en presentar diferentes proyectos de ordenanzas.<\/p>\n<p>Por ultimo se debati\u00f3 sobre las elecciones internas que se desarrollan el pr\u00f3ximo a\u00f1o y que hasta el momento se han acordado una nueva conducci\u00f3n de unidad en el Partido Socialista de la Provincia de Buenos Aires. El diputado nacional Ricardo Cuccovillo, asumi\u00f3 como Secretario General del partido. As\u00ed, el socialismo provincial avanza en la consolidaci\u00f3n de la unidad partidaria al consagrar una sola lista de autoridades provinciales. La n\u00f3mina la encabeza Ricardo Cuccovillo como Secretario General y la integran, entre otros, Francisco Morea, candidato a vice Gobernador del Frente Amplio Progresista y el actual Diputado Provincial Carlos Nivio, apoyada por los diputados provinciales electos Ricardo Vago y Alfredo Lazzaretti. Esta nueva Junta Ejecutiva tendr\u00e1 la responsabilidad de conducir los destinos del Partido Socialista de la Provincia en la etapa de consolidaci\u00f3n y crecimiento del Frente Amplio Progresista.<\/p>\n<p>Con la ratificaci\u00f3n de la Diputaci\u00f3n Nacional y la incorporaci\u00f3n de bancas provinciales y concejal\u00edas en toda la Provincia, la nueva conducci\u00f3n del Socialismo tendr\u00e1 como principal objetivo reafirmar su expansi\u00f3n para impulsar el crecimiento en Buenos Aires del Frente Amplio Progresista, acompa\u00f1ando a su mayor referente: Hermes Binner.<\/p>\n<p>Con esta reuni\u00f3n se cerraron heridas internas que nuestro centro Socialista local ten\u00eda con las autoridades, ya que durante mas de dos a\u00f1os y mientras el PS trabajaba en conjunto con la UCR, desde Mercedes impulsabamos la necesidad de construir un frente de liberaci\u00f3n nacional que no contara con ninguna de las dos caras del bipartidismo, siendo impulsores de debates ideol\u00f3gicos en distintos niveles de la vida partidaria, para lograr lo que hoy es el Frente Amplio Progresista y continuando el llamamiento de unidad de todas las fuerzas del campo popular y planificando para los primeros meses una fuerte campa\u00f1a de propaganda y afiliaci\u00f3n .<\/p>\n<p><span style=\"color: #888888;\">Fuente: PARTIDO SOCIALISTA MERCEDES<\/span><\/p>\n","protected":false},"excerpt":{"rendered":"<p>El pasado s\u00e1bado 17 de diciembre, en la Casa del Pueblo del Centro Socialista de Mercedes, se llev\u00f3 adelante la &#8230; <a title=\"Diputados Socialistas en reuni\u00f3n seccional en Mercedes\" class=\"read-more\" href=\"https:\/\/www.hoymercedes.com.ar\/principal\/2011\/12\/23\/diputados-socialistas-en-reunion-seccional-en-mercedes\/\" aria-label=\"Leer m\u00e1s sobre Diputados Socialistas en reuni\u00f3n seccional en Mercedes\">Leer m\u00e1s<\/a><\/p>\n","protected":false},"author":1,"featured_media":0,"comment_status":"open","ping_status":"open","sticky":false,"template":"","format":"standard","meta":{"_monsterinsights_skip_tracking":false,"_monsterinsights_sitenote_active":false,"_monsterinsights_sitenote_note":"","_monsterinsights_sitenote_category":0,"jetpack_post_was_ever_published":false,"_jetpack_newsletter_access":"","_jetpack_dont_email_post_to_subs":false,"_jetpack_newsletter_tier_id":0,"_jetpack_memberships_contains_paywalled_content":false,"_jetpack_memberships_contains_paid_content":false,"footnotes":"","jetpack_publicize_message":"","jetpack_publicize_feature_enabled":true,"jetpack_social_post_already_shared":false,"jetpack_social_options":{"image_generator_settings":{"template":"highway","default_image_id":0,"font":"","enabled":false},"version":2},"_wpas_customize_per_network":false},"categories":[5],"tags":[1740],"class_list":["post-10033","post","type-post","status-publish","format-standard","hentry","category-politica","tag-diputados-socialistas-en-mercedes","generate-columns","tablet-grid-50","mobile-grid-100","grid-parent","grid-50"],"jetpack_publicize_connections":[],"jetpack_featured_media_url":"","wps_subtitle":"","jetpack_sharing_enabled":true,"_links":{"self":[{"href":"https:\/\/www.hoymercedes.com.ar\/principal\/wp-json\/wp\/v2\/posts\/10033","targetHints":{"allow":["GET"]}}],"collection":[{"href":"https:\/\/www.hoymercedes.com.ar\/principal\/wp-json\/wp\/v2\/posts"}],"about":[{"href":"https:\/\/www.hoymercedes.com.ar\/principal\/wp-json\/wp\/v2\/types\/post"}],"author":[{"embeddable":true,"href":"https:\/\/www.hoymercedes.com.ar\/principal\/wp-json\/wp\/v2\/users\/1"}],"replies":[{"embeddable":true,"href":"https:\/\/www.hoymercedes.com.ar\/principal\/wp-json\/wp\/v2\/comments?post=10033"}],"version-history":[{"count":0,"href":"https:\/\/www.hoymercedes.com.ar\/principal\/wp-json\/wp\/v2\/posts\/10033\/revisions"}],"wp:attachment":[{"href":"https:\/\/www.hoymercedes.com.ar\/principal\/wp-json\/wp\/v2\/media?parent=10033"}],"wp:term":[{"taxonomy":"category","embeddable":true,"href":"https:\/\/www.hoymercedes.com.ar\/principal\/wp-json\/wp\/v2\/categories?post=10033"},{"taxonomy":"post_tag","embeddable":true,"href":"https:\/\/www.hoymercedes.com.ar\/principal\/wp-json\/wp\/v2\/tags?post=10033"}],"curies":[{"name":"wp","href":"https:\/\/api.w.org\/{rel}","templated":true}]}}