{"id":100388,"date":"2019-09-25T12:38:51","date_gmt":"2019-09-25T15:38:51","guid":{"rendered":"http:\/\/www.hoymercedes.com.ar\/principal\/?p=100388"},"modified":"2019-09-25T15:46:29","modified_gmt":"2019-09-25T18:46:29","slug":"el-retutu-canto-en-la-unidad-n-5","status":"publish","type":"post","link":"https:\/\/www.hoymercedes.com.ar\/principal\/2019\/09\/25\/el-retutu-canto-en-la-unidad-n-5\/","title":{"rendered":"El Retutu cant\u00f3 en la Unidad N\u00b0 5"},"content":{"rendered":"\n<p>El conocido cantante de cumbia\u00a0\u201cEl Retutu\u201d con su grupo, act\u00fao en viernes 20, en el SUM de la Unidad , en el marco del \u201cD\u00eda del Estudiante\u201d, para m\u00e1s de 200 internos e internas que asisten a alguna de los niveles educativos como estimulo por sus estudios.<\/p>\n\n\n\n<figure class=\"wp-block-image\"><img loading=\"lazy\" decoding=\"async\" width=\"800\" height=\"444\" data-attachment-id=\"100390\" data-permalink=\"https:\/\/www.hoymercedes.com.ar\/principal\/2019\/09\/25\/el-retutu-canto-en-la-unidad-n-5\/25-carcel-retutu-2\/#main\" data-orig-file=\"https:\/\/www.hoymercedes.com.ar\/principal\/wp-content\/uploads\/2019\/09\/25-carcel-retutu-2.jpg\" data-orig-size=\"800,444\" data-comments-opened=\"0\" data-image-meta=\"{&quot;aperture&quot;:&quot;2.2&quot;,&quot;credit&quot;:&quot;&quot;,&quot;camera&quot;:&quot;TRT-LX3&quot;,&quot;caption&quot;:&quot;&quot;,&quot;created_timestamp&quot;:&quot;1568993159&quot;,&quot;copyright&quot;:&quot;&quot;,&quot;focal_length&quot;:&quot;3.83&quot;,&quot;iso&quot;:&quot;159&quot;,&quot;shutter_speed&quot;:&quot;0.033333336&quot;,&quot;title&quot;:&quot;&quot;,&quot;orientation&quot;:&quot;0&quot;}\" data-image-title=\"25 carcel retutu 2\" data-image-description=\"\" data-image-caption=\"\" data-large-file=\"https:\/\/www.hoymercedes.com.ar\/principal\/wp-content\/uploads\/2019\/09\/25-carcel-retutu-2.jpg\" src=\"https:\/\/www.hoymercedes.com.ar\/principal\/wp-content\/uploads\/2019\/09\/25-carcel-retutu-2.jpg\" alt=\"\" class=\"wp-image-100390\" srcset=\"https:\/\/www.hoymercedes.com.ar\/principal\/wp-content\/uploads\/2019\/09\/25-carcel-retutu-2.jpg 800w, https:\/\/www.hoymercedes.com.ar\/principal\/wp-content\/uploads\/2019\/09\/25-carcel-retutu-2-150x83.jpg 150w, https:\/\/www.hoymercedes.com.ar\/principal\/wp-content\/uploads\/2019\/09\/25-carcel-retutu-2-630x350.jpg 630w\" sizes=\"auto, (max-width: 800px) 100vw, 800px\" \/><\/figure>\n\n\n\n<p>El recital dur\u00f3 m\u00e1s de una hora, al ritmo de todas las canciones y comentarios animados que iban realizando, como as\u00ed tambi\u00e9n fueron interactuando con el publico en todo momento, generando un excelente clima de respeto y alegr\u00eda.<\/p>\n\n\n\n<p><strong>Gast\u00f3n Villagra<\/strong>, es el l\u00edder de la banda que hace cumbia fusi\u00f3n, con varios hits muy conocidos como \u201cHoy volv\u00ed a verte\u201d, \u201cPa` que mueva la cocina\u201d, \u201ctraici\u00f3n\u201d y \u201cmam\u00e1 luchona\u201d entre otras. Tambi\u00e9n realiza trabajo social, y tiene dos comedores a su cargo y colabora con otros dos, adem\u00e1s de realizar\u00a0\u00a0eventos gratuitos por diversos lugares, como cantar en las c\u00e1rceles, festejar el d\u00eda del ni\u00f1o \u00f3 actuar para personas con discapacidad.<\/p>\n\n\n\n<p>Consultado por estos temas y por la visita a la Unidad de Mercedes dijo: \u201cme da satisfacci\u00f3n hacer estas actividades por el otro, hace pocos d\u00edas viv\u00ed una situaci\u00f3n sumamente movilizadora cuando en una fiesta para personas con capacidades diferentes, una chica en silla de ruedas y con dificultades para hablar y me sac\u00f3 el micr\u00f3fono para cantar y ped\u00eda palmas animando a los dem\u00e1s, eso para mi es impresionante\u201d. Con respecto a la Unidad expreso, \u201ccreo que las personas privadas de la libertad, tienen que tener una distracci\u00f3n como \u00e9sta, salir por un rato de la vida de detenci\u00f3n,&nbsp;&nbsp;ver que hay otro camino, y que como me pasa a m\u00ed, siempre se lucha, todos los d\u00edas. Adem\u00e1s, destaco en varias oportunidades las obras de teatro que vieron y comento, que son los temas tratados son los problemas reales que tienen hoy.<\/p>\n\n\n\n<p>Como parte del evento tambi\u00e9n se realiz\u00f3 una muestra m\u00e1s de&nbsp;<strong>\u201cArte Sin Muros\u201d<\/strong>, donde el grupo de teatro compuesto por internos que presentaron las obras \u201cEl Colombiano\u201d y \u201cLa vieja chusma\u201d, ambas escritas por ellos. La tem\u00e1tica de la primera es la discriminaci\u00f3n y la violencia de genero y la segunda los problemas sociales de los j\u00f3venes como droga y prostituci\u00f3n, culminando las dos con una reflexi\u00f3n, siendo muy aplaudidas ya que llevan del humor al pensamiento critico.<\/p>\n\n\n\n<p>En Sal\u00f3n de Usos M\u00faltiples se encontraban el Director de la Unidad Pablo Gregorini, junto al personal de las distintas Secciones, el Director de la Escuela Primaria Eduardo Pisoni, y docentes y profesores de los tres niveles educativos que tiene la Unidad.<\/p>\n\n\n\n<p>Fuente: Prensa U5<\/p>\n\n\n\n<figure class=\"wp-block-image\"><img loading=\"lazy\" decoding=\"async\" width=\"800\" height=\"598\" data-attachment-id=\"100389\" data-permalink=\"https:\/\/www.hoymercedes.com.ar\/principal\/2019\/09\/25\/el-retutu-canto-en-la-unidad-n-5\/25-carcel-retutu-1\/#main\" data-orig-file=\"https:\/\/www.hoymercedes.com.ar\/principal\/wp-content\/uploads\/2019\/09\/25-carcel-retutu-1.jpg\" data-orig-size=\"800,598\" data-comments-opened=\"0\" data-image-meta=\"{&quot;aperture&quot;:&quot;0&quot;,&quot;credit&quot;:&quot;&quot;,&quot;camera&quot;:&quot;&quot;,&quot;caption&quot;:&quot;&quot;,&quot;created_timestamp&quot;:&quot;0&quot;,&quot;copyright&quot;:&quot;&quot;,&quot;focal_length&quot;:&quot;0&quot;,&quot;iso&quot;:&quot;0&quot;,&quot;shutter_speed&quot;:&quot;0&quot;,&quot;title&quot;:&quot;&quot;,&quot;orientation&quot;:&quot;0&quot;}\" data-image-title=\"25 carcel retutu 1\" data-image-description=\"\" data-image-caption=\"\" data-large-file=\"https:\/\/www.hoymercedes.com.ar\/principal\/wp-content\/uploads\/2019\/09\/25-carcel-retutu-1.jpg\" src=\"https:\/\/www.hoymercedes.com.ar\/principal\/wp-content\/uploads\/2019\/09\/25-carcel-retutu-1.jpg\" alt=\"\" class=\"wp-image-100389\" srcset=\"https:\/\/www.hoymercedes.com.ar\/principal\/wp-content\/uploads\/2019\/09\/25-carcel-retutu-1.jpg 800w, https:\/\/www.hoymercedes.com.ar\/principal\/wp-content\/uploads\/2019\/09\/25-carcel-retutu-1-150x112.jpg 150w, https:\/\/www.hoymercedes.com.ar\/principal\/wp-content\/uploads\/2019\/09\/25-carcel-retutu-1-630x471.jpg 630w, https:\/\/www.hoymercedes.com.ar\/principal\/wp-content\/uploads\/2019\/09\/25-carcel-retutu-1-320x240.jpg 320w, https:\/\/www.hoymercedes.com.ar\/principal\/wp-content\/uploads\/2019\/09\/25-carcel-retutu-1-100x75.jpg 100w\" sizes=\"auto, (max-width: 800px) 100vw, 800px\" \/><\/figure>\n","protected":false},"excerpt":{"rendered":"<p>El conocido cantante de cumbia\u00a0\u201cEl Retutu\u201d con su grupo, act\u00fao en viernes 20, en el SUM de la Unidad , &#8230; <a title=\"El Retutu cant\u00f3 en la Unidad N\u00b0 5\" class=\"read-more\" href=\"https:\/\/www.hoymercedes.com.ar\/principal\/2019\/09\/25\/el-retutu-canto-en-la-unidad-n-5\/\" aria-label=\"Leer m\u00e1s sobre El Retutu cant\u00f3 en la Unidad N\u00b0 5\">Leer m\u00e1s<\/a><\/p>\n","protected":false},"author":1,"featured_media":100390,"comment_status":"closed","ping_status":"open","sticky":false,"template":"","format":"standard","meta":{"_monsterinsights_skip_tracking":false,"_monsterinsights_sitenote_active":false,"_monsterinsights_sitenote_note":"","_monsterinsights_sitenote_category":0,"jetpack_post_was_ever_published":false,"_jetpack_newsletter_access":"","_jetpack_dont_email_post_to_subs":false,"_jetpack_newsletter_tier_id":0,"_jetpack_memberships_contains_paywalled_content":false,"_jetpack_memberships_contains_paid_content":false,"footnotes":"","jetpack_publicize_message":"","jetpack_publicize_feature_enabled":true,"jetpack_social_post_already_shared":true,"jetpack_social_options":{"image_generator_settings":{"template":"highway","default_image_id":0,"font":"","enabled":false},"version":2},"_wpas_customize_per_network":false},"categories":[8],"tags":[1011,1002,9002],"class_list":["post-100388","post","type-post","status-publish","format-standard","has-post-thumbnail","hentry","category-sociedad","tag-carcel","tag-dia-de-la-primavera","tag-unidad-n-5","generate-columns","tablet-grid-50","mobile-grid-100","grid-parent","grid-50"],"jetpack_publicize_connections":[],"jetpack_featured_media_url":"https:\/\/www.hoymercedes.com.ar\/principal\/wp-content\/uploads\/2019\/09\/25-carcel-retutu-2.jpg","wps_subtitle":"","jetpack_sharing_enabled":true,"_links":{"self":[{"href":"https:\/\/www.hoymercedes.com.ar\/principal\/wp-json\/wp\/v2\/posts\/100388","targetHints":{"allow":["GET"]}}],"collection":[{"href":"https:\/\/www.hoymercedes.com.ar\/principal\/wp-json\/wp\/v2\/posts"}],"about":[{"href":"https:\/\/www.hoymercedes.com.ar\/principal\/wp-json\/wp\/v2\/types\/post"}],"author":[{"embeddable":true,"href":"https:\/\/www.hoymercedes.com.ar\/principal\/wp-json\/wp\/v2\/users\/1"}],"replies":[{"embeddable":true,"href":"https:\/\/www.hoymercedes.com.ar\/principal\/wp-json\/wp\/v2\/comments?post=100388"}],"version-history":[{"count":0,"href":"https:\/\/www.hoymercedes.com.ar\/principal\/wp-json\/wp\/v2\/posts\/100388\/revisions"}],"wp:featuredmedia":[{"embeddable":true,"href":"https:\/\/www.hoymercedes.com.ar\/principal\/wp-json\/wp\/v2\/media\/100390"}],"wp:attachment":[{"href":"https:\/\/www.hoymercedes.com.ar\/principal\/wp-json\/wp\/v2\/media?parent=100388"}],"wp:term":[{"taxonomy":"category","embeddable":true,"href":"https:\/\/www.hoymercedes.com.ar\/principal\/wp-json\/wp\/v2\/categories?post=100388"},{"taxonomy":"post_tag","embeddable":true,"href":"https:\/\/www.hoymercedes.com.ar\/principal\/wp-json\/wp\/v2\/tags?post=100388"}],"curies":[{"name":"wp","href":"https:\/\/api.w.org\/{rel}","templated":true}]}}