{"id":100392,"date":"2019-09-25T16:19:46","date_gmt":"2019-09-25T19:19:46","guid":{"rendered":"http:\/\/www.hoymercedes.com.ar\/principal\/?p=100392"},"modified":"2019-09-28T11:21:52","modified_gmt":"2019-09-28T14:21:52","slug":"por-que-defendemos-al-arroyo-balta","status":"publish","type":"post","link":"https:\/\/www.hoymercedes.com.ar\/principal\/2019\/09\/25\/por-que-defendemos-al-arroyo-balta\/","title":{"rendered":"\u00bfPor qu\u00e9 defendemos al arroyo Balta ?"},"content":{"rendered":"\n<p>Por S.O.S. H\u00e1bitat &#8211; Ante el estado actual de abandono por parte de las autoridades competentes y de la sociedad en general, del predio conocido como \u00bb Reserva natural del arroyo Balta\u00bb, planteamos los argumentos siguientes a fin de dar respuesta al interrogante: \u00bf Por qu\u00e9 defendemos al arroyo Balta? <\/p>\n\n\n\n<p>Argumentos paleontol\u00f3gicos:\u00a0Pose\u00e9 un reservorio de f\u00f3siles que vivieron en ese lugar y en la excavaci\u00f3n para la ruta 5 se descubrieron. Qued\u00f3 la confirmaci\u00f3n de ese important\u00edsimo hallazgo que deber\u00eda ser material para ser trabajado por nuestro Museo de Ciencias naturales &#8216; Carlos Ameghino&#8217;.<\/p>\n\n\n\n<p>Argumentos geol\u00f3gicos: A causa de dicha excavaci\u00f3n quedaron al descubierto sedimentos pampeanos constitutivos de nuestro subsuelo. Este feliz accidente, producto del azar provee a alumnos, docentes y estudiosos en general, la vivencia en directo de c\u00f3mo era el ambiente en la zona que hoy habitamos hace aproximadamente 8.500 a\u00f1os ( final del Pleistoceno).<\/p>\n\n\n\n<p>Argumentos tur\u00edsticos-recreativos: Las cavas provocadas por la extracci\u00f3n de tierra para la realizaci\u00f3n de la ruta fueron enriquecidas por el hallazgo de fauna que hacen de esos espejos de agua y de sus inmediaciones , el lugar perfecto para convertirlo en Reserva natural. Un lugar de recreaci\u00f3n y educaci\u00f3n para convecinos y visitantes.<\/p>\n\n\n\n<p>Desde hace m\u00e1s de diez a\u00f1os\u00a0 se viene exigiendo el cuidado del predio debido a los argumentos ya esgrimidos. La situaci\u00f3n actual es lamentable:\u00a0 basura, pastizales quemados, alambrados que un particular coloc\u00f3\u00a0 para que circule ganado vacuno.\u00a0Otras ciudades han aprovechado predios similares y con creatividad, esfuerzo y dedicaci\u00f3n, los han podido valorar.\u00a0\u00bfCu\u00e1ndo ser\u00e1 el tiempo de Mercedes?<\/p>\n","protected":false},"excerpt":{"rendered":"<p>Por S.O.S. H\u00e1bitat &#8211; Ante el estado actual de abandono por parte de las autoridades competentes y de la sociedad &#8230; <a title=\"\u00bfPor qu\u00e9 defendemos al arroyo Balta ?\" class=\"read-more\" href=\"https:\/\/www.hoymercedes.com.ar\/principal\/2019\/09\/25\/por-que-defendemos-al-arroyo-balta\/\" aria-label=\"Leer m\u00e1s sobre \u00bfPor qu\u00e9 defendemos al arroyo Balta ?\">Leer m\u00e1s<\/a><\/p>\n","protected":false},"author":1,"featured_media":100393,"comment_status":"closed","ping_status":"open","sticky":false,"template":"","format":"standard","meta":{"_monsterinsights_skip_tracking":false,"_monsterinsights_sitenote_active":false,"_monsterinsights_sitenote_note":"","_monsterinsights_sitenote_category":0,"jetpack_post_was_ever_published":false,"_jetpack_newsletter_access":"","_jetpack_dont_email_post_to_subs":false,"_jetpack_newsletter_tier_id":0,"_jetpack_memberships_contains_paywalled_content":false,"_jetpack_memberships_contains_paid_content":false,"footnotes":"","jetpack_publicize_message":"","jetpack_publicize_feature_enabled":true,"jetpack_social_post_already_shared":true,"jetpack_social_options":{"image_generator_settings":{"template":"highway","default_image_id":0,"font":"","enabled":false},"version":2},"_wpas_customize_per_network":false},"categories":[1],"tags":[43,8748,887],"class_list":["post-100392","post","type-post","status-publish","format-standard","has-post-thumbnail","hentry","category-opinion","tag-medio-ambiente","tag-opinion","tag-sos-habitat","generate-columns","tablet-grid-50","mobile-grid-100","grid-parent","grid-50"],"jetpack_publicize_connections":[],"jetpack_featured_media_url":"https:\/\/www.hoymercedes.com.ar\/principal\/wp-content\/uploads\/2019\/09\/25-balta.jpg","wps_subtitle":"Educaci\u00f3n ambiental","jetpack_sharing_enabled":true,"_links":{"self":[{"href":"https:\/\/www.hoymercedes.com.ar\/principal\/wp-json\/wp\/v2\/posts\/100392","targetHints":{"allow":["GET"]}}],"collection":[{"href":"https:\/\/www.hoymercedes.com.ar\/principal\/wp-json\/wp\/v2\/posts"}],"about":[{"href":"https:\/\/www.hoymercedes.com.ar\/principal\/wp-json\/wp\/v2\/types\/post"}],"author":[{"embeddable":true,"href":"https:\/\/www.hoymercedes.com.ar\/principal\/wp-json\/wp\/v2\/users\/1"}],"replies":[{"embeddable":true,"href":"https:\/\/www.hoymercedes.com.ar\/principal\/wp-json\/wp\/v2\/comments?post=100392"}],"version-history":[{"count":0,"href":"https:\/\/www.hoymercedes.com.ar\/principal\/wp-json\/wp\/v2\/posts\/100392\/revisions"}],"wp:featuredmedia":[{"embeddable":true,"href":"https:\/\/www.hoymercedes.com.ar\/principal\/wp-json\/wp\/v2\/media\/100393"}],"wp:attachment":[{"href":"https:\/\/www.hoymercedes.com.ar\/principal\/wp-json\/wp\/v2\/media?parent=100392"}],"wp:term":[{"taxonomy":"category","embeddable":true,"href":"https:\/\/www.hoymercedes.com.ar\/principal\/wp-json\/wp\/v2\/categories?post=100392"},{"taxonomy":"post_tag","embeddable":true,"href":"https:\/\/www.hoymercedes.com.ar\/principal\/wp-json\/wp\/v2\/tags?post=100392"}],"curies":[{"name":"wp","href":"https:\/\/api.w.org\/{rel}","templated":true}]}}