{"id":100422,"date":"2019-09-26T07:30:38","date_gmt":"2019-09-26T10:30:38","guid":{"rendered":"http:\/\/www.hoymercedes.com.ar\/principal\/?p=100422"},"modified":"2019-09-28T11:21:02","modified_gmt":"2019-09-28T14:21:02","slug":"como-desarrollar-una-educacion-para-el-desarrollo-sostenible-para-docentes","status":"publish","type":"post","link":"https:\/\/www.hoymercedes.com.ar\/principal\/2019\/09\/26\/como-desarrollar-una-educacion-para-el-desarrollo-sostenible-para-docentes\/","title":{"rendered":"Como desarrollar una educaci\u00f3n para el desarrollo sostenible para docentes"},"content":{"rendered":"\n<p>Cristi\u00e1n Frers* &#8211; \u00abTodo lo que le ocurra a la tierra, le ocurrir\u00e1 a los hijos de la tierra\u00bb. Actualmente el Planeta Tierra se encuentra sumergido en un mar de problemas ambientales, derivados de las distintas formas de vida, que el hombre\u00a0 adopt\u00f3 a lo largo de la historia. <\/p>\n\n\n\n<p>El ser humano siempre\u00a0 necesit\u00f3 de la naturaleza para sobrevivir y por ello\u00a0 explot\u00f3 los recursos naturales, la mayor\u00eda de las veces en una forma irracional, dando origen a la aparici\u00f3n de una serie de graves problemas que preocupan cada d\u00eda m\u00e1s a la poblaci\u00f3n. Estas amenazas para el entorno no siempre se solucionan con grandes medidas tomadas a nivel de Estado sino con peque\u00f1as aportaciones individuales, \u00a0trabajando localmente, pensando globalmente.\u00a0 <\/p>\n\n\n\n<p>El\nconcepto de educaci\u00f3n ambiental&nbsp; se transform\u00f3 y perfeccion\u00f3 con los\naportes de cient\u00edficos y expertos, comprometidos en la conservaci\u00f3n de la\nnaturaleza y tambi\u00e9n enriqueci\u00e9ndose con las experiencias acumuladas por\nnumerosas organizaciones mundiales. <\/p>\n\n\n\n<p>La\nlabor de miles de ambientalistas disgregados&nbsp; por la tierra, se adecu\u00f3 a\nlas exigencias y nuevos retos de un mundo cambiante, buscando c\u00f3mo servirlo\nmejor. <\/p>\n\n\n\n<p>Esta\neducaci\u00f3n desarroll\u00f3 una poblaci\u00f3n mundial&nbsp;&nbsp; consciente &nbsp;y\npreocupada por el ambiente y los problemas asociados a fin de prevenir futuros\ncat\u00e1strofes. <\/p>\n\n\n\n<p>La\neducaci\u00f3n ambiental integra m\u00faltiples aspectos: cient\u00edficos, sociales,\necon\u00f3micos,&nbsp; \u00e9ticos y culturales, &nbsp;buscando fomentar el desarrollo de\nnormas y de valores&nbsp; &nbsp;en la comunidad para hacer frente a esta crisis\nambiental que pone en peligro el futuro de la humanidad. <\/p>\n\n\n\n<p>La\neducaci\u00f3n sobre el entorno es un proceso integral, sistem\u00e1tico y permanente de\ninformaci\u00f3n y capacitaci\u00f3n formal e informal, basado en el respeto a todos los\nmodos de vida. Las personas toman conciencia y se responsabilizan mediante los\nconocimientos, motivaciones y actitudes que le facilitan comprender las\ncomplejas interrelaciones de los diferentes aspectos ecol\u00f3gicos, econ\u00f3micos,\nsociales, &nbsp;que intervienen en el&nbsp; ambiente. Participar y movilizarse\nen funci\u00f3n de prevenir y resolver problemas orientados hacia la convivencia en\nequilibrio con la naturaleza, para beneficio de las generaciones actuales y\nfuturas.<\/p>\n\n\n\n<p>En\nArgentina, como en el mundo hay grandes retos derivados del deseo de mejorar la\n<strong>calidad de vida<\/strong> de sus\nhabitantes, a trav\u00e9s de un <strong>desarrollo\necon\u00f3mico<\/strong> equilibrado, que permita el mejoramiento del medio\nambiente en respeto a los derechos humanos y sociales de su poblaci\u00f3n. En esta\ntarea, las acciones educativas constituyen un importante auxiliar a trav\u00e9s de\nsus programas escolares (formales) y extra-escolares (no formales e informales)\ntendientes a formar a los individuos.<\/p>\n\n\n\n<p>La Educaci\u00f3n para el Desarrollo Sostenible invita a\u00a0 innovar, a proyectar una mirada esclarecedora sobre ciertos aspectos de la organizaci\u00f3n escolar,\u00a0 su programaci\u00f3n y \u00a0metodolog\u00edas did\u00e1cticas. Para propiciar procesos de ense\u00f1anza-aprendizaje ambientalmente significativos y favorecer la aplicaci\u00f3n de los conocimientos; con el fin de potenciar la formaci\u00f3n de valores y de responsabilidad en el manejo de los recursos y \u00a0el respeto a la diversidad<em>.<\/em><\/p>\n\n\n\n<p>Muchos de estos conceptos son vertidos\u00a0 en el libro \u201cEducaci\u00f3n para el desarrollo sustentable\u201d que se puede conseguir<a href=\"https:\/\/www.amazon.es\/Educacion-para-Desarrollo-Sustentable-maestras\/dp\/6139146291\/ref=sr_1_1?__mk_es_ES=%C3%85M%C3%85%C5%BD%C3%95%C3%91&amp;keywords=Cristian+Frers&amp;qid=1568677428&amp;s=gateway&amp;sr=8-1&amp;fbclid=IwAR1n9zjXKKoWToMCV5KH9pmNQ-FJI5jAJHIuwmspL-Jq40xpryQ8SJhkb4I\" target=\"_blank\" rel=\"noopener\"> aqu\u00ed<\/a>. Puede ser muy \u00fatil para maestras, maestros, docentes y gente interesada en el DESARROLLO SUSTENTABLE.<\/p>\n","protected":false},"excerpt":{"rendered":"<p>Cristi\u00e1n Frers* &#8211; \u00abTodo lo que le ocurra a la tierra, le ocurrir\u00e1 a los hijos de la tierra\u00bb. Actualmente &#8230; <a title=\"Como desarrollar una educaci\u00f3n para el desarrollo sostenible para docentes\" class=\"read-more\" href=\"https:\/\/www.hoymercedes.com.ar\/principal\/2019\/09\/26\/como-desarrollar-una-educacion-para-el-desarrollo-sostenible-para-docentes\/\" aria-label=\"Leer m\u00e1s sobre Como desarrollar una educaci\u00f3n para el desarrollo sostenible para docentes\">Leer m\u00e1s<\/a><\/p>\n","protected":false},"author":1,"featured_media":91602,"comment_status":"closed","ping_status":"open","sticky":false,"template":"","format":"standard","meta":{"_monsterinsights_skip_tracking":false,"_monsterinsights_sitenote_active":false,"_monsterinsights_sitenote_note":"","_monsterinsights_sitenote_category":0,"jetpack_post_was_ever_published":false,"_jetpack_newsletter_access":"","_jetpack_dont_email_post_to_subs":false,"_jetpack_newsletter_tier_id":0,"_jetpack_memberships_contains_paywalled_content":false,"_jetpack_memberships_contains_paid_content":false,"footnotes":"","jetpack_publicize_message":"","jetpack_publicize_feature_enabled":true,"jetpack_social_post_already_shared":true,"jetpack_social_options":{"image_generator_settings":{"template":"highway","default_image_id":0,"font":"","enabled":false},"version":2},"_wpas_customize_per_network":false},"categories":[1],"tags":[47,43,8748],"class_list":["post-100422","post","type-post","status-publish","format-standard","has-post-thumbnail","hentry","category-opinion","tag-educacion-2","tag-medio-ambiente","tag-opinion","generate-columns","tablet-grid-50","mobile-grid-100","grid-parent","grid-50"],"jetpack_publicize_connections":[],"jetpack_featured_media_url":"https:\/\/www.hoymercedes.com.ar\/principal\/wp-content\/uploads\/2019\/04\/18-ambiente-educaci\u00f3n.jpg","wps_subtitle":"Educaci\u00f3n ambiental","jetpack_sharing_enabled":true,"_links":{"self":[{"href":"https:\/\/www.hoymercedes.com.ar\/principal\/wp-json\/wp\/v2\/posts\/100422","targetHints":{"allow":["GET"]}}],"collection":[{"href":"https:\/\/www.hoymercedes.com.ar\/principal\/wp-json\/wp\/v2\/posts"}],"about":[{"href":"https:\/\/www.hoymercedes.com.ar\/principal\/wp-json\/wp\/v2\/types\/post"}],"author":[{"embeddable":true,"href":"https:\/\/www.hoymercedes.com.ar\/principal\/wp-json\/wp\/v2\/users\/1"}],"replies":[{"embeddable":true,"href":"https:\/\/www.hoymercedes.com.ar\/principal\/wp-json\/wp\/v2\/comments?post=100422"}],"version-history":[{"count":0,"href":"https:\/\/www.hoymercedes.com.ar\/principal\/wp-json\/wp\/v2\/posts\/100422\/revisions"}],"wp:featuredmedia":[{"embeddable":true,"href":"https:\/\/www.hoymercedes.com.ar\/principal\/wp-json\/wp\/v2\/media\/91602"}],"wp:attachment":[{"href":"https:\/\/www.hoymercedes.com.ar\/principal\/wp-json\/wp\/v2\/media?parent=100422"}],"wp:term":[{"taxonomy":"category","embeddable":true,"href":"https:\/\/www.hoymercedes.com.ar\/principal\/wp-json\/wp\/v2\/categories?post=100422"},{"taxonomy":"post_tag","embeddable":true,"href":"https:\/\/www.hoymercedes.com.ar\/principal\/wp-json\/wp\/v2\/tags?post=100422"}],"curies":[{"name":"wp","href":"https:\/\/api.w.org\/{rel}","templated":true}]}}