{"id":10048,"date":"2011-12-23T21:26:25","date_gmt":"2011-12-23T21:26:25","guid":{"rendered":"http:\/\/www.hoymercedes.com.ar\/principal\/?p=10048"},"modified":"2011-12-23T21:26:25","modified_gmt":"2011-12-23T21:26:25","slug":"monsenor-agustin-radrizani-dio-misa-para-los-internos-de-la-unidad-5","status":"publish","type":"post","link":"https:\/\/www.hoymercedes.com.ar\/principal\/2011\/12\/23\/monsenor-agustin-radrizani-dio-misa-para-los-internos-de-la-unidad-5\/","title":{"rendered":"Monse\u00f1or Agust\u00edn Radrizani dio misa para los internos de la Unidad 5"},"content":{"rendered":"<p><a href=\"https:\/\/www.hoymercedes.com.ar\/principal\/wp-content\/uploads\/2011\/12\/Radrizani-Unidad5.jpg\"><img loading=\"lazy\" decoding=\"async\" data-attachment-id=\"10050\" data-permalink=\"https:\/\/www.hoymercedes.com.ar\/principal\/2011\/12\/23\/monsenor-agustin-radrizani-dio-misa-para-los-internos-de-la-unidad-5\/radrizani-unidad5\/#main\" data-orig-file=\"https:\/\/www.hoymercedes.com.ar\/principal\/wp-content\/uploads\/2011\/12\/Radrizani-Unidad5.jpg\" data-orig-size=\"613,460\" data-comments-opened=\"1\" data-image-meta=\"{&quot;aperture&quot;:&quot;2.8&quot;,&quot;credit&quot;:&quot;&quot;,&quot;camera&quot;:&quot;KODAK EASYSHARE V1003 ZOOM DIGITAL CAMERA&quot;,&quot;caption&quot;:&quot;&quot;,&quot;created_timestamp&quot;:&quot;1277712222&quot;,&quot;copyright&quot;:&quot;&quot;,&quot;focal_length&quot;:&quot;7.5&quot;,&quot;iso&quot;:&quot;160&quot;,&quot;shutter_speed&quot;:&quot;0.125&quot;,&quot;title&quot;:&quot;&quot;}\" data-image-title=\"Radrizani-Unidad5\" data-image-description=\"\" data-image-caption=\"\" data-large-file=\"https:\/\/www.hoymercedes.com.ar\/principal\/wp-content\/uploads\/2011\/12\/Radrizani-Unidad5.jpg\" class=\"aligncenter size-full wp-image-10050\" title=\"Radrizani-Unidad5\" src=\"https:\/\/www.hoymercedes.com.ar\/principal\/wp-content\/uploads\/2011\/12\/Radrizani-Unidad5.jpg\" alt=\"\" width=\"613\" height=\"460\" \/><\/a><\/p>\n<p>El jueves 22, a las 15 horas el Arzobispo Monse\u00f1or Agust\u00edn Radrizzani, titular de la Arquidi\u00f3cesis Mercedes-Luj\u00e1n, se acerco hasta la Capilla de los internos de la Unidad 5, y celebro junto a las autoridades de la Unidad, integrantes de la Pastoral Penitenciaria, catequistas e internos la Santa Misa de Navidad.<\/p>\n<p>Con la sencillez que lo caracteriza converso con los detenidos y les explico que representan sus atributos y atuendos, y que venia a ofrecer a Jes\u00fas la mejor eucarist\u00eda de la vida como cada vez que lo hace. Durante la celebraci\u00f3n hablo de la simpleza de Jes\u00fas y expreso sentirse muy contento de estar juntos a ellos en la oraci\u00f3n.<\/p>\n<p>Luego se entregaron diplomas de las diferentes actividades que realizan los integrantes de la Pastoral Penitenciaria.<\/p>\n<p>Primero fue el turno de los internos que participaron de los encuentros \u201cLa familia, la vida y el Hombre\u201d y del Grupo de Representaci\u00f3n Religiosa \u201cBeato Ceferino Namuncura\u201d que este a\u00f1o realizo tres presentaciones, por primera vez en el Teatro Municipal y recientemente en la misma Unidad, abierta a la comunidad, con el tema del Aborto y luego la Navidad, a cargo de los catequistas Hugo Salvo, Susana Montenegro y Marta Varela.<\/p>\n<p>Luego se entregaron a los participantes durante todo el a\u00f1o 2011 de los \u201cEncuentros B\u00edblicos\u201d a cargo de la Hermana Antoniana Estela Buet y su ayudante Hermana Liliana. Todas las actividades cuentan con la colaboraci\u00f3n del Seminarista Lucas y del Capell\u00e1n Norberto Chirigliano.<\/p>\n<p><a href=\"https:\/\/www.hoymercedes.com.ar\/principal\/wp-content\/uploads\/2011\/12\/Radrizani-Unidad5-II.jpg\"><img loading=\"lazy\" decoding=\"async\" data-attachment-id=\"10051\" data-permalink=\"https:\/\/www.hoymercedes.com.ar\/principal\/2011\/12\/23\/monsenor-agustin-radrizani-dio-misa-para-los-internos-de-la-unidad-5\/radrizani-unidad5-ii\/#main\" data-orig-file=\"https:\/\/www.hoymercedes.com.ar\/principal\/wp-content\/uploads\/2011\/12\/Radrizani-Unidad5-II.jpg\" data-orig-size=\"613,460\" data-comments-opened=\"1\" data-image-meta=\"{&quot;aperture&quot;:&quot;2.8&quot;,&quot;credit&quot;:&quot;&quot;,&quot;camera&quot;:&quot;KODAK EASYSHARE V1003 ZOOM DIGITAL CAMERA&quot;,&quot;caption&quot;:&quot;&quot;,&quot;created_timestamp&quot;:&quot;1277714639&quot;,&quot;copyright&quot;:&quot;&quot;,&quot;focal_length&quot;:&quot;7.5&quot;,&quot;iso&quot;:&quot;160&quot;,&quot;shutter_speed&quot;:&quot;0.125&quot;,&quot;title&quot;:&quot;&quot;}\" data-image-title=\"Radrizani-Unidad5-II\" data-image-description=\"\" data-image-caption=\"\" data-large-file=\"https:\/\/www.hoymercedes.com.ar\/principal\/wp-content\/uploads\/2011\/12\/Radrizani-Unidad5-II.jpg\" class=\"aligncenter size-full wp-image-10051\" title=\"Radrizani-Unidad5-II\" src=\"https:\/\/www.hoymercedes.com.ar\/principal\/wp-content\/uploads\/2011\/12\/Radrizani-Unidad5-II.jpg\" alt=\"\" width=\"613\" height=\"460\" srcset=\"https:\/\/www.hoymercedes.com.ar\/principal\/wp-content\/uploads\/2011\/12\/Radrizani-Unidad5-II.jpg 613w, https:\/\/www.hoymercedes.com.ar\/principal\/wp-content\/uploads\/2011\/12\/Radrizani-Unidad5-II-300x225.jpg 300w\" sizes=\"auto, (max-width: 613px) 100vw, 613px\" \/><\/a><\/p>\n","protected":false},"excerpt":{"rendered":"<p>El jueves 22, a las 15 horas el Arzobispo Monse\u00f1or Agust\u00edn Radrizzani, titular de la Arquidi\u00f3cesis Mercedes-Luj\u00e1n, se acerco hasta &#8230; <a title=\"Monse\u00f1or Agust\u00edn Radrizani dio misa para los internos de la Unidad 5\" class=\"read-more\" href=\"https:\/\/www.hoymercedes.com.ar\/principal\/2011\/12\/23\/monsenor-agustin-radrizani-dio-misa-para-los-internos-de-la-unidad-5\/\" aria-label=\"Leer m\u00e1s sobre Monse\u00f1or Agust\u00edn Radrizani dio misa para los internos de la Unidad 5\">Leer m\u00e1s<\/a><\/p>\n","protected":false},"author":1,"featured_media":0,"comment_status":"open","ping_status":"open","sticky":false,"template":"","format":"standard","meta":{"_monsterinsights_skip_tracking":false,"_monsterinsights_sitenote_active":false,"_monsterinsights_sitenote_note":"","_monsterinsights_sitenote_category":0,"jetpack_post_was_ever_published":false,"_jetpack_newsletter_access":"","_jetpack_dont_email_post_to_subs":false,"_jetpack_newsletter_tier_id":0,"_jetpack_memberships_contains_paywalled_content":false,"_jetpack_memberships_contains_paid_content":false,"footnotes":"","jetpack_publicize_message":"","jetpack_publicize_feature_enabled":true,"jetpack_social_post_already_shared":false,"jetpack_social_options":{"image_generator_settings":{"template":"highway","default_image_id":0,"font":"","enabled":false},"version":2},"_wpas_customize_per_network":false},"categories":[8],"tags":[1741,113],"class_list":["post-10048","post","type-post","status-publish","format-standard","hentry","category-sociedad","tag-agustin-radrizzani","tag-unidad-5","generate-columns","tablet-grid-50","mobile-grid-100","grid-parent","grid-50"],"jetpack_publicize_connections":[],"jetpack_featured_media_url":"","wps_subtitle":"","jetpack_sharing_enabled":true,"_links":{"self":[{"href":"https:\/\/www.hoymercedes.com.ar\/principal\/wp-json\/wp\/v2\/posts\/10048","targetHints":{"allow":["GET"]}}],"collection":[{"href":"https:\/\/www.hoymercedes.com.ar\/principal\/wp-json\/wp\/v2\/posts"}],"about":[{"href":"https:\/\/www.hoymercedes.com.ar\/principal\/wp-json\/wp\/v2\/types\/post"}],"author":[{"embeddable":true,"href":"https:\/\/www.hoymercedes.com.ar\/principal\/wp-json\/wp\/v2\/users\/1"}],"replies":[{"embeddable":true,"href":"https:\/\/www.hoymercedes.com.ar\/principal\/wp-json\/wp\/v2\/comments?post=10048"}],"version-history":[{"count":0,"href":"https:\/\/www.hoymercedes.com.ar\/principal\/wp-json\/wp\/v2\/posts\/10048\/revisions"}],"wp:attachment":[{"href":"https:\/\/www.hoymercedes.com.ar\/principal\/wp-json\/wp\/v2\/media?parent=10048"}],"wp:term":[{"taxonomy":"category","embeddable":true,"href":"https:\/\/www.hoymercedes.com.ar\/principal\/wp-json\/wp\/v2\/categories?post=10048"},{"taxonomy":"post_tag","embeddable":true,"href":"https:\/\/www.hoymercedes.com.ar\/principal\/wp-json\/wp\/v2\/tags?post=10048"}],"curies":[{"name":"wp","href":"https:\/\/api.w.org\/{rel}","templated":true}]}}