{"id":100596,"date":"2019-09-28T11:32:11","date_gmt":"2019-09-28T14:32:11","guid":{"rendered":"http:\/\/www.hoymercedes.com.ar\/principal\/?p=100596"},"modified":"2019-09-28T13:30:20","modified_gmt":"2019-09-28T16:30:20","slug":"nueva-remodelacion-de-la-casa-del-nino","status":"publish","type":"post","link":"https:\/\/www.hoymercedes.com.ar\/principal\/2019\/09\/28\/nueva-remodelacion-de-la-casa-del-nino\/","title":{"rendered":"Nueva remodelaci\u00f3n de la Casa del Ni\u00f1o"},"content":{"rendered":"\n<p>El Municipio de Mercedes anunci\u00f3 que el pr\u00f3ximo 7 de octubre se estar\u00e1 presentando las \u00faltimas obras de remodelaci\u00f3n realizadas en la Casa del Ni\u00f1o. \u00a0Se pondr\u00e1n en funcionamiento los nuevos ba\u00f1os, al cambio del mobiliario, cambio de las ca\u00f1er\u00edas total de agua y de gas, contrataci\u00f3n de profesionales, cambio de men\u00fa con nutricionistas y la puesta en valor del SUM. <\/p>\n\n\n\n<p>Jorgelina Silva, Secretaria de Desarrollo Social municipal explic\u00f3 que la Casa del Ni\u00f1o \u201cera un edificio muy viejo que necesitaba de reparaciones donde en principio comenzamos por las m\u00e1s urgentes y que una vez solucionados, gracias a una gran inversi\u00f3n del municipio, fuimos sumando diferentes trabajos. Ahora estamos con el cambio de aberturas, la remodelaci\u00f3n total de la cocina y muebles sumado a los ba\u00f1os del personal\u201d.<\/p>\n\n\n\n<p><\/p>\n","protected":false},"excerpt":{"rendered":"<p>El Municipio de Mercedes anunci\u00f3 que el pr\u00f3ximo 7 de octubre se estar\u00e1 presentando las \u00faltimas obras de remodelaci\u00f3n realizadas &#8230; <a title=\"Nueva remodelaci\u00f3n de la Casa del Ni\u00f1o\" class=\"read-more\" href=\"https:\/\/www.hoymercedes.com.ar\/principal\/2019\/09\/28\/nueva-remodelacion-de-la-casa-del-nino\/\" aria-label=\"Leer m\u00e1s sobre Nueva remodelaci\u00f3n de la Casa del Ni\u00f1o\">Leer m\u00e1s<\/a><\/p>\n","protected":false},"author":1,"featured_media":100597,"comment_status":"closed","ping_status":"open","sticky":false,"template":"","format":"standard","meta":{"_monsterinsights_skip_tracking":false,"_monsterinsights_sitenote_active":false,"_monsterinsights_sitenote_note":"","_monsterinsights_sitenote_category":0,"jetpack_post_was_ever_published":false,"_jetpack_newsletter_access":"","_jetpack_dont_email_post_to_subs":false,"_jetpack_newsletter_tier_id":0,"_jetpack_memberships_contains_paywalled_content":false,"_jetpack_memberships_contains_paid_content":false,"footnotes":"","jetpack_publicize_message":"","jetpack_publicize_feature_enabled":true,"jetpack_social_post_already_shared":true,"jetpack_social_options":{"image_generator_settings":{"template":"highway","default_image_id":0,"font":"","enabled":false},"version":2},"_wpas_customize_per_network":false},"categories":[30],"tags":[296,870,244,11001],"class_list":["post-100596","post","type-post","status-publish","format-standard","has-post-thumbnail","hentry","category-municipio","tag-casa-del-nino","tag-desarrollo-social","tag-municipio-2","tag-remodelacion","generate-columns","tablet-grid-50","mobile-grid-100","grid-parent","grid-50"],"jetpack_publicize_connections":[],"jetpack_featured_media_url":"https:\/\/www.hoymercedes.com.ar\/principal\/wp-content\/uploads\/2019\/09\/28-casa-ni\u00f1os.jpg","wps_subtitle":"Pr\u00f3ximo acto","jetpack_sharing_enabled":true,"_links":{"self":[{"href":"https:\/\/www.hoymercedes.com.ar\/principal\/wp-json\/wp\/v2\/posts\/100596","targetHints":{"allow":["GET"]}}],"collection":[{"href":"https:\/\/www.hoymercedes.com.ar\/principal\/wp-json\/wp\/v2\/posts"}],"about":[{"href":"https:\/\/www.hoymercedes.com.ar\/principal\/wp-json\/wp\/v2\/types\/post"}],"author":[{"embeddable":true,"href":"https:\/\/www.hoymercedes.com.ar\/principal\/wp-json\/wp\/v2\/users\/1"}],"replies":[{"embeddable":true,"href":"https:\/\/www.hoymercedes.com.ar\/principal\/wp-json\/wp\/v2\/comments?post=100596"}],"version-history":[{"count":0,"href":"https:\/\/www.hoymercedes.com.ar\/principal\/wp-json\/wp\/v2\/posts\/100596\/revisions"}],"wp:featuredmedia":[{"embeddable":true,"href":"https:\/\/www.hoymercedes.com.ar\/principal\/wp-json\/wp\/v2\/media\/100597"}],"wp:attachment":[{"href":"https:\/\/www.hoymercedes.com.ar\/principal\/wp-json\/wp\/v2\/media?parent=100596"}],"wp:term":[{"taxonomy":"category","embeddable":true,"href":"https:\/\/www.hoymercedes.com.ar\/principal\/wp-json\/wp\/v2\/categories?post=100596"},{"taxonomy":"post_tag","embeddable":true,"href":"https:\/\/www.hoymercedes.com.ar\/principal\/wp-json\/wp\/v2\/tags?post=100596"}],"curies":[{"name":"wp","href":"https:\/\/api.w.org\/{rel}","templated":true}]}}