{"id":100630,"date":"2019-09-28T17:44:03","date_gmt":"2019-09-28T20:44:03","guid":{"rendered":"http:\/\/www.hoymercedes.com.ar\/principal\/?p=100630"},"modified":"2019-09-28T16:13:31","modified_gmt":"2019-09-28T19:13:31","slug":"sortearon-beneficiarios-programas-mi-casa-y-mi-casa-refaccion","status":"publish","type":"post","link":"https:\/\/www.hoymercedes.com.ar\/principal\/2019\/09\/28\/sortearon-beneficiarios-programas-mi-casa-y-mi-casa-refaccion\/","title":{"rendered":"Sortearon beneficiarios programas Mi Casa y Mi Casa Refacci\u00f3n"},"content":{"rendered":"\n<p>En el teatro Argentino \u201cJulio C\u00e9sar Gioscio\u201d se realizaron los sorteos de los programas que impulsa el Municipio de Mercedes \u201cMi Casa\u201d y \u201cMi Casa Refacci\u00f3n\u201d. Los inscriptos para la construcci\u00f3n fueron 125 y se sortearon 86 casas, en cuanto a la iniciativa refacci\u00f3n se sortearon 50 cr\u00e9ditos de hasta 50 mil pesos. <\/p>\n\n\n\n<p>El programa de vivienda \u201cMi Casa\u201d consiste en entregar los materiales necesarios para la construcci\u00f3n de un prototipo de vivienda de 46m2 a las personas que cuenten con terreno propio o cedido y mano de obra propia.<\/p>\n\n\n\n<p>El Municipio de Mercedes otorgar\u00e1 en etapas el total de los materiales necesarios para poder construir la vivienda. El beneficiario deber\u00e1 contar con Mano de Obra propia. Y se aclara que el adjudicatario de tener terreno -propio o cedido- del cual se requerir\u00e1 la documentaci\u00f3n pertinente a aquellas personas que hayan sido sorteadas. Se evaluar\u00e1n las caracter\u00edsticas del mismo verificando que la construcci\u00f3n no altere la Ordenanza de Zonificaci\u00f3n N\u00b0 5671\/3 vigente.<\/p>\n","protected":false},"excerpt":{"rendered":"<p>En el teatro Argentino \u201cJulio C\u00e9sar Gioscio\u201d se realizaron los sorteos de los programas que impulsa el Municipio de Mercedes &#8230; <a title=\"Sortearon beneficiarios programas Mi Casa y Mi Casa Refacci\u00f3n\" class=\"read-more\" href=\"https:\/\/www.hoymercedes.com.ar\/principal\/2019\/09\/28\/sortearon-beneficiarios-programas-mi-casa-y-mi-casa-refaccion\/\" aria-label=\"Leer m\u00e1s sobre Sortearon beneficiarios programas Mi Casa y Mi Casa Refacci\u00f3n\">Leer m\u00e1s<\/a><\/p>\n","protected":false},"author":1,"featured_media":100631,"comment_status":"closed","ping_status":"open","sticky":false,"template":"","format":"standard","meta":{"_monsterinsights_skip_tracking":false,"_monsterinsights_sitenote_active":false,"_monsterinsights_sitenote_note":"","_monsterinsights_sitenote_category":0,"jetpack_post_was_ever_published":false,"_jetpack_newsletter_access":"","_jetpack_dont_email_post_to_subs":false,"_jetpack_newsletter_tier_id":0,"_jetpack_memberships_contains_paywalled_content":false,"_jetpack_memberships_contains_paid_content":false,"footnotes":"","jetpack_publicize_message":"","jetpack_publicize_feature_enabled":true,"jetpack_social_post_already_shared":true,"jetpack_social_options":{"image_generator_settings":{"template":"highway","default_image_id":0,"font":"","enabled":false},"version":2},"_wpas_customize_per_network":false},"categories":[30],"tags":[244,13492,9097],"class_list":["post-100630","post","type-post","status-publish","format-standard","has-post-thumbnail","hentry","category-municipio","tag-municipio-2","tag-programa-mi-casa","tag-sorteo","generate-columns","tablet-grid-50","mobile-grid-100","grid-parent","grid-50"],"jetpack_publicize_connections":[],"jetpack_featured_media_url":"https:\/\/www.hoymercedes.com.ar\/principal\/wp-content\/uploads\/2019\/09\/28-MiCasa2.jpeg","wps_subtitle":"86 beneficiarios","jetpack_sharing_enabled":true,"_links":{"self":[{"href":"https:\/\/www.hoymercedes.com.ar\/principal\/wp-json\/wp\/v2\/posts\/100630","targetHints":{"allow":["GET"]}}],"collection":[{"href":"https:\/\/www.hoymercedes.com.ar\/principal\/wp-json\/wp\/v2\/posts"}],"about":[{"href":"https:\/\/www.hoymercedes.com.ar\/principal\/wp-json\/wp\/v2\/types\/post"}],"author":[{"embeddable":true,"href":"https:\/\/www.hoymercedes.com.ar\/principal\/wp-json\/wp\/v2\/users\/1"}],"replies":[{"embeddable":true,"href":"https:\/\/www.hoymercedes.com.ar\/principal\/wp-json\/wp\/v2\/comments?post=100630"}],"version-history":[{"count":0,"href":"https:\/\/www.hoymercedes.com.ar\/principal\/wp-json\/wp\/v2\/posts\/100630\/revisions"}],"wp:featuredmedia":[{"embeddable":true,"href":"https:\/\/www.hoymercedes.com.ar\/principal\/wp-json\/wp\/v2\/media\/100631"}],"wp:attachment":[{"href":"https:\/\/www.hoymercedes.com.ar\/principal\/wp-json\/wp\/v2\/media?parent=100630"}],"wp:term":[{"taxonomy":"category","embeddable":true,"href":"https:\/\/www.hoymercedes.com.ar\/principal\/wp-json\/wp\/v2\/categories?post=100630"},{"taxonomy":"post_tag","embeddable":true,"href":"https:\/\/www.hoymercedes.com.ar\/principal\/wp-json\/wp\/v2\/tags?post=100630"}],"curies":[{"name":"wp","href":"https:\/\/api.w.org\/{rel}","templated":true}]}}