{"id":100650,"date":"2019-09-29T00:50:24","date_gmt":"2019-09-29T03:50:24","guid":{"rendered":"http:\/\/www.hoymercedes.com.ar\/principal\/?p=100650"},"modified":"2019-09-29T13:04:43","modified_gmt":"2019-09-29T16:04:43","slug":"capacitan-a-los-jovenes-en-el-uso-del-casc-o","status":"publish","type":"post","link":"https:\/\/www.hoymercedes.com.ar\/principal\/2019\/09\/29\/capacitan-a-los-jovenes-en-el-uso-del-casc-o\/","title":{"rendered":"Capacitan a los j\u00f3venes en el uso del casco"},"content":{"rendered":"\n<p>Con la presencia de m\u00e1s de 300 estudiantes de escuelas secundarias se dict\u00f3 una charla de \u201cPrevenci\u00f3n y Uso de Casco en la Juventud\u201d. La misma fue llevada adelante en el Teatro Argentino \u201cJulio C\u00e9sar Gioscio\u201d por las Secretar\u00edas de Seguridad, Salud y la Coordinaci\u00f3n de Juventud de la Municipalidad de Mercedes. <\/p>\n\n\n\n<figure class=\"wp-block-image\"><img loading=\"lazy\" decoding=\"async\" width=\"800\" height=\"497\" data-attachment-id=\"100651\" data-permalink=\"https:\/\/www.hoymercedes.com.ar\/principal\/2019\/09\/29\/capacitan-a-los-jovenes-en-el-uso-del-casc-o\/29-muni-uso-casco-2\/#main\" data-orig-file=\"https:\/\/www.hoymercedes.com.ar\/principal\/wp-content\/uploads\/2019\/09\/29-muni-uso-casco-2.jpg\" data-orig-size=\"800,497\" data-comments-opened=\"0\" data-image-meta=\"{&quot;aperture&quot;:&quot;0&quot;,&quot;credit&quot;:&quot;&quot;,&quot;camera&quot;:&quot;&quot;,&quot;caption&quot;:&quot;&quot;,&quot;created_timestamp&quot;:&quot;0&quot;,&quot;copyright&quot;:&quot;&quot;,&quot;focal_length&quot;:&quot;0&quot;,&quot;iso&quot;:&quot;0&quot;,&quot;shutter_speed&quot;:&quot;0&quot;,&quot;title&quot;:&quot;&quot;,&quot;orientation&quot;:&quot;0&quot;}\" data-image-title=\"29 muni uso casco 2\" data-image-description=\"\" data-image-caption=\"\" data-large-file=\"https:\/\/www.hoymercedes.com.ar\/principal\/wp-content\/uploads\/2019\/09\/29-muni-uso-casco-2.jpg\" src=\"https:\/\/www.hoymercedes.com.ar\/principal\/wp-content\/uploads\/2019\/09\/29-muni-uso-casco-2.jpg\" alt=\"\" class=\"wp-image-100651\" srcset=\"https:\/\/www.hoymercedes.com.ar\/principal\/wp-content\/uploads\/2019\/09\/29-muni-uso-casco-2.jpg 800w, https:\/\/www.hoymercedes.com.ar\/principal\/wp-content\/uploads\/2019\/09\/29-muni-uso-casco-2-150x93.jpg 150w, https:\/\/www.hoymercedes.com.ar\/principal\/wp-content\/uploads\/2019\/09\/29-muni-uso-casco-2-630x391.jpg 630w\" sizes=\"auto, (max-width: 800px) 100vw, 800px\" \/><\/figure>\n\n\n\n<p>Adem\u00e1s, se cont\u00f3 con la presencia del neurocirujano del Hospital Blas L. Dubarry y el Hospital Garrahan el Dr. Juan Marelli. El eje central de este encuentro fue concientizar a los m\u00e1s j\u00f3venes sobre la importancia del uso del casco, y m\u00e1s importante a\u00fan, la prevenci\u00f3n de accidentes de tr\u00e1nsito.<\/p>\n\n\n\n<p>El secretario de salud municipal, Pablo Cassiani, se\u00f1al\u00f3 \u201cEl neurocirujano Juan Marelli les transmiti\u00f3 a los j\u00f3venes las consecuencias de las lesiones que se producen en la cabeza producto de un golpe que se puede evitar y la importancia de cuidar nuestra vida\u201d y agreg\u00f3 \u201clos j\u00f3venes tuvieron una activa participaci\u00f3n y gracias a la buena recepci\u00f3n ya se est\u00e1 programando un nuevo encuentro\u201d.<\/p>\n\n\n\n<p>Debido al bajo porcentaje del uso del casco en nuestra ciudad, desde la comuna se comenz\u00f3 a realizar este tipo de encuentros que tienen como objetivo principal la seguridad vial y el cuidado de los vecinos. Adem\u00e1s, se sortearon m\u00e1s de 20 cascos y se inform\u00f3 que aquellos que no lo pudieran adquirir se pueden acercar a la Secretaria de Seguridad y solicitarlo de manera gratuita.<\/p>\n\n\n\n<p>Por su parte, la Coordinadora de Pol\u00edticas Juveniles Eugenia C\u00f3dega indic\u00f3 \u201cnos pareci\u00f3 oportuno convocar al neurocirujano Juan Marelli para que \u00e9l en presencia directa pudiera transmitirle de manera personal todo lo que atraviesa en cada accidente que se produce en la ciudad\u201d y subray\u00f3 \u201cno s\u00f3lo las consecuencias y secuelas que tienen en la operaci\u00f3n sino tambi\u00e9n transmiti\u00f3 el proceso por el que pasan lo familiares que apoyan y esperan que ese joven se recupere o que en muchos casos pierde la vida en estos accidentes\u201d.<\/p>\n\n\n\n<p>Este tipo de charlas en seguridad vial a j\u00f3venes de la ciudad apunta a generar mayor concientizaci\u00f3n, desde el cuidado a s\u00ed mismo y el respeto hacia el otro, y a promover actitudes responsables tendientes a la convivencia en el tr\u00e1nsito.<\/p>\n\n\n\n<figure class=\"wp-block-image\"><img loading=\"lazy\" decoding=\"async\" width=\"800\" height=\"533\" data-attachment-id=\"100652\" data-permalink=\"https:\/\/www.hoymercedes.com.ar\/principal\/2019\/09\/29\/capacitan-a-los-jovenes-en-el-uso-del-casc-o\/29-muni-uso-casco-1\/#main\" data-orig-file=\"https:\/\/www.hoymercedes.com.ar\/principal\/wp-content\/uploads\/2019\/09\/29-muni-uso-casco-1.jpg\" data-orig-size=\"800,533\" data-comments-opened=\"0\" data-image-meta=\"{&quot;aperture&quot;:&quot;0&quot;,&quot;credit&quot;:&quot;&quot;,&quot;camera&quot;:&quot;&quot;,&quot;caption&quot;:&quot;&quot;,&quot;created_timestamp&quot;:&quot;0&quot;,&quot;copyright&quot;:&quot;&quot;,&quot;focal_length&quot;:&quot;0&quot;,&quot;iso&quot;:&quot;0&quot;,&quot;shutter_speed&quot;:&quot;0&quot;,&quot;title&quot;:&quot;&quot;,&quot;orientation&quot;:&quot;0&quot;}\" data-image-title=\"29 muni uso casco 1\" data-image-description=\"\" data-image-caption=\"\" data-large-file=\"https:\/\/www.hoymercedes.com.ar\/principal\/wp-content\/uploads\/2019\/09\/29-muni-uso-casco-1.jpg\" src=\"https:\/\/www.hoymercedes.com.ar\/principal\/wp-content\/uploads\/2019\/09\/29-muni-uso-casco-1.jpg\" alt=\"\" class=\"wp-image-100652\" srcset=\"https:\/\/www.hoymercedes.com.ar\/principal\/wp-content\/uploads\/2019\/09\/29-muni-uso-casco-1.jpg 800w, https:\/\/www.hoymercedes.com.ar\/principal\/wp-content\/uploads\/2019\/09\/29-muni-uso-casco-1-150x100.jpg 150w, https:\/\/www.hoymercedes.com.ar\/principal\/wp-content\/uploads\/2019\/09\/29-muni-uso-casco-1-630x420.jpg 630w, https:\/\/www.hoymercedes.com.ar\/principal\/wp-content\/uploads\/2019\/09\/29-muni-uso-casco-1-720x480.jpg 720w, https:\/\/www.hoymercedes.com.ar\/principal\/wp-content\/uploads\/2019\/09\/29-muni-uso-casco-1-360x240.jpg 360w\" sizes=\"auto, (max-width: 800px) 100vw, 800px\" \/><\/figure>\n","protected":false},"excerpt":{"rendered":"<p>Con la presencia de m\u00e1s de 300 estudiantes de escuelas secundarias se dict\u00f3 una charla de \u201cPrevenci\u00f3n y Uso de &#8230; <a title=\"Capacitan a los j\u00f3venes en el uso del casco\" class=\"read-more\" href=\"https:\/\/www.hoymercedes.com.ar\/principal\/2019\/09\/29\/capacitan-a-los-jovenes-en-el-uso-del-casc-o\/\" aria-label=\"Leer m\u00e1s sobre Capacitan a los j\u00f3venes en el uso del casco\">Leer m\u00e1s<\/a><\/p>\n","protected":false},"author":1,"featured_media":100652,"comment_status":"closed","ping_status":"open","sticky":false,"template":"","format":"standard","meta":{"_monsterinsights_skip_tracking":false,"_monsterinsights_sitenote_active":false,"_monsterinsights_sitenote_note":"","_monsterinsights_sitenote_category":0,"jetpack_post_was_ever_published":false,"_jetpack_newsletter_access":"","_jetpack_dont_email_post_to_subs":false,"_jetpack_newsletter_tier_id":0,"_jetpack_memberships_contains_paywalled_content":false,"_jetpack_memberships_contains_paid_content":false,"footnotes":"","jetpack_publicize_message":"","jetpack_publicize_feature_enabled":true,"jetpack_social_post_already_shared":true,"jetpack_social_options":{"image_generator_settings":{"template":"highway","default_image_id":0,"font":"","enabled":false},"version":2},"_wpas_customize_per_network":false},"categories":[30],"tags":[3512,244,802,15806],"class_list":["post-100650","post","type-post","status-publish","format-standard","has-post-thumbnail","hentry","category-municipio","tag-educacion-vial","tag-municipio-2","tag-seguridad","tag-uso-de-casco","generate-columns","tablet-grid-50","mobile-grid-100","grid-parent","grid-50"],"jetpack_publicize_connections":[],"jetpack_featured_media_url":"https:\/\/www.hoymercedes.com.ar\/principal\/wp-content\/uploads\/2019\/09\/29-muni-uso-casco-1.jpg","wps_subtitle":"Para 300 adolescentes","jetpack_sharing_enabled":true,"_links":{"self":[{"href":"https:\/\/www.hoymercedes.com.ar\/principal\/wp-json\/wp\/v2\/posts\/100650","targetHints":{"allow":["GET"]}}],"collection":[{"href":"https:\/\/www.hoymercedes.com.ar\/principal\/wp-json\/wp\/v2\/posts"}],"about":[{"href":"https:\/\/www.hoymercedes.com.ar\/principal\/wp-json\/wp\/v2\/types\/post"}],"author":[{"embeddable":true,"href":"https:\/\/www.hoymercedes.com.ar\/principal\/wp-json\/wp\/v2\/users\/1"}],"replies":[{"embeddable":true,"href":"https:\/\/www.hoymercedes.com.ar\/principal\/wp-json\/wp\/v2\/comments?post=100650"}],"version-history":[{"count":0,"href":"https:\/\/www.hoymercedes.com.ar\/principal\/wp-json\/wp\/v2\/posts\/100650\/revisions"}],"wp:featuredmedia":[{"embeddable":true,"href":"https:\/\/www.hoymercedes.com.ar\/principal\/wp-json\/wp\/v2\/media\/100652"}],"wp:attachment":[{"href":"https:\/\/www.hoymercedes.com.ar\/principal\/wp-json\/wp\/v2\/media?parent=100650"}],"wp:term":[{"taxonomy":"category","embeddable":true,"href":"https:\/\/www.hoymercedes.com.ar\/principal\/wp-json\/wp\/v2\/categories?post=100650"},{"taxonomy":"post_tag","embeddable":true,"href":"https:\/\/www.hoymercedes.com.ar\/principal\/wp-json\/wp\/v2\/tags?post=100650"}],"curies":[{"name":"wp","href":"https:\/\/api.w.org\/{rel}","templated":true}]}}