{"id":100654,"date":"2019-09-29T09:56:13","date_gmt":"2019-09-29T12:56:13","guid":{"rendered":"http:\/\/www.hoymercedes.com.ar\/principal\/?p=100654"},"modified":"2019-09-29T13:05:22","modified_gmt":"2019-09-29T16:05:22","slug":"municipio-reafecta-motocicletas-para-usos-en-servicios-municipales","status":"publish","type":"post","link":"https:\/\/www.hoymercedes.com.ar\/principal\/2019\/09\/29\/municipio-reafecta-motocicletas-para-usos-en-servicios-municipales\/","title":{"rendered":"Municipio reafecta motocicletas para usos en servicios municipales"},"content":{"rendered":"\n<p>Eran motos secuestradas en operativos e iban a ser compactadas. La Municipalidad de Mercedes realizo una nueva incorporaci\u00f3n buscando reforzar a\u00fan m\u00e1s el nivel de servicio dispuesto en la ciudad. En este caso se reacondicionaron motos que ser\u00e1n utilizadas para diferentes tareas en el \u00e1mbito comunal. <\/p>\n\n\n\n<figure class=\"wp-block-image\"><img loading=\"lazy\" decoding=\"async\" width=\"793\" height=\"506\" data-attachment-id=\"100655\" data-permalink=\"https:\/\/www.hoymercedes.com.ar\/principal\/2019\/09\/29\/municipio-reafecta-motocicletas-para-usos-en-servicios-municipales\/29-muni-afectacion1\/#main\" data-orig-file=\"https:\/\/www.hoymercedes.com.ar\/principal\/wp-content\/uploads\/2019\/09\/29-muni-afectacion1.jpg\" data-orig-size=\"793,506\" data-comments-opened=\"0\" data-image-meta=\"{&quot;aperture&quot;:&quot;0&quot;,&quot;credit&quot;:&quot;&quot;,&quot;camera&quot;:&quot;&quot;,&quot;caption&quot;:&quot;&quot;,&quot;created_timestamp&quot;:&quot;0&quot;,&quot;copyright&quot;:&quot;&quot;,&quot;focal_length&quot;:&quot;0&quot;,&quot;iso&quot;:&quot;0&quot;,&quot;shutter_speed&quot;:&quot;0&quot;,&quot;title&quot;:&quot;&quot;,&quot;orientation&quot;:&quot;0&quot;}\" data-image-title=\"29 muni afectacion1\" data-image-description=\"\" data-image-caption=\"\" data-large-file=\"https:\/\/www.hoymercedes.com.ar\/principal\/wp-content\/uploads\/2019\/09\/29-muni-afectacion1.jpg\" src=\"https:\/\/www.hoymercedes.com.ar\/principal\/wp-content\/uploads\/2019\/09\/29-muni-afectacion1.jpg\" alt=\"\" class=\"wp-image-100655\" srcset=\"https:\/\/www.hoymercedes.com.ar\/principal\/wp-content\/uploads\/2019\/09\/29-muni-afectacion1.jpg 793w, https:\/\/www.hoymercedes.com.ar\/principal\/wp-content\/uploads\/2019\/09\/29-muni-afectacion1-150x96.jpg 150w, https:\/\/www.hoymercedes.com.ar\/principal\/wp-content\/uploads\/2019\/09\/29-muni-afectacion1-630x402.jpg 630w\" sizes=\"auto, (max-width: 793px) 100vw, 793px\" \/><\/figure>\n\n\n\n<p>La presentaci\u00f3n de las mismas se realiz\u00f3 en la Secretar\u00eda de Seguridad municipal donde estuvo presente el intendente Juan Ignacio Ustarroz, qui\u00e9n se\u00f1al\u00f3 \u201cquiero celebrar el trabajo en conjunto de manera integral que hace el municipio en las diferentes \u00e1reas\u201d. Las motocicletas fueron separadas de las compactaciones efectuadas tiempo atr\u00e1s. \u00a0<\/p>\n\n\n\n<p>En ese sentido, Ustarroz explic\u00f3 que \u201cahora vamos a tener m\u00e1s veh\u00edculos para las distintas \u00e1reas de la municipalidad, estas son motos recuperadas que ser\u00e1n reutilizadas, se les dar\u00e1 un buen fin\u201d y agreg\u00f3 \u201clo que nos va a permitir tener m\u00e1s presencia y brindar m\u00e1s servicios a los vecinos\u201d.<\/p>\n\n\n\n<p>La Secretaria de Seguridad Municipal, Josefina Kelly, se\u00f1al\u00f3 \u201choy estamos entregando a distintas \u00e1reas municipales motos que fueron afectadas para su reacondicionamiento para que vuelvan a ser reutilizadas\u201d y a\u00f1adi\u00f3 \u201cesto surge de los secuestros de tr\u00e1nsito donde ya tuvimos dos compactaciones y en esta oportunidad para poder reoptimizar los recursos y para que la municipalidad aumente su planta de veh\u00edculos estamos designando a diferentes \u00e1reas estas motos\u201d.<\/p>\n\n\n\n<figure class=\"wp-block-image\"><img loading=\"lazy\" decoding=\"async\" width=\"800\" height=\"533\" data-attachment-id=\"100656\" data-permalink=\"https:\/\/www.hoymercedes.com.ar\/principal\/2019\/09\/29\/municipio-reafecta-motocicletas-para-usos-en-servicios-municipales\/29-muni-afectacion2\/#main\" data-orig-file=\"https:\/\/www.hoymercedes.com.ar\/principal\/wp-content\/uploads\/2019\/09\/29-muni-afectacion2.jpg\" data-orig-size=\"800,533\" data-comments-opened=\"0\" data-image-meta=\"{&quot;aperture&quot;:&quot;0&quot;,&quot;credit&quot;:&quot;&quot;,&quot;camera&quot;:&quot;&quot;,&quot;caption&quot;:&quot;&quot;,&quot;created_timestamp&quot;:&quot;0&quot;,&quot;copyright&quot;:&quot;&quot;,&quot;focal_length&quot;:&quot;0&quot;,&quot;iso&quot;:&quot;0&quot;,&quot;shutter_speed&quot;:&quot;0&quot;,&quot;title&quot;:&quot;&quot;,&quot;orientation&quot;:&quot;0&quot;}\" data-image-title=\"29 muni afectacion2\" data-image-description=\"\" data-image-caption=\"\" data-large-file=\"https:\/\/www.hoymercedes.com.ar\/principal\/wp-content\/uploads\/2019\/09\/29-muni-afectacion2.jpg\" src=\"https:\/\/www.hoymercedes.com.ar\/principal\/wp-content\/uploads\/2019\/09\/29-muni-afectacion2.jpg\" alt=\"\" class=\"wp-image-100656\" srcset=\"https:\/\/www.hoymercedes.com.ar\/principal\/wp-content\/uploads\/2019\/09\/29-muni-afectacion2.jpg 800w, https:\/\/www.hoymercedes.com.ar\/principal\/wp-content\/uploads\/2019\/09\/29-muni-afectacion2-150x100.jpg 150w, https:\/\/www.hoymercedes.com.ar\/principal\/wp-content\/uploads\/2019\/09\/29-muni-afectacion2-630x420.jpg 630w, https:\/\/www.hoymercedes.com.ar\/principal\/wp-content\/uploads\/2019\/09\/29-muni-afectacion2-720x480.jpg 720w, https:\/\/www.hoymercedes.com.ar\/principal\/wp-content\/uploads\/2019\/09\/29-muni-afectacion2-360x240.jpg 360w\" sizes=\"auto, (max-width: 800px) 100vw, 800px\" \/><\/figure>\n\n\n\n<p><strong>Afectaci\u00f3n<\/strong><\/p>\n\n\n\n<p>Por su parte, Mar\u00edas Maresca, Juez de Faltas expres\u00f3 \u201cen conjunto con la Secretar\u00eda de Seguridad, un grupo de pasantes y personal del juzgado llevamos adelante este procedimiento que en esta segunda compactaci\u00f3n pudimos afectar estas motos para el servicio de toda la comunidad\u201d &nbsp;<\/p>\n\n\n\n<p>Y a su vez explic\u00f3 \u201cel procedimiento es el siguiente, primero se manda al juzgado un listado de los veh\u00edculos que ya cumplieron con el plazo de 180 d\u00edas sin haber sido reclamado, se identifica al titular, se lo notifica para que lo retire en un plazo de 15 d\u00edas y de no hacerlo se procede a la compactaci\u00f3n o afectaci\u00f3n al uso p\u00fablico\u201d.<\/p>\n","protected":false},"excerpt":{"rendered":"<p>Eran motos secuestradas en operativos e iban a ser compactadas. La Municipalidad de Mercedes realizo una nueva incorporaci\u00f3n buscando reforzar &#8230; <a title=\"Municipio reafecta motocicletas para usos en servicios municipales\" class=\"read-more\" href=\"https:\/\/www.hoymercedes.com.ar\/principal\/2019\/09\/29\/municipio-reafecta-motocicletas-para-usos-en-servicios-municipales\/\" aria-label=\"Leer m\u00e1s sobre Municipio reafecta motocicletas para usos en servicios municipales\">Leer m\u00e1s<\/a><\/p>\n","protected":false},"author":1,"featured_media":100656,"comment_status":"closed","ping_status":"open","sticky":false,"template":"","format":"standard","meta":{"_monsterinsights_skip_tracking":false,"_monsterinsights_sitenote_active":false,"_monsterinsights_sitenote_note":"","_monsterinsights_sitenote_category":0,"jetpack_post_was_ever_published":false,"_jetpack_newsletter_access":"","_jetpack_dont_email_post_to_subs":false,"_jetpack_newsletter_tier_id":0,"_jetpack_memberships_contains_paywalled_content":false,"_jetpack_memberships_contains_paid_content":false,"footnotes":"","jetpack_publicize_message":"","jetpack_publicize_feature_enabled":true,"jetpack_social_post_already_shared":true,"jetpack_social_options":{"image_generator_settings":{"template":"highway","default_image_id":0,"font":"","enabled":false},"version":2},"_wpas_customize_per_network":false},"categories":[30],"tags":[1629,1623,244,802],"class_list":["post-100654","post","type-post","status-publish","format-standard","has-post-thumbnail","hentry","category-municipio","tag-juzgado-de-faltas","tag-motos","tag-municipio-2","tag-seguridad","generate-columns","tablet-grid-50","mobile-grid-100","grid-parent","grid-50"],"jetpack_publicize_connections":[],"jetpack_featured_media_url":"https:\/\/www.hoymercedes.com.ar\/principal\/wp-content\/uploads\/2019\/09\/29-muni-afectacion2.jpg","wps_subtitle":"Seguridad vial","jetpack_sharing_enabled":true,"_links":{"self":[{"href":"https:\/\/www.hoymercedes.com.ar\/principal\/wp-json\/wp\/v2\/posts\/100654","targetHints":{"allow":["GET"]}}],"collection":[{"href":"https:\/\/www.hoymercedes.com.ar\/principal\/wp-json\/wp\/v2\/posts"}],"about":[{"href":"https:\/\/www.hoymercedes.com.ar\/principal\/wp-json\/wp\/v2\/types\/post"}],"author":[{"embeddable":true,"href":"https:\/\/www.hoymercedes.com.ar\/principal\/wp-json\/wp\/v2\/users\/1"}],"replies":[{"embeddable":true,"href":"https:\/\/www.hoymercedes.com.ar\/principal\/wp-json\/wp\/v2\/comments?post=100654"}],"version-history":[{"count":0,"href":"https:\/\/www.hoymercedes.com.ar\/principal\/wp-json\/wp\/v2\/posts\/100654\/revisions"}],"wp:featuredmedia":[{"embeddable":true,"href":"https:\/\/www.hoymercedes.com.ar\/principal\/wp-json\/wp\/v2\/media\/100656"}],"wp:attachment":[{"href":"https:\/\/www.hoymercedes.com.ar\/principal\/wp-json\/wp\/v2\/media?parent=100654"}],"wp:term":[{"taxonomy":"category","embeddable":true,"href":"https:\/\/www.hoymercedes.com.ar\/principal\/wp-json\/wp\/v2\/categories?post=100654"},{"taxonomy":"post_tag","embeddable":true,"href":"https:\/\/www.hoymercedes.com.ar\/principal\/wp-json\/wp\/v2\/tags?post=100654"}],"curies":[{"name":"wp","href":"https:\/\/api.w.org\/{rel}","templated":true}]}}