{"id":100663,"date":"2019-09-29T13:35:34","date_gmt":"2019-09-29T16:35:34","guid":{"rendered":"http:\/\/www.hoymercedes.com.ar\/principal\/?p=100663"},"modified":"2019-09-30T08:46:45","modified_gmt":"2019-09-30T11:46:45","slug":"aprehendido-por-comercializacion-de-estupefacientes","status":"publish","type":"post","link":"https:\/\/www.hoymercedes.com.ar\/principal\/2019\/09\/29\/aprehendido-por-comercializacion-de-estupefacientes\/","title":{"rendered":"Aprehendido por  comercializaci\u00f3n de estupefacientes"},"content":{"rendered":"\n<p>En la jornada del pasado jueves, personal\npolicial de la Polic\u00eda Federal Argentina procedi\u00f3 a la aprehensi\u00f3n de un sujeto\nmayor de edad (39 a\u00f1os), oriundo de esta ciudad por el delito de \u201cTenencia de\nestupefacientes con fines de comercializaci\u00f3n fraccionados en dosis destinadas\ndirectamente a los consumidores\u201d. <\/p>\n\n\n\n<p>El imputado estaba siendo investigado desde el\nmes de junio pasado en el marco de una investigaci\u00f3n penal preparatoria\ninvestigada a instancias de la Unidad Funcional de Instrucci\u00f3n N\u00ba 2 \u2013 a cargo\ndel doctor Sebasti\u00e1n Villalba- y la Ayudant\u00eda Fiscal Especializada en\nEstupefacientes del Departamento Judicial Mercedes.<\/p>\n\n\n\n<p>En junio pasado se recepcion\u00f3 un llamado an\u00f3nimo en la guardia de la Delegaci\u00f3n Mercedes de Polic\u00eda Federal que daba cuenta que una persona se estaba dedicando a la venta de droga en la localidad de Mercedes. Personal policial de dicha Delegaci\u00f3n comenz\u00f3 a realizar las correspondientes tareas investigativas.<\/p>\n\n\n\n<p>Se logr\u00f3 individualizar al sospechoso y se\nrelevaron dos domicilios, uno donde ser\u00eda su morada y el segundo que utilizar\u00eda\ncomo posible lugar de ocultamiento de sustancia estupefaciente.<\/p>\n\n\n\n<p>En las tareas investigativas se determinaron\ntambi\u00e9n una serie de encuentros en los que se observaron maniobras t\u00edpicas de\nla comercializaci\u00f3n de estupefacientes. Seg\u00fan se estableci\u00f3, la venta la\nejecutar\u00eda a modo de \u201cdelivery\u201d, ya que se contactar\u00eda con los adquirentes y\npactar\u00eda un lugar de encuentro en alg\u00fan lugar de la ciudad.<\/p>\n\n\n\n<p>Con los elementos recabados desde la UFIJ se\nsolicit\u00f3 al Juzgado de Garant\u00edas N\u00ba 3 Departamental, una orden de\nallanamiento,&nbsp; la cual fue otorgada y\nllevada a cabo el d\u00eda 26 de septiembre de 2019. <\/p>\n\n\n\n<p>En el marco de dicha medida se procedi\u00f3 al\nsecuestro seis envoltorios de nylon, que en su interior conten\u00eda una sustancia\npolvorienta color blanca, similar al clorhidrato de coca\u00edna, un trozo de bolsa\nde nylon negro, abierta, que estaba sobre un plato, la que conten\u00eda una\nsustancia polvorienta de color blanco, trozos de pastillas, tarjetas con\nrastros de la sustancia; gran cantidad de trozos de nylon cortados, con la\nintenci\u00f3n de envolver la sustancia fraccionada, elementos de corte y una\nbalanza de precisi\u00f3n. Tambi\u00e9n se encontr\u00f3 una billetera con una importante suma\nde dinero.<\/p>\n\n\n\n<p>El peso total de la coca\u00edna secuestrada arrojo\n28,55 gr. Ante el hallazgo se procedi\u00f3 a la aprehensi\u00f3n del sospechoso.<\/p>\n\n\n\n<p>El imputado compareci\u00f3 este viernes ante el\nagente fiscal en el marco de la audiencia de declaraci\u00f3n en los t\u00e9rminos del\nart. 308 del C\u00f3digo Procesal Penal, tras lo cual se solicit\u00f3 la conversi\u00f3n de\nla aprehensi\u00f3n en detenci\u00f3n al Juzgado de Garant\u00edas.<\/p>\n","protected":false},"excerpt":{"rendered":"<p>En la jornada del pasado jueves, personal policial de la Polic\u00eda Federal Argentina procedi\u00f3 a la aprehensi\u00f3n de un sujeto &#8230; <a title=\"Aprehendido por  comercializaci\u00f3n de estupefacientes\" class=\"read-more\" href=\"https:\/\/www.hoymercedes.com.ar\/principal\/2019\/09\/29\/aprehendido-por-comercializacion-de-estupefacientes\/\" aria-label=\"Leer m\u00e1s sobre Aprehendido por  comercializaci\u00f3n de estupefacientes\">Leer m\u00e1s<\/a><\/p>\n","protected":false},"author":1,"featured_media":91346,"comment_status":"closed","ping_status":"open","sticky":false,"template":"","format":"standard","meta":{"_monsterinsights_skip_tracking":false,"_monsterinsights_sitenote_active":false,"_monsterinsights_sitenote_note":"","_monsterinsights_sitenote_category":0,"jetpack_post_was_ever_published":false,"_jetpack_newsletter_access":"","_jetpack_dont_email_post_to_subs":false,"_jetpack_newsletter_tier_id":0,"_jetpack_memberships_contains_paywalled_content":false,"_jetpack_memberships_contains_paid_content":false,"footnotes":"","jetpack_publicize_message":"","jetpack_publicize_feature_enabled":true,"jetpack_social_post_already_shared":true,"jetpack_social_options":{"image_generator_settings":{"template":"highway","default_image_id":0,"font":"","enabled":false},"version":2},"_wpas_customize_per_network":false},"categories":[85],"tags":[11757,27,6549,96],"class_list":["post-100663","post","type-post","status-publish","format-standard","has-post-thumbnail","hentry","category-policial","tag-aprehendidos","tag-drogas","tag-policia-federal","tag-policial-2","generate-columns","tablet-grid-50","mobile-grid-100","grid-parent","grid-50"],"jetpack_publicize_connections":[],"jetpack_featured_media_url":"https:\/\/www.hoymercedes.com.ar\/principal\/wp-content\/uploads\/2019\/04\/14-policia-federal.jpeg","wps_subtitle":"Investigaci\u00f3n conjunta","jetpack_sharing_enabled":true,"_links":{"self":[{"href":"https:\/\/www.hoymercedes.com.ar\/principal\/wp-json\/wp\/v2\/posts\/100663","targetHints":{"allow":["GET"]}}],"collection":[{"href":"https:\/\/www.hoymercedes.com.ar\/principal\/wp-json\/wp\/v2\/posts"}],"about":[{"href":"https:\/\/www.hoymercedes.com.ar\/principal\/wp-json\/wp\/v2\/types\/post"}],"author":[{"embeddable":true,"href":"https:\/\/www.hoymercedes.com.ar\/principal\/wp-json\/wp\/v2\/users\/1"}],"replies":[{"embeddable":true,"href":"https:\/\/www.hoymercedes.com.ar\/principal\/wp-json\/wp\/v2\/comments?post=100663"}],"version-history":[{"count":0,"href":"https:\/\/www.hoymercedes.com.ar\/principal\/wp-json\/wp\/v2\/posts\/100663\/revisions"}],"wp:featuredmedia":[{"embeddable":true,"href":"https:\/\/www.hoymercedes.com.ar\/principal\/wp-json\/wp\/v2\/media\/91346"}],"wp:attachment":[{"href":"https:\/\/www.hoymercedes.com.ar\/principal\/wp-json\/wp\/v2\/media?parent=100663"}],"wp:term":[{"taxonomy":"category","embeddable":true,"href":"https:\/\/www.hoymercedes.com.ar\/principal\/wp-json\/wp\/v2\/categories?post=100663"},{"taxonomy":"post_tag","embeddable":true,"href":"https:\/\/www.hoymercedes.com.ar\/principal\/wp-json\/wp\/v2\/tags?post=100663"}],"curies":[{"name":"wp","href":"https:\/\/api.w.org\/{rel}","templated":true}]}}