{"id":100700,"date":"2019-09-30T07:30:23","date_gmt":"2019-09-30T10:30:23","guid":{"rendered":"http:\/\/www.hoymercedes.com.ar\/principal\/?p=100700"},"modified":"2019-09-30T09:48:18","modified_gmt":"2019-09-30T12:48:18","slug":"dos-aprehendidos-por-robo-en-un-predio-rural","status":"publish","type":"post","link":"https:\/\/www.hoymercedes.com.ar\/principal\/2019\/09\/30\/dos-aprehendidos-por-robo-en-un-predio-rural\/","title":{"rendered":"Dos aprehendidos por robo en un predio rural"},"content":{"rendered":"\n<p>El martes, en\nhoras de la tarde, dos personas arribaron a un predio rural ubicado en el\nkil\u00f3metro 164.500 de la ruta nacional N\u00b0 5, partido de la ciudad de Chivilcoy.\nAprovechando que los moradores no estaban presentes, ingresaron a un galp\u00f3n\ncercano a la vivienda, y tras romper el candado de seguridad sustrajeron en\nforma ileg\u00edtima diversas herramientas y elementos de trabajo rural que hab\u00eda en\nsu interior. Una vez con el bot\u00edn en su poder se retiraron del lugar.<\/p>\n\n\n\n<p>Pocas horas\ndespu\u00e9s personal policial de la comisar\u00eda de Chivilcoy que se encontraba\nrecorriendo la jurisdicci\u00f3n en prevenci\u00f3n de delitos, observaron a dos sujetos\na bordo de una motocicleta los cuales circulaban por ruta nacional 5 y tomaron\nun camino de tierra.<\/p>\n\n\n\n<p>Con intenci\u00f3n de\nidentificaron a sus ocupantes los siguieron y solicitaron que detengan su\nmarcha. Observaron que llevaban consigo varias pertenencias de dudosa\nprocedencia.<\/p>\n\n\n\n<p>En esos instantes\nse acerc\u00f3 al lugar un sujeto que circulaba en una motocicleta, quien manifest\u00f3\nespont\u00e1neamente que uno de los objetos que llevaban era propiedad del campo de\nsu patr\u00f3n, donde hac\u00eda unos instantes se hab\u00eda cometido un il\u00edcito. <\/p>\n\n\n\n<p>Ante ello, los\nagentes procedieron a requisar a los sujetos hallando dentro de una mochila de\ncolor azul con vivos en celeste que llevaban estos sujetos consigo, diferentes\nherramientas y los aprehendieron.<\/p>\n\n\n\n<p>M\u00e1s tarde se\nprocedi\u00f3 a realizar, conjuntamente con el personal del establecimiento rural,\nun rastrillaje por los lugares aleda\u00f1os y en recorrido camino al lugar del\nhecho donde lograron hallar varios bienes escondidos entre los pastizales. Por\n\u00faltimo, el propietario y los empelados del campo reconocieron los bienes\nincautados.<\/p>\n\n\n\n<p>Se labraron las\nactuaciones a instancias de la UFIJ N.\u00ba 6 del Departamento Judicial Mercedes, a\ncargo del dr. Luis Carcagno, y en la jornada de este jueves por el delito de\n\u201cRobo agravado por su comisi\u00f3n en despoblado\u201d.<\/p>\n\n\n\n<p>En la jornada de este jueves comparecieron ante el agente fiscal en el marco de la audiencia de declaraci\u00f3n en los t\u00e9rminos del art. 308 del C\u00f3digo Procesal Penal.<\/p>\n\n\n\n<p>Fuente: Ministerio p\u00fablico bonaerenses &#8211; Depto Judicial Mercedes<\/p>\n","protected":false},"excerpt":{"rendered":"<p>El martes, en horas de la tarde, dos personas arribaron a un predio rural ubicado en el kil\u00f3metro 164.500 de &#8230; <a title=\"Dos aprehendidos por robo en un predio rural\" class=\"read-more\" href=\"https:\/\/www.hoymercedes.com.ar\/principal\/2019\/09\/30\/dos-aprehendidos-por-robo-en-un-predio-rural\/\" aria-label=\"Leer m\u00e1s sobre Dos aprehendidos por robo en un predio rural\">Leer m\u00e1s<\/a><\/p>\n","protected":false},"author":1,"featured_media":92785,"comment_status":"closed","ping_status":"open","sticky":false,"template":"","format":"standard","meta":{"_monsterinsights_skip_tracking":false,"_monsterinsights_sitenote_active":false,"_monsterinsights_sitenote_note":"","_monsterinsights_sitenote_category":0,"jetpack_post_was_ever_published":false,"_jetpack_newsletter_access":"","_jetpack_dont_email_post_to_subs":false,"_jetpack_newsletter_tier_id":0,"_jetpack_memberships_contains_paywalled_content":false,"_jetpack_memberships_contains_paid_content":false,"footnotes":"","jetpack_publicize_message":"","jetpack_publicize_feature_enabled":true,"jetpack_social_post_already_shared":true,"jetpack_social_options":{"image_generator_settings":{"template":"highway","default_image_id":0,"font":"","enabled":false},"version":2},"_wpas_customize_per_network":false},"categories":[85],"tags":[62,96,1057],"class_list":["post-100700","post","type-post","status-publish","format-standard","has-post-thumbnail","hentry","category-policial","tag-chivilcoy","tag-policial-2","tag-regional","generate-columns","tablet-grid-50","mobile-grid-100","grid-parent","grid-50"],"jetpack_publicize_connections":[],"jetpack_featured_media_url":"https:\/\/www.hoymercedes.com.ar\/principal\/wp-content\/uploads\/2019\/05\/12-policia-patrulleros.jpg","wps_subtitle":"Regional: Chivilcoy","jetpack_sharing_enabled":true,"_links":{"self":[{"href":"https:\/\/www.hoymercedes.com.ar\/principal\/wp-json\/wp\/v2\/posts\/100700","targetHints":{"allow":["GET"]}}],"collection":[{"href":"https:\/\/www.hoymercedes.com.ar\/principal\/wp-json\/wp\/v2\/posts"}],"about":[{"href":"https:\/\/www.hoymercedes.com.ar\/principal\/wp-json\/wp\/v2\/types\/post"}],"author":[{"embeddable":true,"href":"https:\/\/www.hoymercedes.com.ar\/principal\/wp-json\/wp\/v2\/users\/1"}],"replies":[{"embeddable":true,"href":"https:\/\/www.hoymercedes.com.ar\/principal\/wp-json\/wp\/v2\/comments?post=100700"}],"version-history":[{"count":0,"href":"https:\/\/www.hoymercedes.com.ar\/principal\/wp-json\/wp\/v2\/posts\/100700\/revisions"}],"wp:featuredmedia":[{"embeddable":true,"href":"https:\/\/www.hoymercedes.com.ar\/principal\/wp-json\/wp\/v2\/media\/92785"}],"wp:attachment":[{"href":"https:\/\/www.hoymercedes.com.ar\/principal\/wp-json\/wp\/v2\/media?parent=100700"}],"wp:term":[{"taxonomy":"category","embeddable":true,"href":"https:\/\/www.hoymercedes.com.ar\/principal\/wp-json\/wp\/v2\/categories?post=100700"},{"taxonomy":"post_tag","embeddable":true,"href":"https:\/\/www.hoymercedes.com.ar\/principal\/wp-json\/wp\/v2\/tags?post=100700"}],"curies":[{"name":"wp","href":"https:\/\/api.w.org\/{rel}","templated":true}]}}