{"id":100709,"date":"2019-09-30T10:38:18","date_gmt":"2019-09-30T13:38:18","guid":{"rendered":"http:\/\/www.hoymercedes.com.ar\/principal\/?p=100709"},"modified":"2019-09-30T09:48:48","modified_gmt":"2019-09-30T12:48:48","slug":"restrepo-rivera-dara-una-charla-sobre-agricultura-organica","status":"publish","type":"post","link":"https:\/\/www.hoymercedes.com.ar\/principal\/2019\/09\/30\/restrepo-rivera-dara-una-charla-sobre-agricultura-organica\/","title":{"rendered":"Restrepo Rivera dar\u00e1 una charla sobre agricultura org\u00e1nica"},"content":{"rendered":"\n<p>Tal como lo hizo en oportunidades anteriores ante un grupo de productores agroecol\u00f3gicos, el Ing. Agron. Jairo Restrepo Rivera vuelve a la ciudad. En esta oportunidad, dar\u00e1 una charla abierta a la comunidad sobre la importancia de la producci\u00f3n org\u00e1nica o agroecol\u00f3gica y un taller de tres d\u00edas. <\/p>\n\n\n\n<p>Charla abierta: Jueves 2 de octubre, 19 hs, en el Complejo Cultura La Trocha donde expondr\u00e1 sobre la biocolonizaci\u00f3n y la necesidad de un modelo de agricultura no contaminante, no extractiva que genere alimentos sanos accesible a todos los productores agropecuarios.<\/p>\n\n\n\n<p>Curso taller: 4, 5 y 6 de octubre, con jornada doble, de 8 a 17 horas, siendo rentado el acceso realiz\u00e1ndose en la Escuela de Educaci\u00f3n Agraria N\u00b01 (Ruta n\u00ba41 y Av Dorrego) all\u00ed habr\u00e1 un curso taller te\u00f3rico y pr\u00e1ctico que brinda t\u00e9cnicas de c\u00f3mo realizar preparados utilizables en la nutrici\u00f3n vegetal y control org\u00e1nico de plagas y enfermedades en cultivos con el objetivo de reducir costos con autogesti\u00f3n de bio-insumos y propuestas que sean accesibles a todos los productores quien est\u00e9 interesado podr\u00e1 consulta al 02324 &#8211; 15527725. <\/p>\n\n\n\n<p>Jairo Restrepo Rivera, nacido en Colombia y con nacionalidad brasile\u00f1a, es Ingeniero Agr\u00f3nomo, especialista en Agricultura Org\u00e1nica y consultor internacional para Am\u00e9rica Latina, el Caribe, Australia, \u00c1frica y Europa. Ha escrito y publicado muchos&nbsp;art\u00edculos cient\u00edficos y 14 libros&nbsp;en el tema de la Agricultura Org\u00e1nica. Ha impartido cientos de&nbsp;conferencias y cursos&nbsp;por todo el mundo en temas de agricultura org\u00e1nica regenerativa, bio-fertilidad, protecci\u00f3n ambiental, y desarrollo sostenible, incluida la participaci\u00f3n en m\u00e1s de 37 universidades e institutos de investigaci\u00f3n de Am\u00e9rica Latina y el Caribe.<\/p>\n","protected":false},"excerpt":{"rendered":"<p>Tal como lo hizo en oportunidades anteriores ante un grupo de productores agroecol\u00f3gicos, el Ing. Agron. Jairo Restrepo Rivera vuelve &#8230; <a title=\"Restrepo Rivera dar\u00e1 una charla sobre agricultura org\u00e1nica\" class=\"read-more\" href=\"https:\/\/www.hoymercedes.com.ar\/principal\/2019\/09\/30\/restrepo-rivera-dara-una-charla-sobre-agricultura-organica\/\" aria-label=\"Leer m\u00e1s sobre Restrepo Rivera dar\u00e1 una charla sobre agricultura org\u00e1nica\">Leer m\u00e1s<\/a><\/p>\n","protected":false},"author":1,"featured_media":100710,"comment_status":"closed","ping_status":"open","sticky":false,"template":"","format":"standard","meta":{"_monsterinsights_skip_tracking":false,"_monsterinsights_sitenote_active":false,"_monsterinsights_sitenote_note":"","_monsterinsights_sitenote_category":0,"jetpack_post_was_ever_published":false,"_jetpack_newsletter_access":"","_jetpack_dont_email_post_to_subs":false,"_jetpack_newsletter_tier_id":0,"_jetpack_memberships_contains_paywalled_content":false,"_jetpack_memberships_contains_paid_content":false,"footnotes":"","jetpack_publicize_message":"","jetpack_publicize_feature_enabled":true,"jetpack_social_post_already_shared":true,"jetpack_social_options":{"image_generator_settings":{"template":"highway","default_image_id":0,"font":"","enabled":false},"version":2},"_wpas_customize_per_network":false},"categories":[30],"tags":[9947,6540,244],"class_list":["post-100709","post","type-post","status-publish","format-standard","has-post-thumbnail","hentry","category-municipio","tag-agroecologia","tag-charla","tag-municipio-2","generate-columns","tablet-grid-50","mobile-grid-100","grid-parent","grid-50"],"jetpack_publicize_connections":[],"jetpack_featured_media_url":"https:\/\/www.hoymercedes.com.ar\/principal\/wp-content\/uploads\/2019\/09\/30-restrepo.jpg","wps_subtitle":"Nuevamente en la ciudad","jetpack_sharing_enabled":true,"_links":{"self":[{"href":"https:\/\/www.hoymercedes.com.ar\/principal\/wp-json\/wp\/v2\/posts\/100709","targetHints":{"allow":["GET"]}}],"collection":[{"href":"https:\/\/www.hoymercedes.com.ar\/principal\/wp-json\/wp\/v2\/posts"}],"about":[{"href":"https:\/\/www.hoymercedes.com.ar\/principal\/wp-json\/wp\/v2\/types\/post"}],"author":[{"embeddable":true,"href":"https:\/\/www.hoymercedes.com.ar\/principal\/wp-json\/wp\/v2\/users\/1"}],"replies":[{"embeddable":true,"href":"https:\/\/www.hoymercedes.com.ar\/principal\/wp-json\/wp\/v2\/comments?post=100709"}],"version-history":[{"count":0,"href":"https:\/\/www.hoymercedes.com.ar\/principal\/wp-json\/wp\/v2\/posts\/100709\/revisions"}],"wp:featuredmedia":[{"embeddable":true,"href":"https:\/\/www.hoymercedes.com.ar\/principal\/wp-json\/wp\/v2\/media\/100710"}],"wp:attachment":[{"href":"https:\/\/www.hoymercedes.com.ar\/principal\/wp-json\/wp\/v2\/media?parent=100709"}],"wp:term":[{"taxonomy":"category","embeddable":true,"href":"https:\/\/www.hoymercedes.com.ar\/principal\/wp-json\/wp\/v2\/categories?post=100709"},{"taxonomy":"post_tag","embeddable":true,"href":"https:\/\/www.hoymercedes.com.ar\/principal\/wp-json\/wp\/v2\/tags?post=100709"}],"curies":[{"name":"wp","href":"https:\/\/api.w.org\/{rel}","templated":true}]}}