{"id":100766,"date":"2019-10-02T10:39:16","date_gmt":"2019-10-02T13:39:16","guid":{"rendered":"http:\/\/www.hoymercedes.com.ar\/principal\/?p=100766"},"modified":"2019-10-02T15:30:16","modified_gmt":"2019-10-02T18:30:16","slug":"mercedes-participo-del-tercer-encuentro-federal-de-derechos-humanos","status":"publish","type":"post","link":"https:\/\/www.hoymercedes.com.ar\/principal\/2019\/10\/02\/mercedes-participo-del-tercer-encuentro-federal-de-derechos-humanos\/","title":{"rendered":"Mercedes particip\u00f3 del Tercer Encuentro Federal de Derechos Humanos"},"content":{"rendered":"\n<p><em>Cuarenta mercedinos participaron del evento realizado el s\u00e1bado pasado en la Ex ESMA. El referente del \u00e1rea de DDHH Municipal, Sergio Carini, cont\u00f3 que le entregaron es persona a Estela de Carloto un retrato de ella y su nieto realizado por Javier Navarro.<\/em><\/p>\n\n\n\n<figure class=\"wp-block-image\"><img loading=\"lazy\" decoding=\"async\" width=\"800\" height=\"534\" data-attachment-id=\"100767\" data-permalink=\"https:\/\/www.hoymercedes.com.ar\/principal\/2019\/10\/02\/mercedes-participo-del-tercer-encuentro-federal-de-derechos-humanos\/02-ddhh1\/#main\" data-orig-file=\"https:\/\/www.hoymercedes.com.ar\/principal\/wp-content\/uploads\/2019\/10\/02-ddhh1.jpeg\" data-orig-size=\"800,534\" data-comments-opened=\"0\" data-image-meta=\"{&quot;aperture&quot;:&quot;0&quot;,&quot;credit&quot;:&quot;&quot;,&quot;camera&quot;:&quot;&quot;,&quot;caption&quot;:&quot;&quot;,&quot;created_timestamp&quot;:&quot;0&quot;,&quot;copyright&quot;:&quot;&quot;,&quot;focal_length&quot;:&quot;0&quot;,&quot;iso&quot;:&quot;0&quot;,&quot;shutter_speed&quot;:&quot;0&quot;,&quot;title&quot;:&quot;&quot;,&quot;orientation&quot;:&quot;0&quot;}\" data-image-title=\"02 ddhh1\" data-image-description=\"\" data-image-caption=\"\" data-large-file=\"https:\/\/www.hoymercedes.com.ar\/principal\/wp-content\/uploads\/2019\/10\/02-ddhh1.jpeg\" src=\"https:\/\/www.hoymercedes.com.ar\/principal\/wp-content\/uploads\/2019\/10\/02-ddhh1.jpeg\" alt=\"\" class=\"wp-image-100767\" srcset=\"https:\/\/www.hoymercedes.com.ar\/principal\/wp-content\/uploads\/2019\/10\/02-ddhh1.jpeg 800w, https:\/\/www.hoymercedes.com.ar\/principal\/wp-content\/uploads\/2019\/10\/02-ddhh1-150x100.jpeg 150w, https:\/\/www.hoymercedes.com.ar\/principal\/wp-content\/uploads\/2019\/10\/02-ddhh1-630x421.jpeg 630w, https:\/\/www.hoymercedes.com.ar\/principal\/wp-content\/uploads\/2019\/10\/02-ddhh1-720x480.jpeg 720w, https:\/\/www.hoymercedes.com.ar\/principal\/wp-content\/uploads\/2019\/10\/02-ddhh1-360x240.jpeg 360w\" sizes=\"auto, (max-width: 800px) 100vw, 800px\" \/><\/figure>\n\n\n\n<p>Desde la Coordinaci\u00f3n de Derechos Humanos de la Municipalidad de\nMercedes se particip\u00f3, a trav\u00e9s de una importante delegaci\u00f3n del \u201cTercer\nencuentro Federal de Derechos Humanos\u201d. El mismo estuvo organizado por\ndiferentes representaste del todo el pa\u00eds, entre ellas La Agrupaci\u00f3n HIJOS,\nMadres de Plaza de Mayo L\u00ednea Fundadora, familiares de detenidos desaparecidos\ndurante la \u00faltima dictadura militar y espacios de memoria. El lugar elegido fue\nel emblem\u00e1tico edificio de la Ex ESMA y asistieron m\u00e1s de 1.800 personas, entre\nellas, cuarenta eran de nuestra ciudad.<\/p>\n\n\n\n<p>El responsable del \u00e1rea de Derechos Humanos Municipal, Sergio Carini se\u00f1al\u00f3\n\u201cnosotros como integrantes de la Red Provincial de Derechos Humanos asistimos a\neste encuentro que ten\u00eda como objetivo de realizar un an\u00e1lisis de la situaci\u00f3n\nactual de los Derechos Humanos, los retrocesos de la pol\u00edticas p\u00fablicas que ha\nhabido en los \u00faltimos cuatro a\u00f1os. Efectuamos algunos ejes de acci\u00f3n para\nllevar como propuesta al pr\u00f3ximos gobierno\u201d.<\/p>\n\n\n\n<p>A su vez, Carini explic\u00f3 \u201cla delegaci\u00f3n de nuestra ciudad estaba\ncompuesta por la Coordinaci\u00f3n de Derechos Humanos, Concejales de Unidad\nCiudadana, Funcionarios municipales, trabajadores, estudiantes, docentes,\nintegrantes de la Comisi\u00f3n Municipal por la Memoria y familiares de detenidos\ndesaparecidos, es decir, una asistencia muy variada por parte de Mercedes\u201d.<\/p>\n\n\n\n<p>\u201cTanto en la apertura como en el cierre hubo personalidades importantes vinculadas a esta importante tem\u00e1tica, tanto de nivel nacional como internacional, como Estela de Carlotto a qui\u00e9n le entregamos un retrato de ella y su nieto realizado por el artista Javier Navarro\u201d indic\u00f3 Carini.<\/p>\n\n\n\n<figure class=\"wp-block-image\"><img loading=\"lazy\" decoding=\"async\" width=\"800\" height=\"450\" data-attachment-id=\"100768\" data-permalink=\"https:\/\/www.hoymercedes.com.ar\/principal\/2019\/10\/02\/mercedes-participo-del-tercer-encuentro-federal-de-derechos-humanos\/02-ddhh2\/#main\" data-orig-file=\"https:\/\/www.hoymercedes.com.ar\/principal\/wp-content\/uploads\/2019\/10\/02-ddhh2.jpeg\" data-orig-size=\"800,450\" data-comments-opened=\"0\" data-image-meta=\"{&quot;aperture&quot;:&quot;0&quot;,&quot;credit&quot;:&quot;&quot;,&quot;camera&quot;:&quot;&quot;,&quot;caption&quot;:&quot;&quot;,&quot;created_timestamp&quot;:&quot;0&quot;,&quot;copyright&quot;:&quot;&quot;,&quot;focal_length&quot;:&quot;0&quot;,&quot;iso&quot;:&quot;0&quot;,&quot;shutter_speed&quot;:&quot;0&quot;,&quot;title&quot;:&quot;&quot;,&quot;orientation&quot;:&quot;0&quot;}\" data-image-title=\"02 ddhh2\" data-image-description=\"\" data-image-caption=\"\" data-large-file=\"https:\/\/www.hoymercedes.com.ar\/principal\/wp-content\/uploads\/2019\/10\/02-ddhh2.jpeg\" src=\"https:\/\/www.hoymercedes.com.ar\/principal\/wp-content\/uploads\/2019\/10\/02-ddhh2.jpeg\" alt=\"\" class=\"wp-image-100768\" srcset=\"https:\/\/www.hoymercedes.com.ar\/principal\/wp-content\/uploads\/2019\/10\/02-ddhh2.jpeg 800w, https:\/\/www.hoymercedes.com.ar\/principal\/wp-content\/uploads\/2019\/10\/02-ddhh2-150x84.jpeg 150w, https:\/\/www.hoymercedes.com.ar\/principal\/wp-content\/uploads\/2019\/10\/02-ddhh2-630x354.jpeg 630w\" sizes=\"auto, (max-width: 800px) 100vw, 800px\" \/><\/figure>\n\n\n\n<p>Los participantes fueron divididos en once comisiones las cuales giraron\nen torno a diversos ejes. Algunos de ellos fueron: Juicios de Lesa Humanidad,\nViolencia institucional: FFAA &#8211; Fuerzas de Seguridad &#8211; Represi\u00f3n de la protesta\nsocial; Lawfare; Pueblos Originarios y el Derecho a la tierra; Migrantes y\ncomunidad Afrodescendiente; Diversidades; Trabajo y DDHH; Salud mental y DDHH y\nComunicaci\u00f3n y DDHH.<\/p>\n\n\n\n<p>El comienzo de las jornadas estuvo a cargo del premio Nobel de la Paz\nAdolfo P\u00e9rez Esquivel y de Sergio Maldonado, hermano de Santiago. El cierre fue\nun panel en el que estuvieron Lita Boitano de familiares de Detenidos y\nDesaparecidos, \u201cTaty\u201d Almeida de Madres de Plaza de Mayo LF, Horacio\nPietragalla Corti, nieto recuperado y Diputado Nacional, Estela de Carlotto,\npresidenta de Abuelas de Plaza de Mayo y el brasile\u00f1o Luis Eduardo Greenhalgh,\nfundador del PT y abogado de Lula Da Silva.<\/p>\n","protected":false},"excerpt":{"rendered":"<p>Cuarenta mercedinos participaron del evento realizado el s\u00e1bado pasado en la Ex ESMA. El referente del \u00e1rea de DDHH Municipal, &#8230; <a title=\"Mercedes particip\u00f3 del Tercer Encuentro Federal de Derechos Humanos\" class=\"read-more\" href=\"https:\/\/www.hoymercedes.com.ar\/principal\/2019\/10\/02\/mercedes-participo-del-tercer-encuentro-federal-de-derechos-humanos\/\" aria-label=\"Leer m\u00e1s sobre Mercedes particip\u00f3 del Tercer Encuentro Federal de Derechos Humanos\">Leer m\u00e1s<\/a><\/p>\n","protected":false},"author":1,"featured_media":100768,"comment_status":"closed","ping_status":"open","sticky":false,"template":"","format":"standard","meta":{"_monsterinsights_skip_tracking":false,"_monsterinsights_sitenote_active":false,"_monsterinsights_sitenote_note":"","_monsterinsights_sitenote_category":0,"jetpack_post_was_ever_published":false,"_jetpack_newsletter_access":"","_jetpack_dont_email_post_to_subs":false,"_jetpack_newsletter_tier_id":0,"_jetpack_memberships_contains_paywalled_content":false,"_jetpack_memberships_contains_paid_content":false,"footnotes":"","jetpack_publicize_message":"","jetpack_publicize_feature_enabled":true,"jetpack_social_post_already_shared":true,"jetpack_social_options":{"image_generator_settings":{"template":"highway","default_image_id":0,"font":"","enabled":false},"version":2},"_wpas_customize_per_network":false},"categories":[30],"tags":[9311,244],"class_list":["post-100766","post","type-post","status-publish","format-standard","has-post-thumbnail","hentry","category-municipio","tag-ddhh","tag-municipio-2","generate-columns","tablet-grid-50","mobile-grid-100","grid-parent","grid-50"],"jetpack_publicize_connections":[],"jetpack_featured_media_url":"https:\/\/www.hoymercedes.com.ar\/principal\/wp-content\/uploads\/2019\/10\/02-ddhh2.jpeg","wps_subtitle":"En la Ex ESMA","jetpack_sharing_enabled":true,"_links":{"self":[{"href":"https:\/\/www.hoymercedes.com.ar\/principal\/wp-json\/wp\/v2\/posts\/100766","targetHints":{"allow":["GET"]}}],"collection":[{"href":"https:\/\/www.hoymercedes.com.ar\/principal\/wp-json\/wp\/v2\/posts"}],"about":[{"href":"https:\/\/www.hoymercedes.com.ar\/principal\/wp-json\/wp\/v2\/types\/post"}],"author":[{"embeddable":true,"href":"https:\/\/www.hoymercedes.com.ar\/principal\/wp-json\/wp\/v2\/users\/1"}],"replies":[{"embeddable":true,"href":"https:\/\/www.hoymercedes.com.ar\/principal\/wp-json\/wp\/v2\/comments?post=100766"}],"version-history":[{"count":0,"href":"https:\/\/www.hoymercedes.com.ar\/principal\/wp-json\/wp\/v2\/posts\/100766\/revisions"}],"wp:featuredmedia":[{"embeddable":true,"href":"https:\/\/www.hoymercedes.com.ar\/principal\/wp-json\/wp\/v2\/media\/100768"}],"wp:attachment":[{"href":"https:\/\/www.hoymercedes.com.ar\/principal\/wp-json\/wp\/v2\/media?parent=100766"}],"wp:term":[{"taxonomy":"category","embeddable":true,"href":"https:\/\/www.hoymercedes.com.ar\/principal\/wp-json\/wp\/v2\/categories?post=100766"},{"taxonomy":"post_tag","embeddable":true,"href":"https:\/\/www.hoymercedes.com.ar\/principal\/wp-json\/wp\/v2\/tags?post=100766"}],"curies":[{"name":"wp","href":"https:\/\/api.w.org\/{rel}","templated":true}]}}