{"id":100792,"date":"2019-10-02T17:35:14","date_gmt":"2019-10-02T20:35:14","guid":{"rendered":"http:\/\/www.hoymercedes.com.ar\/principal\/?p=100792"},"modified":"2019-10-02T15:28:50","modified_gmt":"2019-10-02T18:28:50","slug":"vamos-creciendo-organiza-2-caminata-por-la-inclusion","status":"publish","type":"post","link":"https:\/\/www.hoymercedes.com.ar\/principal\/2019\/10\/02\/vamos-creciendo-organiza-2-caminata-por-la-inclusion\/","title":{"rendered":"Vamos Creciendo organiza 2\u00b0 Caminata por la Inclusi\u00f3n"},"content":{"rendered":"\n<p>Por segundo a\u00f1o consecutivo, la Escuela de\nEducaci\u00f3n Especial \u201cVamos Creciendo\u201d llevar\u00e1 adelante una Caminata por la\nInclusi\u00f3n bajo el lema \u201cAbriendo Camino a la Inclusi\u00f3n. Cada quien brilla a su\nmanera y una luz no opaca a la otra, sino que juntas brillan m\u00e1s\u201d. <\/p>\n\n\n\n<p>En esta oportunidad, ser\u00e1 el jueves 3 de octubre a\npartir de la hora 9. La convocatoria se inicia en la sede de la instituci\u00f3n\neducativa, en calle 4 y 29, para luego caminar hasta la Plaza San Mart\u00edn. <\/p>\n\n\n\n<p>Desde otros puntos de la ciudad, saldr\u00e1n otras\ncolumnas de personas caminando. Desde la 38 y 47, saldr\u00e1n tambi\u00e9n un grupo y\notro, desde la 14 y 9, y otro grupo m\u00e1s desde la 12 y 35. Todas las columnas\nconfluir\u00e1n en la Plaza San Mart\u00edn para terminar con la caminata por la\ninclusi\u00f3n frente al Palacio Municipal. <\/p>\n\n\n\n<p>El a\u00f1o pasado, Vamos Creciendo cont\u00f3 con la\nparticipaci\u00f3n de familiares y amigos. Este a\u00f1o se suman y acompa\u00f1an la Escuela de\nEducaci\u00f3n Especial N\u00b0 503, la Escuela de Educaci\u00f3n Especial N\u00b0 504, el Centro\nde Formaci\u00f3n Integral N\u00b0 1, CATDI N\u00ba 1, CAIDIM, Hogar Granja Arco Iris,\nInstituto Diferencial Privado Sukich, y el CETIM.<\/p>\n","protected":false},"excerpt":{"rendered":"<p>Por segundo a\u00f1o consecutivo, la Escuela de Educaci\u00f3n Especial \u201cVamos Creciendo\u201d llevar\u00e1 adelante una Caminata por la Inclusi\u00f3n bajo el &#8230; <a title=\"Vamos Creciendo organiza 2\u00b0 Caminata por la Inclusi\u00f3n\" class=\"read-more\" href=\"https:\/\/www.hoymercedes.com.ar\/principal\/2019\/10\/02\/vamos-creciendo-organiza-2-caminata-por-la-inclusion\/\" aria-label=\"Leer m\u00e1s sobre Vamos Creciendo organiza 2\u00b0 Caminata por la Inclusi\u00f3n\">Leer m\u00e1s<\/a><\/p>\n","protected":false},"author":1,"featured_media":100793,"comment_status":"closed","ping_status":"open","sticky":false,"template":"","format":"standard","meta":{"_monsterinsights_skip_tracking":false,"_monsterinsights_sitenote_active":false,"_monsterinsights_sitenote_note":"","_monsterinsights_sitenote_category":0,"jetpack_post_was_ever_published":false,"_jetpack_newsletter_access":"","_jetpack_dont_email_post_to_subs":false,"_jetpack_newsletter_tier_id":0,"_jetpack_memberships_contains_paywalled_content":false,"_jetpack_memberships_contains_paid_content":false,"footnotes":"","jetpack_publicize_message":"","jetpack_publicize_feature_enabled":true,"jetpack_social_post_already_shared":true,"jetpack_social_options":{"image_generator_settings":{"template":"highway","default_image_id":0,"font":"","enabled":false},"version":2},"_wpas_customize_per_network":false},"categories":[23],"tags":[15811,14166,3971],"class_list":["post-100792","post","type-post","status-publish","format-standard","has-post-thumbnail","hentry","category-educacion","tag-caminata-por-la-inclusion","tag-educacion-especial","tag-vamos-creciendo","generate-columns","tablet-grid-50","mobile-grid-100","grid-parent","grid-50"],"jetpack_publicize_connections":[],"jetpack_featured_media_url":"https:\/\/www.hoymercedes.com.ar\/principal\/wp-content\/uploads\/2019\/10\/02-vamos-creciendo.jpg","wps_subtitle":"Para este jueves","jetpack_sharing_enabled":true,"_links":{"self":[{"href":"https:\/\/www.hoymercedes.com.ar\/principal\/wp-json\/wp\/v2\/posts\/100792","targetHints":{"allow":["GET"]}}],"collection":[{"href":"https:\/\/www.hoymercedes.com.ar\/principal\/wp-json\/wp\/v2\/posts"}],"about":[{"href":"https:\/\/www.hoymercedes.com.ar\/principal\/wp-json\/wp\/v2\/types\/post"}],"author":[{"embeddable":true,"href":"https:\/\/www.hoymercedes.com.ar\/principal\/wp-json\/wp\/v2\/users\/1"}],"replies":[{"embeddable":true,"href":"https:\/\/www.hoymercedes.com.ar\/principal\/wp-json\/wp\/v2\/comments?post=100792"}],"version-history":[{"count":0,"href":"https:\/\/www.hoymercedes.com.ar\/principal\/wp-json\/wp\/v2\/posts\/100792\/revisions"}],"wp:featuredmedia":[{"embeddable":true,"href":"https:\/\/www.hoymercedes.com.ar\/principal\/wp-json\/wp\/v2\/media\/100793"}],"wp:attachment":[{"href":"https:\/\/www.hoymercedes.com.ar\/principal\/wp-json\/wp\/v2\/media?parent=100792"}],"wp:term":[{"taxonomy":"category","embeddable":true,"href":"https:\/\/www.hoymercedes.com.ar\/principal\/wp-json\/wp\/v2\/categories?post=100792"},{"taxonomy":"post_tag","embeddable":true,"href":"https:\/\/www.hoymercedes.com.ar\/principal\/wp-json\/wp\/v2\/tags?post=100792"}],"curies":[{"name":"wp","href":"https:\/\/api.w.org\/{rel}","templated":true}]}}