{"id":100827,"date":"2019-10-03T07:52:57","date_gmt":"2019-10-03T10:52:57","guid":{"rendered":"http:\/\/www.hoymercedes.com.ar\/principal\/?p=100827"},"modified":"2019-10-03T00:23:48","modified_gmt":"2019-10-03T03:23:48","slug":"criticas-a-la-argentina-en-la-asamblea-de-las-naciones-unidas-por-medio-de-greta-thunberg","status":"publish","type":"post","link":"https:\/\/www.hoymercedes.com.ar\/principal\/2019\/10\/03\/criticas-a-la-argentina-en-la-asamblea-de-las-naciones-unidas-por-medio-de-greta-thunberg\/","title":{"rendered":"Cr\u00edticas a la Argentina en la Asamblea de las Naciones Unidas por medio de Greta Thunberg"},"content":{"rendered":"\n<p>Por  Cristi\u00e1n Frers* &#8211; <\/p>\n\n\n\n<p>La activista sueca Greta Thunberg\u00a0y integrantes del movimiento juvenil contra la crisis clim\u00e1tica, denunciaron a Argentina, Francia, Alemania, Brasil y Turqu\u00eda por violar los tratados internacionales sobre cambio clim\u00e1tico, mediante inacci\u00f3n.<\/p>\n\n\n\n<p>Mediante\nun documento presentado ante la ONU, los j\u00f3venes activistas aseguraron que la\nviolaci\u00f3n recae en la incapacidad de los Estados para afrontar la crisis\nclim\u00e1tica y exigieron al organismo que proteja a las nuevas generaciones.&nbsp;<\/p>\n\n\n\n<p>En\nel documento se indica que Argentina se ubica en el puesto 29, entre los 50\nprincipales emisores hist\u00f3ricos desde 1850, seg\u00fan las emisiones de combustibles\nf\u00f3siles.<\/p>\n\n\n\n<p>Tambi\u00e9n\nse acusa a nuestro pa\u00eds por faltar a su compromiso asumido en el marco del\nAcuerdo de Par\u00eds, donde se estableci\u00f3 como objetivo reducir las emisiones de\ngases a&nbsp; 422 millones de toneladas para 2030.&nbsp;<\/p>\n\n\n\n<p>Las\nemisiones de Argentina son el resultado de elecciones pol\u00edticas deliberadas. La\nmayor parte de las emisiones de Argentina provienen del sector energ\u00e9tico.\nTodav\u00eda Argentina contin\u00faa subsidiando los combustibles f\u00f3siles.<\/p>\n\n\n\n<p>Tambi\u00e9n\nse se\u00f1ala a nuestro pa\u00eds por no contar con un plan sectorial para descarbonizar\nla econom\u00eda para 2050.<\/p>\n\n\n\n<p>En\ncambio, el gobierno tiene la intenci\u00f3n de seguir desarrollando la industria del\ngas natural y hacen de este combustible la principal fuente de energ\u00eda en el\npa\u00eds.<\/p>\n\n\n\n<p>El\ncanciller <strong>Jorge\nFaurie<\/strong> asegur\u00f3 que Argentina es un pa\u00eds que \u201ccontamina muy poco\nen comparaci\u00f3n con el resto del mundo, menos del 0.7 de impacto en el\ncalentamiento global\u00bb y agrego <strong>\u201c<\/strong><strong>Hemos tenido una actitud\nproactiva<\/strong><strong>\u00ab<\/strong>,\nse\u00f1al\u00f3 el funcionario desde Nueva York, donde acompa\u00f1\u00f3 al presidente<strong>Mauricio Macri <\/strong>en\nuna nueva reuni\u00f3n de la Asamblea de las Naciones Unidas (ONU).<\/p>\n\n\n\n<p>Sin\nembargo, yo me encuentro m\u00e1s cerca de la posici\u00f3n de Greta Thunberg que la de Jorge\nFaurie porque tengo conocimiento que la inversi\u00f3n en energ\u00edas renovables en la\nmatriz energ\u00e9tica, hoy por hoy es de apenas un 4,8 % cuando para el ultimo d\u00eda\ndel 2019 esa inversi\u00f3n deber\u00eda llegar al 12 % de acuerdo a convenios firmados\nen el Protocolo de Paris. Estamos todav\u00eda LEJOS y bastante m\u00e1s lejos del 20 %\nprometido para el 2025.<\/p>\n\n\n\n<p>Se\ndenomina energ\u00edas renovables a aquellas fuentes energ\u00e9ticas basadas en la\nutilizaci\u00f3n del sol, el viento, el agua o la biomasa vegetal o animal -entre\notras-. Se caracterizan por no utilizar combustibles f\u00f3siles \u2013como sucede con\nlas energ\u00edas convencionales-, sino recursos capaces de renovarse\nilimitadamente. Su impacto ambiental es de menor magnitud dado que adem\u00e1s de no\nemplear recursos finitos, no generan contaminantes. Sus beneficios van desde la\ndiversificaci\u00f3n de la matriz energ\u00e9tica de la Argentina hasta el fomento a la\nindustria nacional; y desde el desarrollo de las econom\u00edas regionales hasta el\nimpulso de distintas industrias.<\/p>\n\n\n\n<p>El\npotencial de las energ\u00edas renovables para el pa\u00eds no solo est\u00e1 vinculado al\nabastecimiento de energ\u00eda m\u00e1s limpia y de la posibilidad de su federalizaci\u00f3n,\nsino porque abre la oportunidad de consolidar un nuevo sector industrial que traccionen\nun tejido productivo nacional, sobre la base tanto de capacidad instalada ya\nexistente como de nuevos nichos. Lo que queda claro es que no debe analizarse a\nla industria como un todo, ya que en su desglose es en donde es factible\nreconocer sus posibilidades.<\/p>\n\n\n\n<p><a>A lo largo de la historia, los\nseres humanos han utilizado la energ\u00eda del entorno para desarrollar y mejorar\nsu calidad de vida. Toda actividad que implique el aprovechamiento de los\nrecursos energ\u00e9ticos debe llevarse a cabo con la mayor responsabilidad posible,\npara promover el cuidado del ambiente.<\/a><\/p>\n\n\n\n<p>La\nrealidad es simple: solo tenemos un planeta en el que vivir y corremos el\nriesgo de perderlo si seguimos as\u00ed. El futuro tendr\u00e1 que ser renovable si\nqueremos subsistir como especie.<\/p>\n\n\n\n<p>*Cristi\u00e1n\nFrers \u2013 T\u00e9cnico Superior en Gesti\u00f3n Ambiental y T\u00e9cnico Superior en\nComunicaci\u00f3n Social (Periodista).<\/p>\n\n\n\n<p> <\/p>\n","protected":false},"excerpt":{"rendered":"<p>Por Cristi\u00e1n Frers* &#8211; La activista sueca Greta Thunberg\u00a0y integrantes del movimiento juvenil contra la crisis clim\u00e1tica, denunciaron a Argentina, &#8230; <a title=\"Cr\u00edticas a la Argentina en la Asamblea de las Naciones Unidas por medio de Greta Thunberg\" class=\"read-more\" href=\"https:\/\/www.hoymercedes.com.ar\/principal\/2019\/10\/03\/criticas-a-la-argentina-en-la-asamblea-de-las-naciones-unidas-por-medio-de-greta-thunberg\/\" aria-label=\"Leer m\u00e1s sobre Cr\u00edticas a la Argentina en la Asamblea de las Naciones Unidas por medio de Greta Thunberg\">Leer m\u00e1s<\/a><\/p>\n","protected":false},"author":1,"featured_media":100828,"comment_status":"closed","ping_status":"open","sticky":false,"template":"","format":"standard","meta":{"_monsterinsights_skip_tracking":false,"_monsterinsights_sitenote_active":false,"_monsterinsights_sitenote_note":"","_monsterinsights_sitenote_category":0,"jetpack_post_was_ever_published":false,"_jetpack_newsletter_access":"","_jetpack_dont_email_post_to_subs":false,"_jetpack_newsletter_tier_id":0,"_jetpack_memberships_contains_paywalled_content":false,"_jetpack_memberships_contains_paid_content":false,"footnotes":"","jetpack_publicize_message":"","jetpack_publicize_feature_enabled":true,"jetpack_social_post_already_shared":true,"jetpack_social_options":{"image_generator_settings":{"template":"highway","default_image_id":0,"font":"","enabled":false},"version":2},"_wpas_customize_per_network":false},"categories":[1],"tags":[13876,8748],"class_list":["post-100827","post","type-post","status-publish","format-standard","has-post-thumbnail","hentry","category-opinion","tag-cambio-climatico","tag-opinion","generate-columns","tablet-grid-50","mobile-grid-100","grid-parent","grid-50"],"jetpack_publicize_connections":[],"jetpack_featured_media_url":"https:\/\/www.hoymercedes.com.ar\/principal\/wp-content\/uploads\/2019\/10\/03-Greta-Thunberg-740x430.jpg","wps_subtitle":"Cambio clim\u00e1tico","jetpack_sharing_enabled":true,"_links":{"self":[{"href":"https:\/\/www.hoymercedes.com.ar\/principal\/wp-json\/wp\/v2\/posts\/100827","targetHints":{"allow":["GET"]}}],"collection":[{"href":"https:\/\/www.hoymercedes.com.ar\/principal\/wp-json\/wp\/v2\/posts"}],"about":[{"href":"https:\/\/www.hoymercedes.com.ar\/principal\/wp-json\/wp\/v2\/types\/post"}],"author":[{"embeddable":true,"href":"https:\/\/www.hoymercedes.com.ar\/principal\/wp-json\/wp\/v2\/users\/1"}],"replies":[{"embeddable":true,"href":"https:\/\/www.hoymercedes.com.ar\/principal\/wp-json\/wp\/v2\/comments?post=100827"}],"version-history":[{"count":0,"href":"https:\/\/www.hoymercedes.com.ar\/principal\/wp-json\/wp\/v2\/posts\/100827\/revisions"}],"wp:featuredmedia":[{"embeddable":true,"href":"https:\/\/www.hoymercedes.com.ar\/principal\/wp-json\/wp\/v2\/media\/100828"}],"wp:attachment":[{"href":"https:\/\/www.hoymercedes.com.ar\/principal\/wp-json\/wp\/v2\/media?parent=100827"}],"wp:term":[{"taxonomy":"category","embeddable":true,"href":"https:\/\/www.hoymercedes.com.ar\/principal\/wp-json\/wp\/v2\/categories?post=100827"},{"taxonomy":"post_tag","embeddable":true,"href":"https:\/\/www.hoymercedes.com.ar\/principal\/wp-json\/wp\/v2\/tags?post=100827"}],"curies":[{"name":"wp","href":"https:\/\/api.w.org\/{rel}","templated":true}]}}