{"id":100831,"date":"2019-10-03T09:12:13","date_gmt":"2019-10-03T12:12:13","guid":{"rendered":"http:\/\/www.hoymercedes.com.ar\/principal\/?p=100831"},"modified":"2019-10-03T17:36:44","modified_gmt":"2019-10-03T20:36:44","slug":"investigan-su-hubo-negligencia-de-parte-de-la-empresa-en-el-incendio-de-la-verde","status":"publish","type":"post","link":"https:\/\/www.hoymercedes.com.ar\/principal\/2019\/10\/03\/investigan-su-hubo-negligencia-de-parte-de-la-empresa-en-el-incendio-de-la-verde\/","title":{"rendered":"Investigan si hubo negligencia de parte de la empresa  en el incendio de La Verde"},"content":{"rendered":"\n<p><em>La Justicia comenz\u00f3 su\ninvestigaci\u00f3n tomando declaraciones a todos los presentes el d\u00eda del hecho. Se\ntomaron muestras de los l\u00edquidos derramados que ser\u00edan bi<\/em><em>odiesel y glifosato. En principio, las autoridades que\nconcurrieron al lugar descartaron un impacto en la salud.<\/em><\/p>\n\n\n\n<p>Ante el incendio acontecido el d\u00eda viernes 27 de\nseptiembre en La Verde, partido de Mercedes, en la Planta de Agroqu\u00edmicos Sigma\nAgro &#8211; una empresa dedicada a la distribuci\u00f3n y elaboraci\u00f3n de productos qu\u00edmicos\u2013\nse inici\u00f3 una investigaci\u00f3n judicial.<\/p>\n\n\n\n<p>En pos de determinar si existieron negligencias o la\ncomisi\u00f3n de delitos de acci\u00f3n p\u00fablica se iniciaron actuaciones por ante la Unidad\nFuncional de Instrucci\u00f3n N\u00ba 6 del Departamento Judicial Mercedes \u2013 a cargo del\ndoctor Luis Carcagno \u2013 con la intervenci\u00f3n del Juzgado de Garant\u00edas N\u00ba 3\nDepartamental.<\/p>\n\n\n\n<p>En la misma jornada en la que se produjo el\nincendio, Dr. Santiago Dall Occhio y la Dra. Yesica Nocetti Dimitroff\n-secretarios de dicha unidad funcional de instrucci\u00f3n- se hicieron presentes en\nel predio donde mantuvieron entrevistas con los distintos actores all\u00ed\npresentes. <\/p>\n\n\n\n<p>Entre ellos personal de Protecci\u00f3n Civil Mercedes,\nDepartamento de Medio Ambiente, Servicios P\u00fablicos de la Municipalidad,\nBomberos Voluntarios de Mercedes, Navarro, Lujan, Suipacha, General Rodr\u00edguez y\nSan Andr\u00e9s de Giles; el Comando de Prevenci\u00f3n Rural Mercedes, referentes de la\nplanta en cuesti\u00f3n y tambi\u00e9n con Polic\u00eda Ecol\u00f3gica y Sustancias Peligrosas de\nla Polic\u00eda de la provincia de Buenos Aires delegaci\u00f3n San Martin.<\/p>\n\n\n\n<p>De acuerdo a lo que pudo conocerse en el momento, se\nlogr\u00f3 contener el l\u00edquido derramado a fin de minimizar el impacto; lo cual fue\nratificado por autoridades en la materia como el personal policial\nespecializado as\u00ed como desde la Organizaci\u00f3n para el Desarrollo Sustentable\n(OPDS), que se hicieron presentes al d\u00eda siguiente del siniestro.<\/p>\n\n\n\n<p>Las autoridades tomaron diversas muestras, siendo\nque los primeros datos que se conocieron de los l\u00edquidos derramados es que se\ntratar\u00eda de biodiesel, glifosato y componentes para el desarrollo del mismo\nproducto.<\/p>\n\n\n\n<p>En tanto, respecto del humo que eman\u00f3 por el\nincendio de la planta \u2013 y que fue de gran preocupaci\u00f3n en la zona \u2013 responder\u00eda\na la quema de biodiesel y la combusti\u00f3n de pl\u00e1sticos en el lugar. En principio,\nlas autoridades que concurrieron al lugar descartaron un impacto en la salud.<\/p>\n\n\n\n<p>Seg\u00fan declar\u00f3 el propietario del lugar la empresa\ntom\u00f3 todas las medidas previstas para situaciones de las caracter\u00edsticas como\nlas que se vivieron. Adem\u00e1s, ya habr\u00eda contratado a una empresa especializada\n(Tradex) en evaluaci\u00f3n, contenci\u00f3n y saneamiento ambiental para que trabaje en\nel lugar.<\/p>\n\n\n\n<p>En principio, y hasta tanto concluya el relevamiento\ny remediaci\u00f3n de la zona afectada la OPDS dispuso la clausura preventiva del\nlugar.<\/p>\n\n\n\n<p>En la jornada de este mi\u00e9rcoles se hicieron presente\nen el lugar, nuevamente, personal para realizar una evaluaci\u00f3n de la OPDS.<\/p>\n\n\n\n<p>En lo que respecta al Ministerio P\u00fablico Fiscal,\nvale destacar que se trabaja en pos de determinar si la empresa cumpli\u00f3 con los\nst\u00e1ndares que regulan la actividad y no hubo negligencia en el desarrollo de la\nactividad al momento de suceder el siniestro.<\/p>\n\n\n\n<p>Por lo pronto, el agente fiscal aguarda a conocer los resultados de las diferentes pericias realizadas por los entes intervinientes y reunir los elementos necesarios.<\/p>\n\n\n\n<figure class=\"wp-block-image\"><img loading=\"lazy\" decoding=\"async\" width=\"800\" height=\"450\" data-attachment-id=\"100832\" data-permalink=\"https:\/\/www.hoymercedes.com.ar\/principal\/2019\/10\/03\/investigan-su-hubo-negligencia-de-parte-de-la-empresa-en-el-incendio-de-la-verde\/03-incendio-la-verde\/#main\" data-orig-file=\"https:\/\/www.hoymercedes.com.ar\/principal\/wp-content\/uploads\/2019\/10\/03-incendio-la-verde.jpg\" data-orig-size=\"800,450\" data-comments-opened=\"0\" data-image-meta=\"{&quot;aperture&quot;:&quot;0&quot;,&quot;credit&quot;:&quot;&quot;,&quot;camera&quot;:&quot;&quot;,&quot;caption&quot;:&quot;&quot;,&quot;created_timestamp&quot;:&quot;0&quot;,&quot;copyright&quot;:&quot;&quot;,&quot;focal_length&quot;:&quot;0&quot;,&quot;iso&quot;:&quot;0&quot;,&quot;shutter_speed&quot;:&quot;0&quot;,&quot;title&quot;:&quot;&quot;,&quot;orientation&quot;:&quot;0&quot;}\" data-image-title=\"03-incendio-la-verde\" data-image-description=\"\" data-image-caption=\"\" data-large-file=\"https:\/\/www.hoymercedes.com.ar\/principal\/wp-content\/uploads\/2019\/10\/03-incendio-la-verde.jpg\" src=\"https:\/\/www.hoymercedes.com.ar\/principal\/wp-content\/uploads\/2019\/10\/03-incendio-la-verde.jpg\" alt=\"\" class=\"wp-image-100832\" srcset=\"https:\/\/www.hoymercedes.com.ar\/principal\/wp-content\/uploads\/2019\/10\/03-incendio-la-verde.jpg 800w, https:\/\/www.hoymercedes.com.ar\/principal\/wp-content\/uploads\/2019\/10\/03-incendio-la-verde-150x84.jpg 150w, https:\/\/www.hoymercedes.com.ar\/principal\/wp-content\/uploads\/2019\/10\/03-incendio-la-verde-630x354.jpg 630w\" sizes=\"auto, (max-width: 800px) 100vw, 800px\" \/><figcaption> Tareas de remediaci\u00f3n sobre los residuos de agrot\u00f3xicos del incendio en La Verde <\/figcaption><\/figure>\n","protected":false},"excerpt":{"rendered":"<p>La Justicia comenz\u00f3 su investigaci\u00f3n tomando declaraciones a todos los presentes el d\u00eda del hecho. Se tomaron muestras de los &#8230; <a title=\"Investigan si hubo negligencia de parte de la empresa  en el incendio de La Verde\" class=\"read-more\" href=\"https:\/\/www.hoymercedes.com.ar\/principal\/2019\/10\/03\/investigan-su-hubo-negligencia-de-parte-de-la-empresa-en-el-incendio-de-la-verde\/\" aria-label=\"Leer m\u00e1s sobre Investigan si hubo negligencia de parte de la empresa  en el incendio de La Verde\">Leer m\u00e1s<\/a><\/p>\n","protected":false},"author":1,"featured_media":100534,"comment_status":"closed","ping_status":"open","sticky":false,"template":"","format":"standard","meta":{"_monsterinsights_skip_tracking":false,"_monsterinsights_sitenote_active":false,"_monsterinsights_sitenote_note":"","_monsterinsights_sitenote_category":0,"jetpack_post_was_ever_published":false,"_jetpack_newsletter_access":"","_jetpack_dont_email_post_to_subs":false,"_jetpack_newsletter_tier_id":0,"_jetpack_memberships_contains_paywalled_content":false,"_jetpack_memberships_contains_paid_content":false,"footnotes":"","jetpack_publicize_message":"","jetpack_publicize_feature_enabled":true,"jetpack_social_post_already_shared":true,"jetpack_social_options":{"image_generator_settings":{"template":"highway","default_image_id":0,"font":"","enabled":false},"version":2},"_wpas_customize_per_network":false},"categories":[85],"tags":[15809,325,96,8985],"class_list":["post-100831","post","type-post","status-publish","format-standard","has-post-thumbnail","hentry","category-policial","tag-incendio-la-verde","tag-justicia","tag-policial-2","tag-sistema-judicial","generate-columns","tablet-grid-50","mobile-grid-100","grid-parent","grid-50"],"jetpack_publicize_connections":[],"jetpack_featured_media_url":"https:\/\/www.hoymercedes.com.ar\/principal\/wp-content\/uploads\/2019\/09\/Incendio-La-Verde-1.jpeg","wps_subtitle":"Investigaci\u00f3n judicial","jetpack_sharing_enabled":true,"_links":{"self":[{"href":"https:\/\/www.hoymercedes.com.ar\/principal\/wp-json\/wp\/v2\/posts\/100831","targetHints":{"allow":["GET"]}}],"collection":[{"href":"https:\/\/www.hoymercedes.com.ar\/principal\/wp-json\/wp\/v2\/posts"}],"about":[{"href":"https:\/\/www.hoymercedes.com.ar\/principal\/wp-json\/wp\/v2\/types\/post"}],"author":[{"embeddable":true,"href":"https:\/\/www.hoymercedes.com.ar\/principal\/wp-json\/wp\/v2\/users\/1"}],"replies":[{"embeddable":true,"href":"https:\/\/www.hoymercedes.com.ar\/principal\/wp-json\/wp\/v2\/comments?post=100831"}],"version-history":[{"count":0,"href":"https:\/\/www.hoymercedes.com.ar\/principal\/wp-json\/wp\/v2\/posts\/100831\/revisions"}],"wp:featuredmedia":[{"embeddable":true,"href":"https:\/\/www.hoymercedes.com.ar\/principal\/wp-json\/wp\/v2\/media\/100534"}],"wp:attachment":[{"href":"https:\/\/www.hoymercedes.com.ar\/principal\/wp-json\/wp\/v2\/media?parent=100831"}],"wp:term":[{"taxonomy":"category","embeddable":true,"href":"https:\/\/www.hoymercedes.com.ar\/principal\/wp-json\/wp\/v2\/categories?post=100831"},{"taxonomy":"post_tag","embeddable":true,"href":"https:\/\/www.hoymercedes.com.ar\/principal\/wp-json\/wp\/v2\/tags?post=100831"}],"curies":[{"name":"wp","href":"https:\/\/api.w.org\/{rel}","templated":true}]}}