{"id":100875,"date":"2019-10-03T23:26:56","date_gmt":"2019-10-04T02:26:56","guid":{"rendered":"http:\/\/www.hoymercedes.com.ar\/principal\/?p=100875"},"modified":"2019-10-03T22:01:42","modified_gmt":"2019-10-04T01:01:42","slug":"caminaron-por-la-inclusion","status":"publish","type":"post","link":"https:\/\/www.hoymercedes.com.ar\/principal\/2019\/10\/03\/caminaron-por-la-inclusion\/","title":{"rendered":"Caminaron por la inclusi\u00f3n"},"content":{"rendered":"\n<p>Impulsado por la Escuela de Educaci\u00f3n Especial \u00abVamos Creciendo\u00bb en la ma\u00f1ana de este jueves se llev\u00f3 adelante la Segunda Caminata por la Inclusi\u00f3n. Este a\u00f1o con la participaci\u00f3n de otras instituciones que re\u00fanen a personas con discapacidades. <\/p>\n\n\n\n<figure class=\"wp-block-image\"><img loading=\"lazy\" decoding=\"async\" width=\"800\" height=\"533\" data-attachment-id=\"100876\" data-permalink=\"https:\/\/www.hoymercedes.com.ar\/principal\/2019\/10\/03\/caminaron-por-la-inclusion\/03-vamos-creciendo\/#main\" data-orig-file=\"https:\/\/www.hoymercedes.com.ar\/principal\/wp-content\/uploads\/2019\/10\/03-vamos-creciendo.jpg\" data-orig-size=\"800,533\" data-comments-opened=\"0\" data-image-meta=\"{&quot;aperture&quot;:&quot;0&quot;,&quot;credit&quot;:&quot;&quot;,&quot;camera&quot;:&quot;&quot;,&quot;caption&quot;:&quot;&quot;,&quot;created_timestamp&quot;:&quot;0&quot;,&quot;copyright&quot;:&quot;&quot;,&quot;focal_length&quot;:&quot;0&quot;,&quot;iso&quot;:&quot;0&quot;,&quot;shutter_speed&quot;:&quot;0&quot;,&quot;title&quot;:&quot;&quot;,&quot;orientation&quot;:&quot;0&quot;}\" data-image-title=\"03 vamos creciendo\" data-image-description=\"\" data-image-caption=\"\" data-large-file=\"https:\/\/www.hoymercedes.com.ar\/principal\/wp-content\/uploads\/2019\/10\/03-vamos-creciendo.jpg\" src=\"https:\/\/www.hoymercedes.com.ar\/principal\/wp-content\/uploads\/2019\/10\/03-vamos-creciendo.jpg\" alt=\"\" class=\"wp-image-100876\" srcset=\"https:\/\/www.hoymercedes.com.ar\/principal\/wp-content\/uploads\/2019\/10\/03-vamos-creciendo.jpg 800w, https:\/\/www.hoymercedes.com.ar\/principal\/wp-content\/uploads\/2019\/10\/03-vamos-creciendo-150x100.jpg 150w, https:\/\/www.hoymercedes.com.ar\/principal\/wp-content\/uploads\/2019\/10\/03-vamos-creciendo-630x420.jpg 630w, https:\/\/www.hoymercedes.com.ar\/principal\/wp-content\/uploads\/2019\/10\/03-vamos-creciendo-720x480.jpg 720w, https:\/\/www.hoymercedes.com.ar\/principal\/wp-content\/uploads\/2019\/10\/03-vamos-creciendo-360x240.jpg 360w\" sizes=\"auto, (max-width: 800px) 100vw, 800px\" \/><\/figure>\n\n\n\n<p>\u201cAbriendo Camino a la Inclusi\u00f3n\u00bb fue la consigna con la cual partieron desde distintos puntos de la ciudad para congregarse en la avenida 29, frente al Palacio Municipal.  Las comunidades educativas \u00abVamos Creciendo\u00bb, la Escuela de Educaci\u00f3n Especial N\u00b0 503, la Escuela de Educaci\u00f3n Especial N\u00b0 504, el Centro de Formaci\u00f3n Integral N\u00b0 1, CATDI N\u00ba 1, CAIDIM, Hogar Granja Arco Iris, Instituto Diferencial Privado Sukich, y el CETIM, juntos a familiares y amigos desarrollaron la actividad.<\/p>\n\n\n\n<p>En el acto realizado a la llegada de las columnas a la plaza San Mart\u00edn, la directora de \u00abVamos Creciendo\u00bb Elena Sequeira, dio cuenta de la necesidad de luchar en post de la inclusi\u00f3n, el acompa\u00f1amiento y la reflexi\u00f3n, graficando con trabajos especialmente realizados por los ni\u00f1os y ni\u00f1as de la instituci\u00f3n.<\/p>\n","protected":false},"excerpt":{"rendered":"<p>Impulsado por la Escuela de Educaci\u00f3n Especial \u00abVamos Creciendo\u00bb en la ma\u00f1ana de este jueves se llev\u00f3 adelante la Segunda &#8230; <a title=\"Caminaron por la inclusi\u00f3n\" class=\"read-more\" href=\"https:\/\/www.hoymercedes.com.ar\/principal\/2019\/10\/03\/caminaron-por-la-inclusion\/\" aria-label=\"Leer m\u00e1s sobre Caminaron por la inclusi\u00f3n\">Leer m\u00e1s<\/a><\/p>\n","protected":false},"author":1,"featured_media":100876,"comment_status":"closed","ping_status":"open","sticky":false,"template":"","format":"standard","meta":{"_monsterinsights_skip_tracking":false,"_monsterinsights_sitenote_active":false,"_monsterinsights_sitenote_note":"","_monsterinsights_sitenote_category":0,"jetpack_post_was_ever_published":false,"_jetpack_newsletter_access":"","_jetpack_dont_email_post_to_subs":false,"_jetpack_newsletter_tier_id":0,"_jetpack_memberships_contains_paywalled_content":false,"_jetpack_memberships_contains_paid_content":false,"footnotes":"","jetpack_publicize_message":"","jetpack_publicize_feature_enabled":true,"jetpack_social_post_already_shared":true,"jetpack_social_options":{"image_generator_settings":{"template":"highway","default_image_id":0,"font":"","enabled":false},"version":2},"_wpas_customize_per_network":false},"categories":[23],"tags":[47,14166,13487],"class_list":["post-100875","post","type-post","status-publish","format-standard","has-post-thumbnail","hentry","category-educacion","tag-educacion-2","tag-educacion-especial","tag-inclusion","generate-columns","tablet-grid-50","mobile-grid-100","grid-parent","grid-50"],"jetpack_publicize_connections":[],"jetpack_featured_media_url":"https:\/\/www.hoymercedes.com.ar\/principal\/wp-content\/uploads\/2019\/10\/03-vamos-creciendo.jpg","wps_subtitle":"Integraci\u00f3n e inclusi\u00f3n","jetpack_sharing_enabled":true,"_links":{"self":[{"href":"https:\/\/www.hoymercedes.com.ar\/principal\/wp-json\/wp\/v2\/posts\/100875","targetHints":{"allow":["GET"]}}],"collection":[{"href":"https:\/\/www.hoymercedes.com.ar\/principal\/wp-json\/wp\/v2\/posts"}],"about":[{"href":"https:\/\/www.hoymercedes.com.ar\/principal\/wp-json\/wp\/v2\/types\/post"}],"author":[{"embeddable":true,"href":"https:\/\/www.hoymercedes.com.ar\/principal\/wp-json\/wp\/v2\/users\/1"}],"replies":[{"embeddable":true,"href":"https:\/\/www.hoymercedes.com.ar\/principal\/wp-json\/wp\/v2\/comments?post=100875"}],"version-history":[{"count":0,"href":"https:\/\/www.hoymercedes.com.ar\/principal\/wp-json\/wp\/v2\/posts\/100875\/revisions"}],"wp:featuredmedia":[{"embeddable":true,"href":"https:\/\/www.hoymercedes.com.ar\/principal\/wp-json\/wp\/v2\/media\/100876"}],"wp:attachment":[{"href":"https:\/\/www.hoymercedes.com.ar\/principal\/wp-json\/wp\/v2\/media?parent=100875"}],"wp:term":[{"taxonomy":"category","embeddable":true,"href":"https:\/\/www.hoymercedes.com.ar\/principal\/wp-json\/wp\/v2\/categories?post=100875"},{"taxonomy":"post_tag","embeddable":true,"href":"https:\/\/www.hoymercedes.com.ar\/principal\/wp-json\/wp\/v2\/tags?post=100875"}],"curies":[{"name":"wp","href":"https:\/\/api.w.org\/{rel}","templated":true}]}}