{"id":100878,"date":"2019-10-03T21:57:31","date_gmt":"2019-10-04T00:57:31","guid":{"rendered":"http:\/\/www.hoymercedes.com.ar\/principal\/?p=100878"},"modified":"2019-10-03T22:02:14","modified_gmt":"2019-10-04T01:02:14","slug":"entregaron-nuevos-arboles-a-los-vecinos-para-la-forestacion-en-zona-urbana","status":"publish","type":"post","link":"https:\/\/www.hoymercedes.com.ar\/principal\/2019\/10\/03\/entregaron-nuevos-arboles-a-los-vecinos-para-la-forestacion-en-zona-urbana\/","title":{"rendered":"Entregaron nuevos \u00e1rboles a los vecinos para la forestaci\u00f3n en zona urbana"},"content":{"rendered":"\n<p>Se llev\u00f3 a cabo una nueva entrega de \u00e1rboles nativos de distintas especies para que un importante n\u00famero de vecinos puedan continuar colocando en sus veredas, terrenos y viviendas. Sabiendo lo importante que es contar con el arbolado urbano y naturaleza la Direcci\u00f3n de Espacios Verdes entreg\u00f3 alrededor de 200 ejemplares en esta ocasi\u00f3n.<\/p>\n\n\n\n<figure class=\"wp-block-image\"><img loading=\"lazy\" decoding=\"async\" width=\"800\" height=\"533\" data-attachment-id=\"100879\" data-permalink=\"https:\/\/www.hoymercedes.com.ar\/principal\/2019\/10\/03\/entregaron-nuevos-arboles-a-los-vecinos-para-la-forestacion-en-zona-urbana\/03-arbolado1\/#main\" data-orig-file=\"https:\/\/www.hoymercedes.com.ar\/principal\/wp-content\/uploads\/2019\/10\/03-arbolado1.jpeg\" data-orig-size=\"800,533\" data-comments-opened=\"0\" data-image-meta=\"{&quot;aperture&quot;:&quot;0&quot;,&quot;credit&quot;:&quot;&quot;,&quot;camera&quot;:&quot;&quot;,&quot;caption&quot;:&quot;&quot;,&quot;created_timestamp&quot;:&quot;0&quot;,&quot;copyright&quot;:&quot;&quot;,&quot;focal_length&quot;:&quot;0&quot;,&quot;iso&quot;:&quot;0&quot;,&quot;shutter_speed&quot;:&quot;0&quot;,&quot;title&quot;:&quot;&quot;,&quot;orientation&quot;:&quot;0&quot;}\" data-image-title=\"03 arbolado1\" data-image-description=\"\" data-image-caption=\"\" data-large-file=\"https:\/\/www.hoymercedes.com.ar\/principal\/wp-content\/uploads\/2019\/10\/03-arbolado1.jpeg\" src=\"https:\/\/www.hoymercedes.com.ar\/principal\/wp-content\/uploads\/2019\/10\/03-arbolado1.jpeg\" alt=\"\" class=\"wp-image-100879\" srcset=\"https:\/\/www.hoymercedes.com.ar\/principal\/wp-content\/uploads\/2019\/10\/03-arbolado1.jpeg 800w, https:\/\/www.hoymercedes.com.ar\/principal\/wp-content\/uploads\/2019\/10\/03-arbolado1-150x100.jpeg 150w, https:\/\/www.hoymercedes.com.ar\/principal\/wp-content\/uploads\/2019\/10\/03-arbolado1-630x420.jpeg 630w, https:\/\/www.hoymercedes.com.ar\/principal\/wp-content\/uploads\/2019\/10\/03-arbolado1-720x480.jpeg 720w, https:\/\/www.hoymercedes.com.ar\/principal\/wp-content\/uploads\/2019\/10\/03-arbolado1-360x240.jpeg 360w\" sizes=\"auto, (max-width: 800px) 100vw, 800px\" \/><\/figure>\n\n\n\n<p>La Direcci\u00f3n conducida por Leonardo Belforte volvi\u00f3 a reunir, tal como tiempo atr\u00e1s lo hizo en el d\u00eda del \u00e1rbol con gran repercusi\u00f3n y apoyo, a una importante cantidad de vecinos que retiraron \u00e1rboles para seguir plantando en distintos sectores de la ciudad donde, adem\u00e1s de ser un apoyo a las familias, aporta a la forestaci\u00f3n y el cuidado ambiental.<\/p>\n\n\n\n<p>Desde primera hora de la ma\u00f1ana de este jueves, en La Trocha, fue que se realiz\u00f3 la entrega a los anotados y quienes se acercaron al complejo cultural, lugar donde funciona la oficina de Espacios Verdes.<br><\/p>\n","protected":false},"excerpt":{"rendered":"<p>Se llev\u00f3 a cabo una nueva entrega de \u00e1rboles nativos de distintas especies para que un importante n\u00famero de vecinos &#8230; <a title=\"Entregaron nuevos \u00e1rboles a los vecinos para la forestaci\u00f3n en zona urbana\" class=\"read-more\" href=\"https:\/\/www.hoymercedes.com.ar\/principal\/2019\/10\/03\/entregaron-nuevos-arboles-a-los-vecinos-para-la-forestacion-en-zona-urbana\/\" aria-label=\"Leer m\u00e1s sobre Entregaron nuevos \u00e1rboles a los vecinos para la forestaci\u00f3n en zona urbana\">Leer m\u00e1s<\/a><\/p>\n","protected":false},"author":1,"featured_media":100879,"comment_status":"closed","ping_status":"open","sticky":false,"template":"","format":"standard","meta":{"_monsterinsights_skip_tracking":false,"_monsterinsights_sitenote_active":false,"_monsterinsights_sitenote_note":"","_monsterinsights_sitenote_category":0,"jetpack_post_was_ever_published":false,"_jetpack_newsletter_access":"","_jetpack_dont_email_post_to_subs":false,"_jetpack_newsletter_tier_id":0,"_jetpack_memberships_contains_paywalled_content":false,"_jetpack_memberships_contains_paid_content":false,"footnotes":"","jetpack_publicize_message":"","jetpack_publicize_feature_enabled":true,"jetpack_social_post_already_shared":true,"jetpack_social_options":{"image_generator_settings":{"template":"highway","default_image_id":0,"font":"","enabled":false},"version":2},"_wpas_customize_per_network":false},"categories":[30],"tags":[15738,244],"class_list":["post-100878","post","type-post","status-publish","format-standard","has-post-thumbnail","hentry","category-municipio","tag-arbolado-publico","tag-municipio-2","generate-columns","tablet-grid-50","mobile-grid-100","grid-parent","grid-50"],"jetpack_publicize_connections":[],"jetpack_featured_media_url":"https:\/\/www.hoymercedes.com.ar\/principal\/wp-content\/uploads\/2019\/10\/03-arbolado1.jpeg","wps_subtitle":"","jetpack_sharing_enabled":true,"_links":{"self":[{"href":"https:\/\/www.hoymercedes.com.ar\/principal\/wp-json\/wp\/v2\/posts\/100878","targetHints":{"allow":["GET"]}}],"collection":[{"href":"https:\/\/www.hoymercedes.com.ar\/principal\/wp-json\/wp\/v2\/posts"}],"about":[{"href":"https:\/\/www.hoymercedes.com.ar\/principal\/wp-json\/wp\/v2\/types\/post"}],"author":[{"embeddable":true,"href":"https:\/\/www.hoymercedes.com.ar\/principal\/wp-json\/wp\/v2\/users\/1"}],"replies":[{"embeddable":true,"href":"https:\/\/www.hoymercedes.com.ar\/principal\/wp-json\/wp\/v2\/comments?post=100878"}],"version-history":[{"count":0,"href":"https:\/\/www.hoymercedes.com.ar\/principal\/wp-json\/wp\/v2\/posts\/100878\/revisions"}],"wp:featuredmedia":[{"embeddable":true,"href":"https:\/\/www.hoymercedes.com.ar\/principal\/wp-json\/wp\/v2\/media\/100879"}],"wp:attachment":[{"href":"https:\/\/www.hoymercedes.com.ar\/principal\/wp-json\/wp\/v2\/media?parent=100878"}],"wp:term":[{"taxonomy":"category","embeddable":true,"href":"https:\/\/www.hoymercedes.com.ar\/principal\/wp-json\/wp\/v2\/categories?post=100878"},{"taxonomy":"post_tag","embeddable":true,"href":"https:\/\/www.hoymercedes.com.ar\/principal\/wp-json\/wp\/v2\/tags?post=100878"}],"curies":[{"name":"wp","href":"https:\/\/api.w.org\/{rel}","templated":true}]}}