{"id":100895,"date":"2019-10-04T10:25:59","date_gmt":"2019-10-04T13:25:59","guid":{"rendered":"http:\/\/www.hoymercedes.com.ar\/principal\/?p=100895"},"modified":"2019-10-05T12:37:16","modified_gmt":"2019-10-05T15:37:16","slug":"el-municipio-inauguro-obras-de-asfalto-en-el-barrio-calvillo","status":"publish","type":"post","link":"https:\/\/www.hoymercedes.com.ar\/principal\/2019\/10\/04\/el-municipio-inauguro-obras-de-asfalto-en-el-barrio-calvillo\/","title":{"rendered":"El Municipio inaugur\u00f3 obras de asfalto en el barrio Calvillo."},"content":{"rendered":"\n<p>El Municipio de Mercedes inaugur\u00f3 las obras de asfalto en el barrio Calvillo. Son 300 metros de pavimento nuevo por el cual ya se puede circular en la calle 9, entre 50 y 52, y en la calle 50, entre 15 y 9. El acto fue en la tarde del mi\u00e9rcoles pasado.  <\/p>\n\n\n\n<figure class=\"wp-block-image\"><img loading=\"lazy\" decoding=\"async\" width=\"800\" height=\"533\" data-attachment-id=\"100897\" data-permalink=\"https:\/\/www.hoymercedes.com.ar\/principal\/2019\/10\/04\/el-municipio-inauguro-obras-de-asfalto-en-el-barrio-calvillo\/04-asfalto-calvillo1\/#main\" data-orig-file=\"https:\/\/www.hoymercedes.com.ar\/principal\/wp-content\/uploads\/2019\/10\/04-asfalto-calvillo1.jpg\" data-orig-size=\"800,533\" data-comments-opened=\"0\" data-image-meta=\"{&quot;aperture&quot;:&quot;0&quot;,&quot;credit&quot;:&quot;&quot;,&quot;camera&quot;:&quot;&quot;,&quot;caption&quot;:&quot;&quot;,&quot;created_timestamp&quot;:&quot;0&quot;,&quot;copyright&quot;:&quot;&quot;,&quot;focal_length&quot;:&quot;0&quot;,&quot;iso&quot;:&quot;0&quot;,&quot;shutter_speed&quot;:&quot;0&quot;,&quot;title&quot;:&quot;&quot;,&quot;orientation&quot;:&quot;0&quot;}\" data-image-title=\"04 asfalto calvillo1\" data-image-description=\"\" data-image-caption=\"\" data-large-file=\"https:\/\/www.hoymercedes.com.ar\/principal\/wp-content\/uploads\/2019\/10\/04-asfalto-calvillo1.jpg\" src=\"https:\/\/www.hoymercedes.com.ar\/principal\/wp-content\/uploads\/2019\/10\/04-asfalto-calvillo1.jpg\" alt=\"\" class=\"wp-image-100897\" srcset=\"https:\/\/www.hoymercedes.com.ar\/principal\/wp-content\/uploads\/2019\/10\/04-asfalto-calvillo1.jpg 800w, https:\/\/www.hoymercedes.com.ar\/principal\/wp-content\/uploads\/2019\/10\/04-asfalto-calvillo1-150x100.jpg 150w, https:\/\/www.hoymercedes.com.ar\/principal\/wp-content\/uploads\/2019\/10\/04-asfalto-calvillo1-630x420.jpg 630w, https:\/\/www.hoymercedes.com.ar\/principal\/wp-content\/uploads\/2019\/10\/04-asfalto-calvillo1-720x480.jpg 720w, https:\/\/www.hoymercedes.com.ar\/principal\/wp-content\/uploads\/2019\/10\/04-asfalto-calvillo1-360x240.jpg 360w\" sizes=\"auto, (max-width: 800px) 100vw, 800px\" \/><\/figure>\n\n\n\n<p>\u201cEs un orgullo estar inaugurando esta obra de pavimento en hormig\u00f3n como hemos realizado pr\u00e1cticamente todas las obras\u201d expres\u00f3 Ustarroz en el acto. \u00a0\u00abEsto lo hacemos con el esfuerzo de toda la comunidad de Mercedes con el cien por ciento de recursos municipales\u201d, agreg\u00f3. <\/p>\n\n\n\n<p>Por su parte, Mat\u00edas Dematei, jefe de gabinete cont\u00f3 que llevan 90 cuadras asfaltadas en total y son unas sesenta m\u00e1s  en ejecuci\u00f3n. \u00abCon la pavimentaci\u00f3n \u00a0de estas cuadras cerraremos el circuito de esta zona por completo, algo muy importante y valioso para la zona\u201d, agreg\u00f3.<\/p>\n\n\n\n<p>Quien tambi\u00e9n tom\u00f3 la palabra fue Marcos Rodr\u00edguez, presidente de la Sociedad de Fomento el barrio Calvillo. \u00abEl barrio tiene mejoras, hoy ingresamos con asfalto, adem\u00e1s, hace poco, tambi\u00e9n inauguramos una nueva plaza para todos\u201d, expres\u00f3. <\/p>\n","protected":false},"excerpt":{"rendered":"<p>El Municipio de Mercedes inaugur\u00f3 las obras de asfalto en el barrio Calvillo. Son 300 metros de pavimento nuevo por &#8230; <a title=\"El Municipio inaugur\u00f3 obras de asfalto en el barrio Calvillo.\" class=\"read-more\" href=\"https:\/\/www.hoymercedes.com.ar\/principal\/2019\/10\/04\/el-municipio-inauguro-obras-de-asfalto-en-el-barrio-calvillo\/\" aria-label=\"Leer m\u00e1s sobre El Municipio inaugur\u00f3 obras de asfalto en el barrio Calvillo.\">Leer m\u00e1s<\/a><\/p>\n","protected":false},"author":1,"featured_media":100896,"comment_status":"closed","ping_status":"open","sticky":false,"template":"","format":"standard","meta":{"_monsterinsights_skip_tracking":false,"_monsterinsights_sitenote_active":false,"_monsterinsights_sitenote_note":"","_monsterinsights_sitenote_category":0,"jetpack_post_was_ever_published":false,"_jetpack_newsletter_access":"","_jetpack_dont_email_post_to_subs":false,"_jetpack_newsletter_tier_id":0,"_jetpack_memberships_contains_paywalled_content":false,"_jetpack_memberships_contains_paid_content":false,"footnotes":"","jetpack_publicize_message":"","jetpack_publicize_feature_enabled":true,"jetpack_social_post_already_shared":true,"jetpack_social_options":{"image_generator_settings":{"template":"highway","default_image_id":0,"font":"","enabled":false},"version":2},"_wpas_customize_per_network":false},"categories":[30],"tags":[340,9248,244,5947,11969],"class_list":["post-100895","post","type-post","status-publish","format-standard","has-post-thumbnail","hentry","category-municipio","tag-asfalto","tag-inauguracion","tag-municipio-2","tag-obras-publicas","tag-pavimento","generate-columns","tablet-grid-50","mobile-grid-100","grid-parent","grid-50"],"jetpack_publicize_connections":[],"jetpack_featured_media_url":"https:\/\/www.hoymercedes.com.ar\/principal\/wp-content\/uploads\/2019\/10\/04-asfalto-calvillo.jpg","wps_subtitle":"Obras p\u00fablicas","jetpack_sharing_enabled":true,"_links":{"self":[{"href":"https:\/\/www.hoymercedes.com.ar\/principal\/wp-json\/wp\/v2\/posts\/100895","targetHints":{"allow":["GET"]}}],"collection":[{"href":"https:\/\/www.hoymercedes.com.ar\/principal\/wp-json\/wp\/v2\/posts"}],"about":[{"href":"https:\/\/www.hoymercedes.com.ar\/principal\/wp-json\/wp\/v2\/types\/post"}],"author":[{"embeddable":true,"href":"https:\/\/www.hoymercedes.com.ar\/principal\/wp-json\/wp\/v2\/users\/1"}],"replies":[{"embeddable":true,"href":"https:\/\/www.hoymercedes.com.ar\/principal\/wp-json\/wp\/v2\/comments?post=100895"}],"version-history":[{"count":0,"href":"https:\/\/www.hoymercedes.com.ar\/principal\/wp-json\/wp\/v2\/posts\/100895\/revisions"}],"wp:featuredmedia":[{"embeddable":true,"href":"https:\/\/www.hoymercedes.com.ar\/principal\/wp-json\/wp\/v2\/media\/100896"}],"wp:attachment":[{"href":"https:\/\/www.hoymercedes.com.ar\/principal\/wp-json\/wp\/v2\/media?parent=100895"}],"wp:term":[{"taxonomy":"category","embeddable":true,"href":"https:\/\/www.hoymercedes.com.ar\/principal\/wp-json\/wp\/v2\/categories?post=100895"},{"taxonomy":"post_tag","embeddable":true,"href":"https:\/\/www.hoymercedes.com.ar\/principal\/wp-json\/wp\/v2\/tags?post=100895"}],"curies":[{"name":"wp","href":"https:\/\/api.w.org\/{rel}","templated":true}]}}