{"id":100905,"date":"2019-10-04T18:50:17","date_gmt":"2019-10-04T21:50:17","guid":{"rendered":"http:\/\/www.hoymercedes.com.ar\/principal\/?p=100905"},"modified":"2019-10-05T12:36:26","modified_gmt":"2019-10-05T15:36:26","slug":"yo-quiero-a-mi-jardin","status":"publish","type":"post","link":"https:\/\/www.hoymercedes.com.ar\/principal\/2019\/10\/04\/yo-quiero-a-mi-jardin\/","title":{"rendered":"Yo quiero a mi Jard\u00edn"},"content":{"rendered":"\n<p>Por S.O.S. H\u00e1bitat &#8211;  En el\u00a0<strong>Jard\u00edn de Infantes N\u00b0 908<\/strong>, se contin\u00faan creando espacios para aprender: la\u00a0<strong>Asociaci\u00f3n Civil \u00ab100 Puentes\u00bb<\/strong>, integrado por vecinos de Gowland-Agote, construyeron una\u00a0<strong>base con m\u00e1s de 1.700 tapitas<\/strong>\u00a0para renovar el arenero, un espacio de diversi\u00f3n para nuestros ni\u00f1os para fomentar el trabajo en equipo, aprender a compartir y disfrutar de otro rinc\u00f3n al aire libre. <\/p>\n\n\n\n<figure class=\"wp-block-image\"><img loading=\"lazy\" decoding=\"async\" width=\"600\" height=\"800\" data-attachment-id=\"100907\" data-permalink=\"https:\/\/www.hoymercedes.com.ar\/principal\/2019\/10\/04\/yo-quiero-a-mi-jardin\/04-sos-habitat-1\/#main\" data-orig-file=\"https:\/\/www.hoymercedes.com.ar\/principal\/wp-content\/uploads\/2019\/10\/04-sos-habitat-1.jpg\" data-orig-size=\"600,800\" data-comments-opened=\"0\" data-image-meta=\"{&quot;aperture&quot;:&quot;0&quot;,&quot;credit&quot;:&quot;&quot;,&quot;camera&quot;:&quot;&quot;,&quot;caption&quot;:&quot;&quot;,&quot;created_timestamp&quot;:&quot;0&quot;,&quot;copyright&quot;:&quot;&quot;,&quot;focal_length&quot;:&quot;0&quot;,&quot;iso&quot;:&quot;0&quot;,&quot;shutter_speed&quot;:&quot;0&quot;,&quot;title&quot;:&quot;&quot;,&quot;orientation&quot;:&quot;0&quot;}\" data-image-title=\"04 sos habitat 1\" data-image-description=\"\" data-image-caption=\"\" data-large-file=\"https:\/\/www.hoymercedes.com.ar\/principal\/wp-content\/uploads\/2019\/10\/04-sos-habitat-1.jpg\" src=\"https:\/\/www.hoymercedes.com.ar\/principal\/wp-content\/uploads\/2019\/10\/04-sos-habitat-1.jpg\" alt=\"\" class=\"wp-image-100907\" srcset=\"https:\/\/www.hoymercedes.com.ar\/principal\/wp-content\/uploads\/2019\/10\/04-sos-habitat-1.jpg 600w, https:\/\/www.hoymercedes.com.ar\/principal\/wp-content\/uploads\/2019\/10\/04-sos-habitat-1-113x150.jpg 113w, https:\/\/www.hoymercedes.com.ar\/principal\/wp-content\/uploads\/2019\/10\/04-sos-habitat-1-465x620.jpg 465w\" sizes=\"auto, (max-width: 600px) 100vw, 600px\" \/><\/figure>\n\n\n\n<p>Esta base dise\u00f1ada con amor y con muchos colores, contin\u00faa el proyecto de baldosas hechas con tapas pl\u00e1sticas de botellas que se origin\u00f3 desde el Colegio Nacional. \u00ab100 Puentes\u00bb puso en marcha la idea en le Jard\u00edn de Agote y el\u00a0<strong>27 de septiembre, D\u00eda Nacional de la Conciencia Ambiental<\/strong>, inauguran el arenero junto con los docentes, auxiliares, ni\u00f1os y padres, y con el acompa\u00f1amiento de la Asociaci\u00f3n Civil S.O.S H\u00e1bitat. <\/p>\n\n\n\n<p>Esta jornada pudo concretarse gracias a las tareas que vienen trabajando en el\u00a0Jard\u00edn, con su\u00a0Proyecto Institucional de Reciclado. <\/p>\n\n\n\n<p>Gracias a todos los que participaron, sigamos construyendo una mejor educaci\u00f3n, sigamos generando puentes.<\/p>\n\n\n\n<figure class=\"wp-block-image\"><img loading=\"lazy\" decoding=\"async\" width=\"800\" height=\"600\" data-attachment-id=\"100908\" data-permalink=\"https:\/\/www.hoymercedes.com.ar\/principal\/2019\/10\/04\/yo-quiero-a-mi-jardin\/04-sos-habitat\/#main\" data-orig-file=\"https:\/\/www.hoymercedes.com.ar\/principal\/wp-content\/uploads\/2019\/10\/04-sos-habitat.jpg\" data-orig-size=\"800,600\" data-comments-opened=\"0\" data-image-meta=\"{&quot;aperture&quot;:&quot;0&quot;,&quot;credit&quot;:&quot;&quot;,&quot;camera&quot;:&quot;&quot;,&quot;caption&quot;:&quot;&quot;,&quot;created_timestamp&quot;:&quot;0&quot;,&quot;copyright&quot;:&quot;&quot;,&quot;focal_length&quot;:&quot;0&quot;,&quot;iso&quot;:&quot;0&quot;,&quot;shutter_speed&quot;:&quot;0&quot;,&quot;title&quot;:&quot;&quot;,&quot;orientation&quot;:&quot;0&quot;}\" data-image-title=\"04 sos habitat\" data-image-description=\"\" data-image-caption=\"\" data-large-file=\"https:\/\/www.hoymercedes.com.ar\/principal\/wp-content\/uploads\/2019\/10\/04-sos-habitat.jpg\" src=\"https:\/\/www.hoymercedes.com.ar\/principal\/wp-content\/uploads\/2019\/10\/04-sos-habitat.jpg\" alt=\"\" class=\"wp-image-100908\" srcset=\"https:\/\/www.hoymercedes.com.ar\/principal\/wp-content\/uploads\/2019\/10\/04-sos-habitat.jpg 800w, https:\/\/www.hoymercedes.com.ar\/principal\/wp-content\/uploads\/2019\/10\/04-sos-habitat-150x113.jpg 150w, https:\/\/www.hoymercedes.com.ar\/principal\/wp-content\/uploads\/2019\/10\/04-sos-habitat-630x473.jpg 630w, https:\/\/www.hoymercedes.com.ar\/principal\/wp-content\/uploads\/2019\/10\/04-sos-habitat-320x240.jpg 320w, https:\/\/www.hoymercedes.com.ar\/principal\/wp-content\/uploads\/2019\/10\/04-sos-habitat-100x75.jpg 100w\" sizes=\"auto, (max-width: 800px) 100vw, 800px\" \/><\/figure>\n","protected":false},"excerpt":{"rendered":"<p>Por S.O.S. H\u00e1bitat &#8211; En el\u00a0Jard\u00edn de Infantes N\u00b0 908, se contin\u00faan creando espacios para aprender: la\u00a0Asociaci\u00f3n Civil \u00ab100 Puentes\u00bb, &#8230; <a title=\"Yo quiero a mi Jard\u00edn\" class=\"read-more\" href=\"https:\/\/www.hoymercedes.com.ar\/principal\/2019\/10\/04\/yo-quiero-a-mi-jardin\/\" aria-label=\"Leer m\u00e1s sobre Yo quiero a mi Jard\u00edn\">Leer m\u00e1s<\/a><\/p>\n","protected":false},"author":1,"featured_media":100908,"comment_status":"closed","ping_status":"open","sticky":false,"template":"","format":"standard","meta":{"_monsterinsights_skip_tracking":false,"_monsterinsights_sitenote_active":false,"_monsterinsights_sitenote_note":"","_monsterinsights_sitenote_category":0,"jetpack_post_was_ever_published":false,"_jetpack_newsletter_access":"","_jetpack_dont_email_post_to_subs":false,"_jetpack_newsletter_tier_id":0,"_jetpack_memberships_contains_paywalled_content":false,"_jetpack_memberships_contains_paid_content":false,"footnotes":"","jetpack_publicize_message":"","jetpack_publicize_feature_enabled":true,"jetpack_social_post_already_shared":true,"jetpack_social_options":{"image_generator_settings":{"template":"highway","default_image_id":0,"font":"","enabled":false},"version":2},"_wpas_customize_per_network":false},"categories":[8],"tags":[43,887],"class_list":["post-100905","post","type-post","status-publish","format-standard","has-post-thumbnail","hentry","category-sociedad","tag-medio-ambiente","tag-sos-habitat","generate-columns","tablet-grid-50","mobile-grid-100","grid-parent","grid-50"],"jetpack_publicize_connections":[],"jetpack_featured_media_url":"https:\/\/www.hoymercedes.com.ar\/principal\/wp-content\/uploads\/2019\/10\/04-sos-habitat.jpg","wps_subtitle":"","jetpack_sharing_enabled":true,"_links":{"self":[{"href":"https:\/\/www.hoymercedes.com.ar\/principal\/wp-json\/wp\/v2\/posts\/100905","targetHints":{"allow":["GET"]}}],"collection":[{"href":"https:\/\/www.hoymercedes.com.ar\/principal\/wp-json\/wp\/v2\/posts"}],"about":[{"href":"https:\/\/www.hoymercedes.com.ar\/principal\/wp-json\/wp\/v2\/types\/post"}],"author":[{"embeddable":true,"href":"https:\/\/www.hoymercedes.com.ar\/principal\/wp-json\/wp\/v2\/users\/1"}],"replies":[{"embeddable":true,"href":"https:\/\/www.hoymercedes.com.ar\/principal\/wp-json\/wp\/v2\/comments?post=100905"}],"version-history":[{"count":0,"href":"https:\/\/www.hoymercedes.com.ar\/principal\/wp-json\/wp\/v2\/posts\/100905\/revisions"}],"wp:featuredmedia":[{"embeddable":true,"href":"https:\/\/www.hoymercedes.com.ar\/principal\/wp-json\/wp\/v2\/media\/100908"}],"wp:attachment":[{"href":"https:\/\/www.hoymercedes.com.ar\/principal\/wp-json\/wp\/v2\/media?parent=100905"}],"wp:term":[{"taxonomy":"category","embeddable":true,"href":"https:\/\/www.hoymercedes.com.ar\/principal\/wp-json\/wp\/v2\/categories?post=100905"},{"taxonomy":"post_tag","embeddable":true,"href":"https:\/\/www.hoymercedes.com.ar\/principal\/wp-json\/wp\/v2\/tags?post=100905"}],"curies":[{"name":"wp","href":"https:\/\/api.w.org\/{rel}","templated":true}]}}