{"id":100985,"date":"2019-10-05T13:19:27","date_gmt":"2019-10-05T16:19:27","guid":{"rendered":"http:\/\/www.hoymercedes.com.ar\/principal\/?p=100985"},"modified":"2019-10-05T14:33:23","modified_gmt":"2019-10-05T17:33:23","slug":"se-realizo-la-1-trienal-de-arquitectura-y-urbanismo-del-distrito-5","status":"publish","type":"post","link":"https:\/\/www.hoymercedes.com.ar\/principal\/2019\/10\/05\/se-realizo-la-1-trienal-de-arquitectura-y-urbanismo-del-distrito-5\/","title":{"rendered":"Se realiz\u00f3 la 1\u00b0 Trienal de Arquitectura y Urbanismo del Distrito 5"},"content":{"rendered":"\n<p>Bajo el t\u00edtulo de \u201cArquitectura y Ciudad en la Cultura de lo M\u00faltiple\u201d, se desarroll\u00f3 entre los d\u00edas 27 y 28 de septiembre pasado en el complejo edilicio de la Fundaci\u00f3n Conciencia y Ciencia, obra del arquitecto Claudio Caveri en la Localidad de Ingeniero Maschwitz, la 1\u00b0\u00a0Trienal Internacional de Arquitectura y Urbanismo organizada por el Distrito 5 del Colegio de Arquitectos de la Provincia de Buenos Aires.<\/p>\n\n\n\n<figure class=\"wp-block-image\"><img loading=\"lazy\" decoding=\"async\" width=\"800\" height=\"534\" data-attachment-id=\"100987\" data-permalink=\"https:\/\/www.hoymercedes.com.ar\/principal\/2019\/10\/05\/se-realizo-la-1-trienal-de-arquitectura-y-urbanismo-del-distrito-5\/05-trienal-arq-2\/#main\" data-orig-file=\"https:\/\/www.hoymercedes.com.ar\/principal\/wp-content\/uploads\/2019\/10\/05-trienal-arq-2.jpg\" data-orig-size=\"800,534\" data-comments-opened=\"0\" data-image-meta=\"{&quot;aperture&quot;:&quot;0&quot;,&quot;credit&quot;:&quot;&quot;,&quot;camera&quot;:&quot;&quot;,&quot;caption&quot;:&quot;????????????????????????????????????&quot;,&quot;created_timestamp&quot;:&quot;0&quot;,&quot;copyright&quot;:&quot;&quot;,&quot;focal_length&quot;:&quot;0&quot;,&quot;iso&quot;:&quot;0&quot;,&quot;shutter_speed&quot;:&quot;0&quot;,&quot;title&quot;:&quot;&quot;,&quot;orientation&quot;:&quot;0&quot;}\" data-image-title=\"05 trienal arq 2\" data-image-description=\"\" data-image-caption=\"&lt;p&gt;????????????????????????????????????&lt;\/p&gt;\n\" data-large-file=\"https:\/\/www.hoymercedes.com.ar\/principal\/wp-content\/uploads\/2019\/10\/05-trienal-arq-2.jpg\" src=\"https:\/\/www.hoymercedes.com.ar\/principal\/wp-content\/uploads\/2019\/10\/05-trienal-arq-2.jpg\" alt=\"\" class=\"wp-image-100987\" srcset=\"https:\/\/www.hoymercedes.com.ar\/principal\/wp-content\/uploads\/2019\/10\/05-trienal-arq-2.jpg 800w, https:\/\/www.hoymercedes.com.ar\/principal\/wp-content\/uploads\/2019\/10\/05-trienal-arq-2-150x100.jpg 150w, https:\/\/www.hoymercedes.com.ar\/principal\/wp-content\/uploads\/2019\/10\/05-trienal-arq-2-630x421.jpg 630w, https:\/\/www.hoymercedes.com.ar\/principal\/wp-content\/uploads\/2019\/10\/05-trienal-arq-2-720x480.jpg 720w, https:\/\/www.hoymercedes.com.ar\/principal\/wp-content\/uploads\/2019\/10\/05-trienal-arq-2-360x240.jpg 360w\" sizes=\"auto, (max-width: 800px) 100vw, 800px\" \/><\/figure>\n\n\n\n<p>En el inicio el Arq. Jorge Alberto&nbsp;Garc\u00eda, presidente de CAPBA5&nbsp;comentaba a los medios: \u201cHay tres condiciones que caracterizan a nuestras Trienales desde su reedici\u00f3n, una de ellas es que muestra fundamentalmente lo producido por los arquitectos del Distrito 5 en todas sus facetas, otra, no menos importante, es que es abierta y gratuita a la comunidad toda, y la tercera, que pretende ser realmente Federal, es decir, recorre todo nuestro Distrito 5.\u201d<\/p>\n\n\n\n<p>\u201cCreemos que a partir de dar a conocer lo que somos capaces de producir desde nuestras posibilidades, es lo que nos hace m\u00e1s fuertes como sociedad en t\u00e9rminos de integraci\u00f3n a la hora de identificar nuestros problemas y necesidades, y a partir de all\u00ed, ensayar desde lo disciplinar, las distintas formas de resoluci\u00f3n de los mismos.\u201d<\/p>\n\n\n\n<p>A lo largo de las dos jornadas se realizaron diferentes conferencias de destacados Arquitectos y Urbanistas del \u00e1mbito nacional e Internacional. Entre ellos podemos mencionar a Arq. Marcelo Corti, Antr. Cristina Cravino, Lic. Alejandro Galliano, Geog. Patricia Pintos, Ing. Agr. Carlos Anaya, Arq. Celina Caporossi, Arq. Andr\u00e9s Borthagaray, Int. N\u00e9stor F. Romero Villada, Geog. Pablo Ciccolella, Arq. Gabrila Arias, Estudio Gruba, Arq. Javier Mendiondo, Arq. Mariano Clusellas, Arq. Fernando Martinez Nespral, Arq. Gregorio Rosenbusch, Arq. Gustavo Navone, Arq. Ramiro Meyer y Arq. Iv\u00e1n Vald\u00e9z. Tambi\u00e9n hubo una mesa redonda sobre Concursos, integrada por los Arquitectos: Juan Flores, Valeria Del Puerto, Florencia Schnack y Milo Sessa.\u00a0<\/p>\n\n\n\n<figure class=\"wp-block-image\"><img loading=\"lazy\" decoding=\"async\" width=\"800\" height=\"533\" data-attachment-id=\"100986\" data-permalink=\"https:\/\/www.hoymercedes.com.ar\/principal\/2019\/10\/05\/se-realizo-la-1-trienal-de-arquitectura-y-urbanismo-del-distrito-5\/05-trienal-arq-1\/#main\" data-orig-file=\"https:\/\/www.hoymercedes.com.ar\/principal\/wp-content\/uploads\/2019\/10\/05-trienal-arq-1.jpg\" data-orig-size=\"800,533\" data-comments-opened=\"0\" data-image-meta=\"{&quot;aperture&quot;:&quot;0&quot;,&quot;credit&quot;:&quot;&quot;,&quot;camera&quot;:&quot;&quot;,&quot;caption&quot;:&quot;&quot;,&quot;created_timestamp&quot;:&quot;0&quot;,&quot;copyright&quot;:&quot;&quot;,&quot;focal_length&quot;:&quot;0&quot;,&quot;iso&quot;:&quot;0&quot;,&quot;shutter_speed&quot;:&quot;0&quot;,&quot;title&quot;:&quot;&quot;,&quot;orientation&quot;:&quot;0&quot;}\" data-image-title=\"05 trienal arq 1\" data-image-description=\"\" data-image-caption=\"\" data-large-file=\"https:\/\/www.hoymercedes.com.ar\/principal\/wp-content\/uploads\/2019\/10\/05-trienal-arq-1.jpg\" src=\"https:\/\/www.hoymercedes.com.ar\/principal\/wp-content\/uploads\/2019\/10\/05-trienal-arq-1.jpg\" alt=\"\" class=\"wp-image-100986\" srcset=\"https:\/\/www.hoymercedes.com.ar\/principal\/wp-content\/uploads\/2019\/10\/05-trienal-arq-1.jpg 800w, https:\/\/www.hoymercedes.com.ar\/principal\/wp-content\/uploads\/2019\/10\/05-trienal-arq-1-150x100.jpg 150w, https:\/\/www.hoymercedes.com.ar\/principal\/wp-content\/uploads\/2019\/10\/05-trienal-arq-1-630x420.jpg 630w, https:\/\/www.hoymercedes.com.ar\/principal\/wp-content\/uploads\/2019\/10\/05-trienal-arq-1-720x480.jpg 720w, https:\/\/www.hoymercedes.com.ar\/principal\/wp-content\/uploads\/2019\/10\/05-trienal-arq-1-360x240.jpg 360w\" sizes=\"auto, (max-width: 800px) 100vw, 800px\" \/><\/figure>\n\n\n\n<p>En el mismo marco, se realiz\u00f3\u00a0ademas la presentaci\u00f3n de los trabajos del Instituto de Estudios Urbanos del Distrito 5, se exhibieron tambi\u00e9n trabajos acad\u00e9micos\u00a0de la Escuela de Arquitectura de la Universidad Torcuato Di Tella, como as\u00ed\u00a0tambi\u00e9n\u00a0de los Concursos Internacionales organizados\u00a0por el Distrito 5 (Biblioteca Campana y Plaza de las Carretas). Como es costumbre dentro de la Trienal, tambi\u00e9n\u00a0hubo un espacio de arte con obras de arquitectos y artistas de la regi\u00f3n\u00a0del Distrito 5. Asimismo se pudo apreciar un sector de Arte en Vivo donde la artista Mar\u00eda Torcello plasm\u00f3 su impronta en piezas de madera trabajadas artisticamente.\u00a0<\/p>\n\n\n\n<figure class=\"wp-block-image\"><img loading=\"lazy\" decoding=\"async\" width=\"800\" height=\"533\" data-attachment-id=\"100988\" data-permalink=\"https:\/\/www.hoymercedes.com.ar\/principal\/2019\/10\/05\/se-realizo-la-1-trienal-de-arquitectura-y-urbanismo-del-distrito-5\/05-trienal-arq-3\/#main\" data-orig-file=\"https:\/\/www.hoymercedes.com.ar\/principal\/wp-content\/uploads\/2019\/10\/05-trienal-arq-3.jpg\" data-orig-size=\"800,533\" data-comments-opened=\"0\" data-image-meta=\"{&quot;aperture&quot;:&quot;0&quot;,&quot;credit&quot;:&quot;&quot;,&quot;camera&quot;:&quot;&quot;,&quot;caption&quot;:&quot;&quot;,&quot;created_timestamp&quot;:&quot;0&quot;,&quot;copyright&quot;:&quot;&quot;,&quot;focal_length&quot;:&quot;0&quot;,&quot;iso&quot;:&quot;0&quot;,&quot;shutter_speed&quot;:&quot;0&quot;,&quot;title&quot;:&quot;&quot;,&quot;orientation&quot;:&quot;0&quot;}\" data-image-title=\"05 trienal arq 3\" data-image-description=\"\" data-image-caption=\"\" data-large-file=\"https:\/\/www.hoymercedes.com.ar\/principal\/wp-content\/uploads\/2019\/10\/05-trienal-arq-3.jpg\" src=\"https:\/\/www.hoymercedes.com.ar\/principal\/wp-content\/uploads\/2019\/10\/05-trienal-arq-3.jpg\" alt=\"\" class=\"wp-image-100988\" srcset=\"https:\/\/www.hoymercedes.com.ar\/principal\/wp-content\/uploads\/2019\/10\/05-trienal-arq-3.jpg 800w, https:\/\/www.hoymercedes.com.ar\/principal\/wp-content\/uploads\/2019\/10\/05-trienal-arq-3-150x100.jpg 150w, https:\/\/www.hoymercedes.com.ar\/principal\/wp-content\/uploads\/2019\/10\/05-trienal-arq-3-630x420.jpg 630w, https:\/\/www.hoymercedes.com.ar\/principal\/wp-content\/uploads\/2019\/10\/05-trienal-arq-3-720x480.jpg 720w, https:\/\/www.hoymercedes.com.ar\/principal\/wp-content\/uploads\/2019\/10\/05-trienal-arq-3-360x240.jpg 360w\" sizes=\"auto, (max-width: 800px) 100vw, 800px\" \/><\/figure>\n\n\n\n<p>Otro acontecimiento fue la presentaci\u00f3n por parte del&nbsp;Arq. Marcelo Corti de su ultimo libro \u00abDiez Principios para Ciudades que Funcionen\u00bb. El mismo estuvo a la venta en el stand de la Revista Distrital Perspectiva V.<\/p>\n\n\n\n<p>Finalmente, el Presidente del Distrito 5 Arquitecto Jorge Alberto Garc\u00eda, agradeci\u00f3 y felicit\u00f3 a todo el grupo que trabaj\u00f3 en el armado de esta Trienal, Arqs. Francisco Cadau, Gustavo Darrigo, Hern\u00e1n P\u00e9rez de Simone, Mar\u00eda Marta Ghezzi, y a los integrantes del Consejo Directivo, Arqs. Jos\u00e9 Mar\u00eda Serpi, Alicia Arata y Fernanda Iparraguirre.<\/p>\n\n\n\n<p>La Trienal Internacional del Distrito 5 del CAPBA cumpli\u00f3 todas las expectativas de realizar una muestra de todo su quehacer Colegial, de una manera abierta al p\u00fablico y que enaltece la profesi\u00f3n dentro de la sociedad en general.\u00a0 <\/p>\n\n\n\n<p>Fuente: Prensa CAPBA D5<\/p>\n\n\n\n<figure class=\"wp-block-image\"><img loading=\"lazy\" decoding=\"async\" width=\"800\" height=\"410\" data-attachment-id=\"100989\" data-permalink=\"https:\/\/www.hoymercedes.com.ar\/principal\/2019\/10\/05\/se-realizo-la-1-trienal-de-arquitectura-y-urbanismo-del-distrito-5\/05-trienal-arq-4\/#main\" data-orig-file=\"https:\/\/www.hoymercedes.com.ar\/principal\/wp-content\/uploads\/2019\/10\/05-trienal-arq-4.jpg\" data-orig-size=\"800,410\" data-comments-opened=\"0\" data-image-meta=\"{&quot;aperture&quot;:&quot;0&quot;,&quot;credit&quot;:&quot;&quot;,&quot;camera&quot;:&quot;&quot;,&quot;caption&quot;:&quot;&quot;,&quot;created_timestamp&quot;:&quot;0&quot;,&quot;copyright&quot;:&quot;&quot;,&quot;focal_length&quot;:&quot;0&quot;,&quot;iso&quot;:&quot;0&quot;,&quot;shutter_speed&quot;:&quot;0&quot;,&quot;title&quot;:&quot;&quot;,&quot;orientation&quot;:&quot;0&quot;}\" data-image-title=\"05 trienal arq 4\" data-image-description=\"\" data-image-caption=\"\" data-large-file=\"https:\/\/www.hoymercedes.com.ar\/principal\/wp-content\/uploads\/2019\/10\/05-trienal-arq-4.jpg\" src=\"https:\/\/www.hoymercedes.com.ar\/principal\/wp-content\/uploads\/2019\/10\/05-trienal-arq-4.jpg\" alt=\"\" class=\"wp-image-100989\" srcset=\"https:\/\/www.hoymercedes.com.ar\/principal\/wp-content\/uploads\/2019\/10\/05-trienal-arq-4.jpg 800w, https:\/\/www.hoymercedes.com.ar\/principal\/wp-content\/uploads\/2019\/10\/05-trienal-arq-4-150x77.jpg 150w, https:\/\/www.hoymercedes.com.ar\/principal\/wp-content\/uploads\/2019\/10\/05-trienal-arq-4-630x323.jpg 630w\" sizes=\"auto, (max-width: 800px) 100vw, 800px\" \/><\/figure>\n","protected":false},"excerpt":{"rendered":"<p>Bajo el t\u00edtulo de \u201cArquitectura y Ciudad en la Cultura de lo M\u00faltiple\u201d, se desarroll\u00f3 entre los d\u00edas 27 y &#8230; <a title=\"Se realiz\u00f3 la 1\u00b0 Trienal de Arquitectura y Urbanismo del Distrito 5\" class=\"read-more\" href=\"https:\/\/www.hoymercedes.com.ar\/principal\/2019\/10\/05\/se-realizo-la-1-trienal-de-arquitectura-y-urbanismo-del-distrito-5\/\" aria-label=\"Leer m\u00e1s sobre Se realiz\u00f3 la 1\u00b0 Trienal de Arquitectura y Urbanismo del Distrito 5\">Leer m\u00e1s<\/a><\/p>\n","protected":false},"author":1,"featured_media":100989,"comment_status":"closed","ping_status":"open","sticky":false,"template":"","format":"standard","meta":{"_monsterinsights_skip_tracking":false,"_monsterinsights_sitenote_active":false,"_monsterinsights_sitenote_note":"","_monsterinsights_sitenote_category":0,"jetpack_post_was_ever_published":false,"_jetpack_newsletter_access":"","_jetpack_dont_email_post_to_subs":false,"_jetpack_newsletter_tier_id":0,"_jetpack_memberships_contains_paywalled_content":false,"_jetpack_memberships_contains_paid_content":false,"footnotes":"","jetpack_publicize_message":"","jetpack_publicize_feature_enabled":true,"jetpack_social_post_already_shared":true,"jetpack_social_options":{"image_generator_settings":{"template":"highway","default_image_id":0,"font":"","enabled":false},"version":2},"_wpas_customize_per_network":false},"categories":[104],"tags":[6816,15780],"class_list":["post-100985","post","type-post","status-publish","format-standard","has-post-thumbnail","hentry","category-cultura","tag-colegio-de-arquitectos","tag-trienal","generate-columns","tablet-grid-50","mobile-grid-100","grid-parent","grid-50"],"jetpack_publicize_connections":[],"jetpack_featured_media_url":"https:\/\/www.hoymercedes.com.ar\/principal\/wp-content\/uploads\/2019\/10\/05-trienal-arq-4.jpg","wps_subtitle":"Trienal regional","jetpack_sharing_enabled":true,"_links":{"self":[{"href":"https:\/\/www.hoymercedes.com.ar\/principal\/wp-json\/wp\/v2\/posts\/100985","targetHints":{"allow":["GET"]}}],"collection":[{"href":"https:\/\/www.hoymercedes.com.ar\/principal\/wp-json\/wp\/v2\/posts"}],"about":[{"href":"https:\/\/www.hoymercedes.com.ar\/principal\/wp-json\/wp\/v2\/types\/post"}],"author":[{"embeddable":true,"href":"https:\/\/www.hoymercedes.com.ar\/principal\/wp-json\/wp\/v2\/users\/1"}],"replies":[{"embeddable":true,"href":"https:\/\/www.hoymercedes.com.ar\/principal\/wp-json\/wp\/v2\/comments?post=100985"}],"version-history":[{"count":0,"href":"https:\/\/www.hoymercedes.com.ar\/principal\/wp-json\/wp\/v2\/posts\/100985\/revisions"}],"wp:featuredmedia":[{"embeddable":true,"href":"https:\/\/www.hoymercedes.com.ar\/principal\/wp-json\/wp\/v2\/media\/100989"}],"wp:attachment":[{"href":"https:\/\/www.hoymercedes.com.ar\/principal\/wp-json\/wp\/v2\/media?parent=100985"}],"wp:term":[{"taxonomy":"category","embeddable":true,"href":"https:\/\/www.hoymercedes.com.ar\/principal\/wp-json\/wp\/v2\/categories?post=100985"},{"taxonomy":"post_tag","embeddable":true,"href":"https:\/\/www.hoymercedes.com.ar\/principal\/wp-json\/wp\/v2\/tags?post=100985"}],"curies":[{"name":"wp","href":"https:\/\/api.w.org\/{rel}","templated":true}]}}