{"id":100992,"date":"2019-10-05T14:22:34","date_gmt":"2019-10-05T17:22:34","guid":{"rendered":"http:\/\/www.hoymercedes.com.ar\/principal\/?p=100992"},"modified":"2019-10-05T14:33:12","modified_gmt":"2019-10-05T17:33:12","slug":"capacitacion-para-proteccion-civil-en-meteorologia","status":"publish","type":"post","link":"https:\/\/www.hoymercedes.com.ar\/principal\/2019\/10\/05\/capacitacion-para-proteccion-civil-en-meteorologia\/","title":{"rendered":"Capacitaci\u00f3n para Protecci\u00f3n Civil en meteorolog\u00eda"},"content":{"rendered":"\n<p>Dentro del marco del Centro Regional de Investigaci\u00f3n y desarrollo de Pol\u00edticas P\u00fablicas, el pasado mi\u00e9rcoles en la sede de Protecci\u00f3n Civil Mercedes, en el ex Instituto Unzu\u00e9, se llev\u00f3 adelante el taller de \u00abMeteorolog\u00eda en diferentes escalas temporales\u00a8. Dictado por Federico Robledo, meteor\u00f3logo e investigador del Cima-Conicet y la Facultad de Cs Exactas y Naturales de la UBA, la capacitaci\u00f3n fue para los integrantes del \u00e1rea comunal y a representantes de Bomberos Voluntarios. <\/p>\n\n\n\n<p>El objetivo del taller fue aprender a interpretar plazos de pron\u00f3stico&nbsp;y fuentes de informaci\u00f3n. Los temas conversados en este dinamico encuentro fueron entre otros: pron\u00f3stico a 7 dias, alertas meteorol\u00f3gicas, avisos a corto plazo, pron\u00f3sticos semanales y trimestrales, sistemas de alerta temprana y sus componentes e impactos de la meteorologia.<\/p>\n\n\n\n<figure class=\"wp-block-image\"><img loading=\"lazy\" decoding=\"async\" width=\"800\" height=\"450\" data-attachment-id=\"100994\" data-permalink=\"https:\/\/www.hoymercedes.com.ar\/principal\/2019\/10\/05\/capacitacion-para-proteccion-civil-en-meteorologia\/05-capac-prot-civil\/#main\" data-orig-file=\"https:\/\/www.hoymercedes.com.ar\/principal\/wp-content\/uploads\/2019\/10\/05-capac-prot-civil.jpg\" data-orig-size=\"800,450\" data-comments-opened=\"0\" data-image-meta=\"{&quot;aperture&quot;:&quot;0&quot;,&quot;credit&quot;:&quot;&quot;,&quot;camera&quot;:&quot;&quot;,&quot;caption&quot;:&quot;&quot;,&quot;created_timestamp&quot;:&quot;0&quot;,&quot;copyright&quot;:&quot;&quot;,&quot;focal_length&quot;:&quot;0&quot;,&quot;iso&quot;:&quot;0&quot;,&quot;shutter_speed&quot;:&quot;0&quot;,&quot;title&quot;:&quot;&quot;,&quot;orientation&quot;:&quot;0&quot;}\" data-image-title=\"05 capac prot civil\" data-image-description=\"\" data-image-caption=\"\" data-large-file=\"https:\/\/www.hoymercedes.com.ar\/principal\/wp-content\/uploads\/2019\/10\/05-capac-prot-civil.jpg\" src=\"https:\/\/www.hoymercedes.com.ar\/principal\/wp-content\/uploads\/2019\/10\/05-capac-prot-civil.jpg\" alt=\"\" class=\"wp-image-100994\" srcset=\"https:\/\/www.hoymercedes.com.ar\/principal\/wp-content\/uploads\/2019\/10\/05-capac-prot-civil.jpg 800w, https:\/\/www.hoymercedes.com.ar\/principal\/wp-content\/uploads\/2019\/10\/05-capac-prot-civil-150x84.jpg 150w, https:\/\/www.hoymercedes.com.ar\/principal\/wp-content\/uploads\/2019\/10\/05-capac-prot-civil-630x354.jpg 630w\" sizes=\"auto, (max-width: 800px) 100vw, 800px\" \/><\/figure>\n","protected":false},"excerpt":{"rendered":"<p>Dentro del marco del Centro Regional de Investigaci\u00f3n y desarrollo de Pol\u00edticas P\u00fablicas, el pasado mi\u00e9rcoles en la sede de &#8230; <a title=\"Capacitaci\u00f3n para Protecci\u00f3n Civil en meteorolog\u00eda\" class=\"read-more\" href=\"https:\/\/www.hoymercedes.com.ar\/principal\/2019\/10\/05\/capacitacion-para-proteccion-civil-en-meteorologia\/\" aria-label=\"Leer m\u00e1s sobre Capacitaci\u00f3n para Protecci\u00f3n Civil en meteorolog\u00eda\">Leer m\u00e1s<\/a><\/p>\n","protected":false},"author":1,"featured_media":100994,"comment_status":"closed","ping_status":"open","sticky":false,"template":"","format":"standard","meta":{"_monsterinsights_skip_tracking":false,"_monsterinsights_sitenote_active":false,"_monsterinsights_sitenote_note":"","_monsterinsights_sitenote_category":0,"jetpack_post_was_ever_published":false,"_jetpack_newsletter_access":"","_jetpack_dont_email_post_to_subs":false,"_jetpack_newsletter_tier_id":0,"_jetpack_memberships_contains_paywalled_content":false,"_jetpack_memberships_contains_paid_content":false,"footnotes":"","jetpack_publicize_message":"","jetpack_publicize_feature_enabled":true,"jetpack_social_post_already_shared":true,"jetpack_social_options":{"image_generator_settings":{"template":"highway","default_image_id":0,"font":"","enabled":false},"version":2},"_wpas_customize_per_network":false},"categories":[30],"tags":[8656,244,9122],"class_list":["post-100992","post","type-post","status-publish","format-standard","has-post-thumbnail","hentry","category-municipio","tag-capacitacion","tag-municipio-2","tag-proteccion-civil","generate-columns","tablet-grid-50","mobile-grid-100","grid-parent","grid-50"],"jetpack_publicize_connections":[],"jetpack_featured_media_url":"https:\/\/www.hoymercedes.com.ar\/principal\/wp-content\/uploads\/2019\/10\/05-capac-prot-civil.jpg","wps_subtitle":"En la semana pasada","jetpack_sharing_enabled":true,"_links":{"self":[{"href":"https:\/\/www.hoymercedes.com.ar\/principal\/wp-json\/wp\/v2\/posts\/100992","targetHints":{"allow":["GET"]}}],"collection":[{"href":"https:\/\/www.hoymercedes.com.ar\/principal\/wp-json\/wp\/v2\/posts"}],"about":[{"href":"https:\/\/www.hoymercedes.com.ar\/principal\/wp-json\/wp\/v2\/types\/post"}],"author":[{"embeddable":true,"href":"https:\/\/www.hoymercedes.com.ar\/principal\/wp-json\/wp\/v2\/users\/1"}],"replies":[{"embeddable":true,"href":"https:\/\/www.hoymercedes.com.ar\/principal\/wp-json\/wp\/v2\/comments?post=100992"}],"version-history":[{"count":0,"href":"https:\/\/www.hoymercedes.com.ar\/principal\/wp-json\/wp\/v2\/posts\/100992\/revisions"}],"wp:featuredmedia":[{"embeddable":true,"href":"https:\/\/www.hoymercedes.com.ar\/principal\/wp-json\/wp\/v2\/media\/100994"}],"wp:attachment":[{"href":"https:\/\/www.hoymercedes.com.ar\/principal\/wp-json\/wp\/v2\/media?parent=100992"}],"wp:term":[{"taxonomy":"category","embeddable":true,"href":"https:\/\/www.hoymercedes.com.ar\/principal\/wp-json\/wp\/v2\/categories?post=100992"},{"taxonomy":"post_tag","embeddable":true,"href":"https:\/\/www.hoymercedes.com.ar\/principal\/wp-json\/wp\/v2\/tags?post=100992"}],"curies":[{"name":"wp","href":"https:\/\/api.w.org\/{rel}","templated":true}]}}