{"id":100997,"date":"2019-10-05T18:09:25","date_gmt":"2019-10-05T21:09:25","guid":{"rendered":"http:\/\/www.hoymercedes.com.ar\/principal\/?p=100997"},"modified":"2019-10-05T14:32:56","modified_gmt":"2019-10-05T17:32:56","slug":"dormimos-con-el-enemigo","status":"publish","type":"post","link":"https:\/\/www.hoymercedes.com.ar\/principal\/2019\/10\/05\/dormimos-con-el-enemigo\/","title":{"rendered":"Dormimos con el enemigo"},"content":{"rendered":"\n<p>Por S.O.S. H\u00e1bitat &#8211; Ante la situaci\u00f3n ocurrida el pasado viernes 27 en la empresa Sigma de la localidad de La Verde, formulamos ante quien corresponda las siguientes preguntas:<br>&#8211; \u00bf Para qu\u00e9 trabajos fue habilitada esta empresa?<br>&#8211; \u00bfQui\u00e9n di\u00f3 la autorizaci\u00f3n? <br>&#8211; Previo a la autorizaci\u00f3n \u00bfse cumpli\u00f3 con la declaraci\u00f3n de impacto ambiental?<br>&#8211; \u00bf Ten\u00edan alguna planta de tratamiento para posibles desechos de los materiales que usaban?<br>&#8211; \u00bfBajo qu\u00e9 condici\u00f3n de resguardo para su integridad f\u00edsica ten\u00edan los trabajadores?<br>&#8211; \u00bfPuede autorizarse a este tipo de empresas, que manipulan materiales como agroqu\u00edmicos, instalarse tan cerca de viviendas y dependencias escolares?<br>&#8211; Dado el siniestro: \u00bfse intruy\u00f3 a los vecinos con el correspondiente protocolo para proteger su salud?<\/p>\n\n\n\n<p><strong>NECESITAMOS RESPUESTAS.<\/strong><\/p>\n\n\n\n<p>Nuestro p\u00e9same a la familia del trabajador lamentablemente fallecido.\n\n<\/p>\n","protected":false},"excerpt":{"rendered":"<p>Por S.O.S. H\u00e1bitat &#8211; Ante la situaci\u00f3n ocurrida el pasado viernes 27 en la empresa Sigma de la localidad de &#8230; <a title=\"Dormimos con el enemigo\" class=\"read-more\" href=\"https:\/\/www.hoymercedes.com.ar\/principal\/2019\/10\/05\/dormimos-con-el-enemigo\/\" aria-label=\"Leer m\u00e1s sobre Dormimos con el enemigo\">Leer m\u00e1s<\/a><\/p>\n","protected":false},"author":1,"featured_media":100527,"comment_status":"closed","ping_status":"open","sticky":false,"template":"","format":"standard","meta":{"_monsterinsights_skip_tracking":false,"_monsterinsights_sitenote_active":false,"_monsterinsights_sitenote_note":"","_monsterinsights_sitenote_category":0,"jetpack_post_was_ever_published":false,"_jetpack_newsletter_access":"","_jetpack_dont_email_post_to_subs":false,"_jetpack_newsletter_tier_id":0,"_jetpack_memberships_contains_paywalled_content":false,"_jetpack_memberships_contains_paid_content":false,"footnotes":"","jetpack_publicize_message":"","jetpack_publicize_feature_enabled":true,"jetpack_social_post_already_shared":true,"jetpack_social_options":{"image_generator_settings":{"template":"highway","default_image_id":0,"font":"","enabled":false},"version":2},"_wpas_customize_per_network":false},"categories":[1],"tags":[15792,43,8748,887],"class_list":["post-100997","post","type-post","status-publish","format-standard","has-post-thumbnail","hentry","category-opinion","tag-incendio-en-la-verde","tag-medio-ambiente","tag-opinion","tag-sos-habitat","generate-columns","tablet-grid-50","mobile-grid-100","grid-parent","grid-50"],"jetpack_publicize_connections":[],"jetpack_featured_media_url":"https:\/\/www.hoymercedes.com.ar\/principal\/wp-content\/uploads\/2019\/09\/incendio-la-verde-6.jpg","wps_subtitle":"Preguntas de la comunidad","jetpack_sharing_enabled":true,"_links":{"self":[{"href":"https:\/\/www.hoymercedes.com.ar\/principal\/wp-json\/wp\/v2\/posts\/100997","targetHints":{"allow":["GET"]}}],"collection":[{"href":"https:\/\/www.hoymercedes.com.ar\/principal\/wp-json\/wp\/v2\/posts"}],"about":[{"href":"https:\/\/www.hoymercedes.com.ar\/principal\/wp-json\/wp\/v2\/types\/post"}],"author":[{"embeddable":true,"href":"https:\/\/www.hoymercedes.com.ar\/principal\/wp-json\/wp\/v2\/users\/1"}],"replies":[{"embeddable":true,"href":"https:\/\/www.hoymercedes.com.ar\/principal\/wp-json\/wp\/v2\/comments?post=100997"}],"version-history":[{"count":0,"href":"https:\/\/www.hoymercedes.com.ar\/principal\/wp-json\/wp\/v2\/posts\/100997\/revisions"}],"wp:featuredmedia":[{"embeddable":true,"href":"https:\/\/www.hoymercedes.com.ar\/principal\/wp-json\/wp\/v2\/media\/100527"}],"wp:attachment":[{"href":"https:\/\/www.hoymercedes.com.ar\/principal\/wp-json\/wp\/v2\/media?parent=100997"}],"wp:term":[{"taxonomy":"category","embeddable":true,"href":"https:\/\/www.hoymercedes.com.ar\/principal\/wp-json\/wp\/v2\/categories?post=100997"},{"taxonomy":"post_tag","embeddable":true,"href":"https:\/\/www.hoymercedes.com.ar\/principal\/wp-json\/wp\/v2\/tags?post=100997"}],"curies":[{"name":"wp","href":"https:\/\/api.w.org\/{rel}","templated":true}]}}