{"id":10101,"date":"2011-12-28T11:26:44","date_gmt":"2011-12-28T11:26:44","guid":{"rendered":"http:\/\/www.hoymercedes.com.ar\/principal\/?p=10101"},"modified":"2011-12-28T11:26:44","modified_gmt":"2011-12-28T11:26:44","slug":"comunicado-del-partido-socialista-de-mercedes-sobre-ley-antiterrorista","status":"publish","type":"post","link":"https:\/\/www.hoymercedes.com.ar\/principal\/2011\/12\/28\/comunicado-del-partido-socialista-de-mercedes-sobre-ley-antiterrorista\/","title":{"rendered":"Comunicado del Partido Socialista de Mercedes sobre Ley Antiterrorista"},"content":{"rendered":"<p>Desde el Partido Socialista de Mercedes rechazamos la aprobaci\u00f3n en la madrugada del jueves, por parte del Senado la ley sobre antiterrorismo, que tan s\u00f3lo una semana antes hab\u00eda recibido diversos cuestionamientos cuando obtuvo media sanci\u00f3n en Diputados, rechazando y repudiando tambi\u00e9n la ceguera ideol\u00f3gica de una nueva camada de Diputados que dicen representar a la juventud transformadora.-<\/p>\n<p>La reciente modificaci\u00f3n cont\u00f3 con el apoyo del bloque oficialista y sus aliados, en busca profundizar la Ley Antiterrorista que ya hab\u00eda sido sancionada en 2007 en nuestro pa\u00eds mediante la incorporaci\u00f3n de un tratado internacional, y contra la cual un conjunto de organizaciones pol\u00edticas, sociales y culturales de nuestra ciudad organizamos un recital en la plaza San Martin en rechazo a su sanci\u00f3n.<\/p>\n<p>Se trata de una reforma al C\u00f3digo Penal que el Gafi (Grupo de Acci\u00f3n Financiera Internacional) reclama a nuestro pa\u00eds bajo amenaza de excluirlo del G-20, grupo de los 20 pa\u00edses m\u00e1s industrializados y emergentes.<\/p>\n<p>La reforma central introducida en esta nueva etapa establece que las penas ya establecidas en el C\u00f3digo Penal se duplicar\u00e1n cuando los delitos hayan sido cometidos \u201ccon la finalidad de aterrorizar a la poblaci\u00f3n u obligar a las autoridades p\u00fablicas nacionales o gobiernos extranjeros o agentes de una organizaci\u00f3n internacional a realizar un acto o abstenerse de hacerlo\u201d.<\/p>\n<p>Compartimos lo manifestado el juez de la Corte Suprema Eugenio Zaffaroni en declaraciones a Radio Nacional C\u00f3rdoba, donde asegur\u00f3 que el Gafi \u201cnos extorsiona de modo que si no sacamos esas leyes, nos va a sancionar econ\u00f3micamente\u201d cuando originalmente el organismo no tiene facultades para hacerlo, ya que su funci\u00f3n es emitir recomendaciones a los gobiernos.<\/p>\n<p>Adem\u00e1s, se\u00f1al\u00f3 que nuestro pa\u00eds no necesita \u201cpara nada\u201d una figura como el terrorismo: \u201cEn Argentina, la muerte de una sola persona con un medio capaz de causar grandes estragos tiene pena perpetua en nuestro C\u00f3digo desde hace 90 a\u00f1os\u201d.<\/p>\n<p>En cuanto a la ley que incorpora como delitos las acciones destinadas a afectar el orden econ\u00f3mico y financiero, Zaffaroni sostuvo que \u201cArgentina est\u00e1 extorsionada por este organismo que se ocupa de garantizar que el lavado de dinero se haga solamente en el hemisferio norte\u201d.<\/p>\n<p>Sabiendo lo conservador que es el Poder Judicial eso no es garant\u00eda de nada porque despu\u00e9s va a haber que demostrar que realmente era en el marco de un movimiento social y que en realidad el movimiento social estaba reclamando un derecho. Darle estos instrumentos a un Poder Judicial como el argentino, que sigue siendo el poder menos democratizado y que es el refugio m\u00e1s conservador, con honrosas excepciones, y que encima no puede estar controlado por los ciudadanos porque no es elegido, es un verdadero avasallamiento a la Constituci\u00f3n.<\/p>\n<p>La ley Antiterrorista y el C\u00f3digo de Faltas tienen en com\u00fan que salen de los mismos centros de pensamiento de Estados Unidos y los pa\u00edses poderosos. A excepci\u00f3n de Cuba, Bolivia y Venezuela, en todo el Cono Sur se vienen votando leyes en t\u00e9rminos de seguridad interna, que afectan directamente sobre derechos humanos.<\/p>\n<p>Es por esto que desde nuestro espacio politico adherimos e invitamos a toda la ciudadan\u00eda a la marcha \u201ccontra la Ley Antiterrorista\u201d convocada para el d\u00eda jueves 28 de diciembre, a las 18 hs en Av. De Mayo y Nueve de Julio.-<\/p>\n<p>Jose Luis Pisano, Sec. Gral Centro Socialista de Mercedes<\/p>\n","protected":false},"excerpt":{"rendered":"<p>Desde el Partido Socialista de Mercedes rechazamos la aprobaci\u00f3n en la madrugada del jueves, por parte del Senado la ley &#8230; <a title=\"Comunicado del Partido Socialista de Mercedes sobre Ley Antiterrorista\" class=\"read-more\" href=\"https:\/\/www.hoymercedes.com.ar\/principal\/2011\/12\/28\/comunicado-del-partido-socialista-de-mercedes-sobre-ley-antiterrorista\/\" aria-label=\"Leer m\u00e1s sobre Comunicado del Partido Socialista de Mercedes sobre Ley Antiterrorista\">Leer m\u00e1s<\/a><\/p>\n","protected":false},"author":1,"featured_media":0,"comment_status":"open","ping_status":"open","sticky":false,"template":"","format":"standard","meta":{"_monsterinsights_skip_tracking":false,"_monsterinsights_sitenote_active":false,"_monsterinsights_sitenote_note":"","_monsterinsights_sitenote_category":0,"jetpack_post_was_ever_published":false,"_jetpack_newsletter_access":"","_jetpack_dont_email_post_to_subs":false,"_jetpack_newsletter_tier_id":0,"_jetpack_memberships_contains_paywalled_content":false,"_jetpack_memberships_contains_paid_content":false,"footnotes":"","jetpack_publicize_message":"","jetpack_publicize_feature_enabled":true,"jetpack_social_post_already_shared":false,"jetpack_social_options":{"image_generator_settings":{"template":"highway","default_image_id":0,"font":"","enabled":false},"version":2},"_wpas_customize_per_network":false},"categories":[5],"tags":[1750],"class_list":["post-10101","post","type-post","status-publish","format-standard","hentry","category-politica","tag-comunicado-del-partido-socialista-de-mercedes-sobre-ley-antiterrorista","generate-columns","tablet-grid-50","mobile-grid-100","grid-parent","grid-50"],"jetpack_publicize_connections":[],"jetpack_featured_media_url":"","wps_subtitle":"","jetpack_sharing_enabled":true,"_links":{"self":[{"href":"https:\/\/www.hoymercedes.com.ar\/principal\/wp-json\/wp\/v2\/posts\/10101","targetHints":{"allow":["GET"]}}],"collection":[{"href":"https:\/\/www.hoymercedes.com.ar\/principal\/wp-json\/wp\/v2\/posts"}],"about":[{"href":"https:\/\/www.hoymercedes.com.ar\/principal\/wp-json\/wp\/v2\/types\/post"}],"author":[{"embeddable":true,"href":"https:\/\/www.hoymercedes.com.ar\/principal\/wp-json\/wp\/v2\/users\/1"}],"replies":[{"embeddable":true,"href":"https:\/\/www.hoymercedes.com.ar\/principal\/wp-json\/wp\/v2\/comments?post=10101"}],"version-history":[{"count":0,"href":"https:\/\/www.hoymercedes.com.ar\/principal\/wp-json\/wp\/v2\/posts\/10101\/revisions"}],"wp:attachment":[{"href":"https:\/\/www.hoymercedes.com.ar\/principal\/wp-json\/wp\/v2\/media?parent=10101"}],"wp:term":[{"taxonomy":"category","embeddable":true,"href":"https:\/\/www.hoymercedes.com.ar\/principal\/wp-json\/wp\/v2\/categories?post=10101"},{"taxonomy":"post_tag","embeddable":true,"href":"https:\/\/www.hoymercedes.com.ar\/principal\/wp-json\/wp\/v2\/tags?post=10101"}],"curies":[{"name":"wp","href":"https:\/\/api.w.org\/{rel}","templated":true}]}}