{"id":10104,"date":"2011-12-28T11:33:36","date_gmt":"2011-12-28T11:33:36","guid":{"rendered":"http:\/\/www.hoymercedes.com.ar\/principal\/?p=10104"},"modified":"2011-12-28T11:33:36","modified_gmt":"2011-12-28T11:33:36","slug":"lopez-el-intendente-nunca-fue-amante-de-realizar-cambios-espectaculares","status":"publish","type":"post","link":"https:\/\/www.hoymercedes.com.ar\/principal\/2011\/12\/28\/lopez-el-intendente-nunca-fue-amante-de-realizar-cambios-espectaculares\/","title":{"rendered":"L\u00f3pez: \u00abEl intendente nunca fue amante de realizar cambios espectaculares\u00bb"},"content":{"rendered":"<figure id=\"attachment_10106\" aria-describedby=\"caption-attachment-10106\" style=\"width: 290px\" class=\"wp-caption alignleft\"><a href=\"https:\/\/www.hoymercedes.com.ar\/principal\/wp-content\/uploads\/2011\/12\/S.Lopez_.jpg\"><img loading=\"lazy\" decoding=\"async\" data-attachment-id=\"10106\" data-permalink=\"https:\/\/www.hoymercedes.com.ar\/principal\/2011\/12\/28\/lopez-el-intendente-nunca-fue-amante-de-realizar-cambios-espectaculares\/s-lopez\/#main\" data-orig-file=\"https:\/\/www.hoymercedes.com.ar\/principal\/wp-content\/uploads\/2011\/12\/S.Lopez_.jpg\" data-orig-size=\"400,287\" data-comments-opened=\"1\" data-image-meta=\"{&quot;aperture&quot;:&quot;2.8&quot;,&quot;credit&quot;:&quot;&quot;,&quot;camera&quot;:&quot;COOLPIX L10&quot;,&quot;caption&quot;:&quot;&quot;,&quot;created_timestamp&quot;:&quot;1324802404&quot;,&quot;copyright&quot;:&quot;Copyright 2006&quot;,&quot;focal_length&quot;:&quot;6.2&quot;,&quot;iso&quot;:&quot;64&quot;,&quot;shutter_speed&quot;:&quot;0.033333333333333&quot;,&quot;title&quot;:&quot;&quot;}\" data-image-title=\"S.Lopez\" data-image-description=\"&lt;p&gt;Sergio L\u00f3pez &amp;#8211; Secretario de Gobierno&lt;\/p&gt;\n\" data-image-caption=\"&lt;p&gt;Sergio L\u00f3pez &amp;#8211; Secretario de Gobierno&lt;\/p&gt;\n\" data-large-file=\"https:\/\/www.hoymercedes.com.ar\/principal\/wp-content\/uploads\/2011\/12\/S.Lopez_.jpg\" class=\"size-medium wp-image-10106 \" title=\"S.Lopez\" src=\"https:\/\/www.hoymercedes.com.ar\/principal\/wp-content\/uploads\/2011\/12\/S.Lopez_-300x215.jpg\" alt=\"Sergio L\u00f3pez - Secretario de Gobierno\" width=\"300\" height=\"215\" srcset=\"https:\/\/www.hoymercedes.com.ar\/principal\/wp-content\/uploads\/2011\/12\/S.Lopez_-300x215.jpg 300w, https:\/\/www.hoymercedes.com.ar\/principal\/wp-content\/uploads\/2011\/12\/S.Lopez_.jpg 400w\" sizes=\"auto, (max-width: 300px) 100vw, 300px\" \/><\/a><figcaption id=\"caption-attachment-10106\" class=\"wp-caption-text\">Sergio L\u00f3pez - Secretario de Gobierno<\/figcaption><\/figure>\n<p>El Dr. Sergio L\u00f3pez se refiri\u00f3 de dicha manera al ser consultado sobre si finalmente Selva, tal como lo prometi\u00f3, har\u00e1 m\u00e1s cambios de colaboradores antes de finalizar el a\u00f1o. El funcionario se refiri\u00f3 a algunas de lats tareas que han quedado pendientes ejecuci\u00f3n para el 2012<\/p>\n<p>El Secretario de Gobierno Dr. Sergio Fabi\u00e1n L\u00f3pez se refiri\u00f3 a lo que fue el 2011 en materia de gesti\u00f3n en el municipio de nuestra ciudad resaltando de manera especial el hecho de haber tenido que pasar por dos procesos electorales a lo largo del a\u00f1o lo cual sin dudas complic\u00f3 el accionar del gobierno comunal.<\/p>\n<p>El funcionario sostuvo <em>\u201cestamos terminando un a\u00f1o dif\u00edcil con dos elecciones que realmente mantuvieron a toda la comunidad de Mercedes de manera muy expectante primero por una interna que no fue afortunadamente tal, donde el intendente Carlos Selva obtuvo una muy importante cantidad de votos pero no fue la fuerza que gano dicha elecci\u00f3n primaria, abierta y simult\u00e1nea, pero con la definitiva afortunadamente s\u00ed se logra concitar la voluntad de otros hombres y mujeres que en la primaria no lo hab\u00edan acompa\u00f1ado y se lograr llegar a esta tercera gesti\u00f3n al frente del municipio, es decir que nos puso en la hermosa tarea de tener que afrontar un nuevo per\u00edodo de gobierno con cosas para realizar, sue\u00f1os que concretar y realidades para continuar dentro de lo posible con un proyecto acorde con lo que es la ciudad de Mercedes.<\/em><\/p>\n<p><em>Es verdad que como creo nos ha pasado a todos hay cosas que no hemos podido cumplir y otras que las comenzamos pero nos falta darles el toque final por lo cual el 2012 para nosotros tambi\u00e9n ser\u00e1 un a\u00f1o de mucho trabajo y muchas cosas por hacer.<\/em><\/p>\n<p><em>Un ejemploe s la Planta de Tratamiento de Residuos S\u00f3lidos, logramos ponerla en marcha, comenzar con un trabajo en determinados sectores pero ahora hay que integrar a toda la ciudad y eso nos demandar\u00e1 otro gran esfuerzo, lo mismo ocurre con los basurales clandestinos que logramos erradicar, ahora hay que seguir luchando para que no los vuelvan a utilizar, para poder terminar de parquizarlos y desde ya cerrar cualquier otros focos de esa naturaleza que pueda generarse, ir avanzando con lo que nos falta de modernizaci\u00f3n del Estado, algo que a lo largo del este a\u00f1o nos ha permitido estar entre las ciudades m\u00e1s avanzadas de la Rep\u00fablica Argentina en materia de sistemas y procesos digitales sobre todo en salud, pero atenci\u00f3n que aun falta cosas muy importantes para desarrollar en beneficio de la comunidad\u201d<\/em><\/p>\n<p><em>Luego el Dr. L\u00f3pez se refiri\u00f3 a los cambios oportunamente anunciados por el jefe comunal para antes del 31 de diciembre sosteniendo \u201caun falta cuatro d\u00edas para que termine el a\u00f1o y no se que podr\u00eda llegar a pasar, al menos no lo se yo, pero entiendo que ya algunos cambios se han dado, ocurre que el intendente Selva no es muy amigo de los cambios globales de gran magnitud, de aquellos que hacen muchos ruidos, sino de ir haciendo todo en forma paulatina, de cualquier manea en principio hasta ahora los \u00fanicos plenamente confirmados dentro del equipo de trabajo somos los cinco secretarios.<\/em><\/p>\n<p><em>Yo entiendo que tambi\u00e9n lo est\u00e1n los Subsecretarios pero el esto sigue siendo materia de estudio y an\u00e1lisis del parte del jefe comunal, todo depende de c\u00f3mo se van instrumentando el accionar de las diferentes \u00e1reas de trabajo y el acomodamiento que se necesita desde el municipio a nivel institucional, de esa forma es que entiendo se pueden ir dando los cambios.<\/em><\/p>\n<p><em>Lo dicho respecto de los cambios quiero decir que se trata de una apreciaci\u00f3n personal, pero teniendo en cuenta la realidad que en el momento que el electorado le dio un nuevo voto de confianza a la continuidad de la gesti\u00f3n, quiz\u00e1s de puede interpretar que la sociedad le dio su respaldo a los cambios ya efectuados y que no se necesitan otros nuevos mucho menos si se trata de un equipo de gobierno que vuelve a ganar una elecci\u00f3n porque aquello de que equipo que gana no se toca y lo mismo pasa con las cosas que nos han quedado pendientes, sabemos que la comunidad ha respaldado lo que hicimos y por ello es que seguiremos trabajando para poder completar lo que nos falta hacer\u201d.<\/em><\/p>\n","protected":false},"excerpt":{"rendered":"<p>El Dr. Sergio L\u00f3pez se refiri\u00f3 de dicha manera al ser consultado sobre si finalmente Selva, tal como lo prometi\u00f3, &#8230; <a title=\"L\u00f3pez: \u00abEl intendente nunca fue amante de realizar cambios espectaculares\u00bb\" class=\"read-more\" href=\"https:\/\/www.hoymercedes.com.ar\/principal\/2011\/12\/28\/lopez-el-intendente-nunca-fue-amante-de-realizar-cambios-espectaculares\/\" aria-label=\"Leer m\u00e1s sobre L\u00f3pez: \u00abEl intendente nunca fue amante de realizar cambios espectaculares\u00bb\">Leer m\u00e1s<\/a><\/p>\n","protected":false},"author":1,"featured_media":0,"comment_status":"open","ping_status":"open","sticky":false,"template":"","format":"standard","meta":{"_monsterinsights_skip_tracking":false,"_monsterinsights_sitenote_active":false,"_monsterinsights_sitenote_note":"","_monsterinsights_sitenote_category":0,"jetpack_post_was_ever_published":false,"_jetpack_newsletter_access":"","_jetpack_dont_email_post_to_subs":false,"_jetpack_newsletter_tier_id":0,"_jetpack_memberships_contains_paywalled_content":false,"_jetpack_memberships_contains_paid_content":false,"footnotes":"","jetpack_publicize_message":"","jetpack_publicize_feature_enabled":true,"jetpack_social_post_already_shared":false,"jetpack_social_options":{"image_generator_settings":{"template":"highway","default_image_id":0,"font":"","enabled":false},"version":2},"_wpas_customize_per_network":false},"categories":[5],"tags":[327],"class_list":["post-10104","post","type-post","status-publish","format-standard","hentry","category-politica","tag-sergio-lopez","generate-columns","tablet-grid-50","mobile-grid-100","grid-parent","grid-50"],"jetpack_publicize_connections":[],"jetpack_featured_media_url":"","wps_subtitle":"","jetpack_sharing_enabled":true,"_links":{"self":[{"href":"https:\/\/www.hoymercedes.com.ar\/principal\/wp-json\/wp\/v2\/posts\/10104","targetHints":{"allow":["GET"]}}],"collection":[{"href":"https:\/\/www.hoymercedes.com.ar\/principal\/wp-json\/wp\/v2\/posts"}],"about":[{"href":"https:\/\/www.hoymercedes.com.ar\/principal\/wp-json\/wp\/v2\/types\/post"}],"author":[{"embeddable":true,"href":"https:\/\/www.hoymercedes.com.ar\/principal\/wp-json\/wp\/v2\/users\/1"}],"replies":[{"embeddable":true,"href":"https:\/\/www.hoymercedes.com.ar\/principal\/wp-json\/wp\/v2\/comments?post=10104"}],"version-history":[{"count":0,"href":"https:\/\/www.hoymercedes.com.ar\/principal\/wp-json\/wp\/v2\/posts\/10104\/revisions"}],"wp:attachment":[{"href":"https:\/\/www.hoymercedes.com.ar\/principal\/wp-json\/wp\/v2\/media?parent=10104"}],"wp:term":[{"taxonomy":"category","embeddable":true,"href":"https:\/\/www.hoymercedes.com.ar\/principal\/wp-json\/wp\/v2\/categories?post=10104"},{"taxonomy":"post_tag","embeddable":true,"href":"https:\/\/www.hoymercedes.com.ar\/principal\/wp-json\/wp\/v2\/tags?post=10104"}],"curies":[{"name":"wp","href":"https:\/\/api.w.org\/{rel}","templated":true}]}}