{"id":101129,"date":"2019-10-09T22:06:01","date_gmt":"2019-10-10T01:06:01","guid":{"rendered":"http:\/\/www.hoymercedes.com.ar\/principal\/?p=101129"},"modified":"2019-10-09T17:08:34","modified_gmt":"2019-10-09T20:08:34","slug":"remodelan-y-ponen-en-valor-importantes-instalaciones-de-casa-del-nino","status":"publish","type":"post","link":"https:\/\/www.hoymercedes.com.ar\/principal\/2019\/10\/09\/remodelan-y-ponen-en-valor-importantes-instalaciones-de-casa-del-nino\/","title":{"rendered":"Remodelan y ponen en valor importantes instalaciones de Casa del Ni\u00f1o"},"content":{"rendered":"\n<figure class=\"wp-block-image\"><img loading=\"lazy\" decoding=\"async\" width=\"903\" height=\"632\" data-attachment-id=\"101130\" data-permalink=\"https:\/\/www.hoymercedes.com.ar\/principal\/2019\/10\/09\/remodelan-y-ponen-en-valor-importantes-instalaciones-de-casa-del-nino\/dsc_0046\/#main\" data-orig-file=\"https:\/\/www.hoymercedes.com.ar\/principal\/wp-content\/uploads\/2019\/10\/DSC_0046.jpg\" data-orig-size=\"903,632\" data-comments-opened=\"0\" data-image-meta=\"{&quot;aperture&quot;:&quot;0&quot;,&quot;credit&quot;:&quot;Emmanuel Badano&quot;,&quot;camera&quot;:&quot;&quot;,&quot;caption&quot;:&quot;&quot;,&quot;created_timestamp&quot;:&quot;0&quot;,&quot;copyright&quot;:&quot;Emmanuel Badano&quot;,&quot;focal_length&quot;:&quot;0&quot;,&quot;iso&quot;:&quot;0&quot;,&quot;shutter_speed&quot;:&quot;0&quot;,&quot;title&quot;:&quot;&quot;,&quot;orientation&quot;:&quot;0&quot;}\" data-image-title=\"DSC_0046\" data-image-description=\"\" data-image-caption=\"\" data-large-file=\"https:\/\/www.hoymercedes.com.ar\/principal\/wp-content\/uploads\/2019\/10\/DSC_0046.jpg\" src=\"https:\/\/www.hoymercedes.com.ar\/principal\/wp-content\/uploads\/2019\/10\/DSC_0046.jpg\" alt=\"\" class=\"wp-image-101130\" srcset=\"https:\/\/www.hoymercedes.com.ar\/principal\/wp-content\/uploads\/2019\/10\/DSC_0046.jpg 903w, https:\/\/www.hoymercedes.com.ar\/principal\/wp-content\/uploads\/2019\/10\/DSC_0046-150x105.jpg 150w, https:\/\/www.hoymercedes.com.ar\/principal\/wp-content\/uploads\/2019\/10\/DSC_0046-630x441.jpg 630w, https:\/\/www.hoymercedes.com.ar\/principal\/wp-content\/uploads\/2019\/10\/DSC_0046-120x85.jpg 120w\" sizes=\"auto, (max-width: 903px) 100vw, 903px\" \/><figcaption>Hubo show del Pasayo Pelambre<\/figcaption><\/figure>\n\n\n\n<p>El intendente Juan Ignacio\nUstarroz junto a autoridades, funcionarios, familias y ni\u00f1os y ni\u00f1as recorri\u00f3 las\nimportantes obras de remodelaci\u00f3n efectuadas en la Casa del Ni\u00f1o. \u201cLa verdad\nque es un orgullo estar acompa\u00f1ando a todo este grupo humano fant\u00e1stico y a\ntodos los ni\u00f1os que vienen a nuestra Casa del Ni\u00f1o\u201d. &nbsp;<\/p>\n\n\n\n<p>A su vez, el Dr. Ustarroz subray\u00f3\n\u201ctodo el compromiso de todas y todos los trabajadores, no solamente los que\npusieron valor, arreglaron y embellecieron la Casa del Ni\u00f1o, sino tambi\u00e9n, y\nfundamentalmente, a las que todos los d\u00edas le ponen el hombro y su coraz\u00f3n para\nque los chicos puedan pasarla bien, est\u00e9n contenidos y sean parte del proceso\nde aprendizaje y educaci\u00f3n\u201d y a\u00f1adi\u00f3 \u201ccreo que es un muy importante el rol de\nla cooperadora en todos los \u00e1mbitos pero ac\u00e1 m\u00e1s todav\u00eda, donde se refleja el\nprofundo sentimiento que hay en torno a esta Casa del Ni\u00f1o\u201d.<\/p>\n\n\n\n<p>\u201cSi el Estado y la sociedad no\ncuidan a nuestros ni\u00f1os, se pierde el rumbo. Por suerte hoy en nuestra ciudad\ntenemos un Estado presente, pero por sobre todo tenemos una comunidad que todos\nlos d\u00edas aporta su granito de arena para poder sortear este dif\u00edcil presente\nsin bajar los brazos y sin dejar de estar unidos, para seguir trabajando por lo\nm\u00e1s importante, nuestros ni\u00f1os\u201d afirm\u00f3 el intendente Ustarroz. <\/p>\n\n\n\n<figure class=\"wp-block-image\"><img loading=\"lazy\" decoding=\"async\" width=\"952\" height=\"632\" data-attachment-id=\"101131\" data-permalink=\"https:\/\/www.hoymercedes.com.ar\/principal\/2019\/10\/09\/remodelan-y-ponen-en-valor-importantes-instalaciones-de-casa-del-nino\/dsc_0140\/#main\" data-orig-file=\"https:\/\/www.hoymercedes.com.ar\/principal\/wp-content\/uploads\/2019\/10\/DSC_0140.jpg\" data-orig-size=\"952,632\" data-comments-opened=\"0\" data-image-meta=\"{&quot;aperture&quot;:&quot;0&quot;,&quot;credit&quot;:&quot;Emmanuel Badano&quot;,&quot;camera&quot;:&quot;&quot;,&quot;caption&quot;:&quot;&quot;,&quot;created_timestamp&quot;:&quot;0&quot;,&quot;copyright&quot;:&quot;Emmanuel Badano&quot;,&quot;focal_length&quot;:&quot;0&quot;,&quot;iso&quot;:&quot;0&quot;,&quot;shutter_speed&quot;:&quot;0&quot;,&quot;title&quot;:&quot;&quot;,&quot;orientation&quot;:&quot;0&quot;}\" data-image-title=\"DSC_0140\" data-image-description=\"\" data-image-caption=\"\" data-large-file=\"https:\/\/www.hoymercedes.com.ar\/principal\/wp-content\/uploads\/2019\/10\/DSC_0140.jpg\" src=\"https:\/\/www.hoymercedes.com.ar\/principal\/wp-content\/uploads\/2019\/10\/DSC_0140.jpg\" alt=\"\" class=\"wp-image-101131\" srcset=\"https:\/\/www.hoymercedes.com.ar\/principal\/wp-content\/uploads\/2019\/10\/DSC_0140.jpg 952w, https:\/\/www.hoymercedes.com.ar\/principal\/wp-content\/uploads\/2019\/10\/DSC_0140-150x100.jpg 150w, https:\/\/www.hoymercedes.com.ar\/principal\/wp-content\/uploads\/2019\/10\/DSC_0140-630x418.jpg 630w, https:\/\/www.hoymercedes.com.ar\/principal\/wp-content\/uploads\/2019\/10\/DSC_0140-700x465.jpg 700w\" sizes=\"auto, (max-width: 952px) 100vw, 952px\" \/><figcaption>Instalaciones nuevas en cocina<\/figcaption><\/figure>\n\n\n\n<p>Esta instituci\u00f3n que beneficia a\nuna gran cantidad de ni\u00f1os ha sido objeto de m\u00faltiples inversiones en los\n\u00faltimos a\u00f1os, desde la remodelaci\u00f3n a nuevo de los ba\u00f1os, al cambio del\nmobiliario, cambio de las ca\u00f1er\u00edas total de agua y de gas, contrataci\u00f3n de\nprofesionales, cambio de men\u00fa con nutricionistas, la puesta en valor del SUM,\nentre las acciones m\u00e1s destacadas.<\/p>\n\n\n\n<p>La directora de Ni\u00f1ez y\nadolescencia, Gabriela Olivella dijo: \u201cquer\u00eda agradecer a todos los que\nlograron estos cambios rotundos en la Casa del Ni\u00f1o. Nosotros trabajamos d\u00eda a\nd\u00eda por la igualdad y para que tengan los mismos accesos a todos los derechos\u201d\ny agreg\u00f3 \u201csomos un equipo muy grande, con m\u00e1s de 45 personas trabajando para los\n130 chicos que concurren tanto al turno ma\u00f1ana como al turno tarde\u201d.<\/p>\n\n\n\n<p>A su vez, Olivella destac\u00f3 \u201cme\nparece importante se\u00f1alar, en estos momentos donde m\u00e1s del 52 por ciento de\nnuestros chicos son pobres, todo el trabajo que se hace, desde los docentes,\nlas cocineras y el esfuerzo que hace el Municipio por nuestra ni\u00f1ez\u201d.<\/p>\n\n\n\n<p>El presidente de la cooperadora\nde la instituci\u00f3n, Devico se\u00f1al\u00f3 \u201cla verdad que ver la casa en las condiciones\nque est\u00e1 es excelente y como exalumno me da mucha alegr\u00eda\u201d agreg\u00f3, notablemente\nemocionado \u201ccomo ex alumno sabemos lo que este lugar le brinda a los chicos, la\nverdad que estamos muy agradecido al se\u00f1or intendente Ustarroz por tener la\ncasa en estas condiciones, muchas gracias\u201d. <\/p>\n\n\n\n<figure class=\"wp-block-image\"><img loading=\"lazy\" decoding=\"async\" width=\"998\" height=\"632\" data-attachment-id=\"101132\" data-permalink=\"https:\/\/www.hoymercedes.com.ar\/principal\/2019\/10\/09\/remodelan-y-ponen-en-valor-importantes-instalaciones-de-casa-del-nino\/dsc_0139\/#main\" data-orig-file=\"https:\/\/www.hoymercedes.com.ar\/principal\/wp-content\/uploads\/2019\/10\/DSC_0139.jpg\" data-orig-size=\"998,632\" data-comments-opened=\"0\" data-image-meta=\"{&quot;aperture&quot;:&quot;0&quot;,&quot;credit&quot;:&quot;Emmanuel Badano&quot;,&quot;camera&quot;:&quot;&quot;,&quot;caption&quot;:&quot;&quot;,&quot;created_timestamp&quot;:&quot;0&quot;,&quot;copyright&quot;:&quot;Emmanuel Badano&quot;,&quot;focal_length&quot;:&quot;0&quot;,&quot;iso&quot;:&quot;0&quot;,&quot;shutter_speed&quot;:&quot;0&quot;,&quot;title&quot;:&quot;&quot;,&quot;orientation&quot;:&quot;0&quot;}\" data-image-title=\"DSC_0139\" data-image-description=\"\" data-image-caption=\"\" data-large-file=\"https:\/\/www.hoymercedes.com.ar\/principal\/wp-content\/uploads\/2019\/10\/DSC_0139.jpg\" src=\"https:\/\/www.hoymercedes.com.ar\/principal\/wp-content\/uploads\/2019\/10\/DSC_0139.jpg\" alt=\"\" class=\"wp-image-101132\" srcset=\"https:\/\/www.hoymercedes.com.ar\/principal\/wp-content\/uploads\/2019\/10\/DSC_0139.jpg 998w, https:\/\/www.hoymercedes.com.ar\/principal\/wp-content\/uploads\/2019\/10\/DSC_0139-150x95.jpg 150w, https:\/\/www.hoymercedes.com.ar\/principal\/wp-content\/uploads\/2019\/10\/DSC_0139-630x399.jpg 630w\" sizes=\"auto, (max-width: 998px) 100vw, 998px\" \/><figcaption>Importante inversi\u00f3n <\/figcaption><\/figure>\n\n\n\n<p>Por su parte, la directora del\nlugar, Mar\u00eda Elena Castro recalc\u00f3 \u201cse han hecho much\u00edsimas obras nuevas, la\nverdad que a veces me paro a mirar todo y no lo puedo creer\u201d y se\u00f1al\u00f3 \u201cel\nintendente Ustarroz y la directora de desarrollo social, Jorgelina Silva vienen\nrealizando un trabajo de excelencia\u201d.<\/p>\n\n\n\n<figure class=\"wp-block-image\"><img loading=\"lazy\" decoding=\"async\" width=\"948\" height=\"632\" data-attachment-id=\"101133\" data-permalink=\"https:\/\/www.hoymercedes.com.ar\/principal\/2019\/10\/09\/remodelan-y-ponen-en-valor-importantes-instalaciones-de-casa-del-nino\/dsc_0016-5\/#main\" data-orig-file=\"https:\/\/www.hoymercedes.com.ar\/principal\/wp-content\/uploads\/2019\/10\/DSC_0016.jpg\" data-orig-size=\"948,632\" data-comments-opened=\"0\" data-image-meta=\"{&quot;aperture&quot;:&quot;0&quot;,&quot;credit&quot;:&quot;Emmanuel Badano&quot;,&quot;camera&quot;:&quot;&quot;,&quot;caption&quot;:&quot;&quot;,&quot;created_timestamp&quot;:&quot;0&quot;,&quot;copyright&quot;:&quot;Emmanuel Badano&quot;,&quot;focal_length&quot;:&quot;0&quot;,&quot;iso&quot;:&quot;0&quot;,&quot;shutter_speed&quot;:&quot;0&quot;,&quot;title&quot;:&quot;&quot;,&quot;orientation&quot;:&quot;0&quot;}\" data-image-title=\"DSC_0016\" data-image-description=\"\" data-image-caption=\"\" data-large-file=\"https:\/\/www.hoymercedes.com.ar\/principal\/wp-content\/uploads\/2019\/10\/DSC_0016.jpg\" src=\"https:\/\/www.hoymercedes.com.ar\/principal\/wp-content\/uploads\/2019\/10\/DSC_0016.jpg\" alt=\"\" class=\"wp-image-101133\" srcset=\"https:\/\/www.hoymercedes.com.ar\/principal\/wp-content\/uploads\/2019\/10\/DSC_0016.jpg 948w, https:\/\/www.hoymercedes.com.ar\/principal\/wp-content\/uploads\/2019\/10\/DSC_0016-150x100.jpg 150w, https:\/\/www.hoymercedes.com.ar\/principal\/wp-content\/uploads\/2019\/10\/DSC_0016-630x420.jpg 630w\" sizes=\"auto, (max-width: 948px) 100vw, 948px\" \/><figcaption>Mejoras en patio y SUM<\/figcaption><\/figure>\n\n\n\n<p>La casa del ni\u00f1o cuenta con dos patas fundamentales; la parte pedag\u00f3gica, donde se hace una labor muy exhaustiva con el equipo t\u00e9cnico \u2013psic\u00f3logas y trabajadores sociales- que tambi\u00e9n trabajan con las familias. Por otro lado, la parte nutricional, donde se cuenta con una nutricionista y jefa de cocina, las cuales proporcionan a los chicos y chicas, alimentos que contienen los est\u00e1ndares nutricionales necesarios.<\/p>\n\n\n\n<p>Info: Desarrollo Social<\/p>\n","protected":false},"excerpt":{"rendered":"<p>El intendente Juan Ignacio Ustarroz junto a autoridades, funcionarios, familias y ni\u00f1os y ni\u00f1as recorri\u00f3 las importantes obras de remodelaci\u00f3n &#8230; <a title=\"Remodelan y ponen en valor importantes instalaciones de Casa del Ni\u00f1o\" class=\"read-more\" href=\"https:\/\/www.hoymercedes.com.ar\/principal\/2019\/10\/09\/remodelan-y-ponen-en-valor-importantes-instalaciones-de-casa-del-nino\/\" aria-label=\"Leer m\u00e1s sobre Remodelan y ponen en valor importantes instalaciones de Casa del Ni\u00f1o\">Leer m\u00e1s<\/a><\/p>\n","protected":false},"author":1,"featured_media":101132,"comment_status":"closed","ping_status":"open","sticky":false,"template":"","format":"standard","meta":{"_monsterinsights_skip_tracking":false,"_monsterinsights_sitenote_active":false,"_monsterinsights_sitenote_note":"","_monsterinsights_sitenote_category":0,"jetpack_post_was_ever_published":false,"_jetpack_newsletter_access":"","_jetpack_dont_email_post_to_subs":false,"_jetpack_newsletter_tier_id":0,"_jetpack_memberships_contains_paywalled_content":false,"_jetpack_memberships_contains_paid_content":false,"footnotes":"","jetpack_publicize_message":"","jetpack_publicize_feature_enabled":true,"jetpack_social_post_already_shared":true,"jetpack_social_options":{"image_generator_settings":{"template":"highway","default_image_id":0,"font":"","enabled":false},"version":2},"_wpas_customize_per_network":false},"categories":[30],"tags":[296,870,424],"class_list":["post-101129","post","type-post","status-publish","format-standard","has-post-thumbnail","hentry","category-municipio","tag-casa-del-nino","tag-desarrollo-social","tag-ustarroz","generate-columns","tablet-grid-50","mobile-grid-100","grid-parent","grid-50"],"jetpack_publicize_connections":[],"jetpack_featured_media_url":"https:\/\/www.hoymercedes.com.ar\/principal\/wp-content\/uploads\/2019\/10\/DSC_0139.jpg","wps_subtitle":"Inveris\u00f3n y ni\u00f1ez ","jetpack_sharing_enabled":true,"_links":{"self":[{"href":"https:\/\/www.hoymercedes.com.ar\/principal\/wp-json\/wp\/v2\/posts\/101129","targetHints":{"allow":["GET"]}}],"collection":[{"href":"https:\/\/www.hoymercedes.com.ar\/principal\/wp-json\/wp\/v2\/posts"}],"about":[{"href":"https:\/\/www.hoymercedes.com.ar\/principal\/wp-json\/wp\/v2\/types\/post"}],"author":[{"embeddable":true,"href":"https:\/\/www.hoymercedes.com.ar\/principal\/wp-json\/wp\/v2\/users\/1"}],"replies":[{"embeddable":true,"href":"https:\/\/www.hoymercedes.com.ar\/principal\/wp-json\/wp\/v2\/comments?post=101129"}],"version-history":[{"count":0,"href":"https:\/\/www.hoymercedes.com.ar\/principal\/wp-json\/wp\/v2\/posts\/101129\/revisions"}],"wp:featuredmedia":[{"embeddable":true,"href":"https:\/\/www.hoymercedes.com.ar\/principal\/wp-json\/wp\/v2\/media\/101132"}],"wp:attachment":[{"href":"https:\/\/www.hoymercedes.com.ar\/principal\/wp-json\/wp\/v2\/media?parent=101129"}],"wp:term":[{"taxonomy":"category","embeddable":true,"href":"https:\/\/www.hoymercedes.com.ar\/principal\/wp-json\/wp\/v2\/categories?post=101129"},{"taxonomy":"post_tag","embeddable":true,"href":"https:\/\/www.hoymercedes.com.ar\/principal\/wp-json\/wp\/v2\/tags?post=101129"}],"curies":[{"name":"wp","href":"https:\/\/api.w.org\/{rel}","templated":true}]}}