{"id":101189,"date":"2019-10-11T07:18:45","date_gmt":"2019-10-11T10:18:45","guid":{"rendered":"http:\/\/www.hoymercedes.com.ar\/principal\/?p=101189"},"modified":"2019-10-11T11:12:00","modified_gmt":"2019-10-11T14:12:00","slug":"la-policia-federal-secuestro-accesorios-de-telefonia-movil-de-contrabando","status":"publish","type":"post","link":"https:\/\/www.hoymercedes.com.ar\/principal\/2019\/10\/11\/la-policia-federal-secuestro-accesorios-de-telefonia-movil-de-contrabando\/","title":{"rendered":"La Polic\u00eda Federal secuestr\u00f3 accesorios de telefon\u00eda m\u00f3vil de contrabando"},"content":{"rendered":"\n<p><em>En un veh\u00edculo hallaron 180 cargadores y accesorios de tel\u00e9fonos m\u00f3viles por un valor aproximado de 1.500.000 pesos sin el aval aduanero correspondiente. Detuvieron a una persona de 52 a\u00f1os. <\/em><\/p>\n\n\n\n<figure class=\"wp-block-image\"><img loading=\"lazy\" decoding=\"async\" width=\"800\" height=\"531\" data-attachment-id=\"101192\" data-permalink=\"https:\/\/www.hoymercedes.com.ar\/principal\/2019\/10\/11\/la-policia-federal-secuestro-accesorios-de-telefonia-movil-de-contrabando\/policiafederal10-2-1\/#main\" data-orig-file=\"https:\/\/www.hoymercedes.com.ar\/principal\/wp-content\/uploads\/2019\/10\/Polic\u00edaFederal10-2-1.jpg\" data-orig-size=\"800,531\" data-comments-opened=\"0\" data-image-meta=\"{&quot;aperture&quot;:&quot;0&quot;,&quot;credit&quot;:&quot;&quot;,&quot;camera&quot;:&quot;&quot;,&quot;caption&quot;:&quot;&quot;,&quot;created_timestamp&quot;:&quot;0&quot;,&quot;copyright&quot;:&quot;&quot;,&quot;focal_length&quot;:&quot;0&quot;,&quot;iso&quot;:&quot;0&quot;,&quot;shutter_speed&quot;:&quot;0&quot;,&quot;title&quot;:&quot;&quot;,&quot;orientation&quot;:&quot;0&quot;}\" data-image-title=\"Polic\u00edaFederal10-2-1\" data-image-description=\"\" data-image-caption=\"\" data-large-file=\"https:\/\/www.hoymercedes.com.ar\/principal\/wp-content\/uploads\/2019\/10\/Polic\u00edaFederal10-2-1.jpg\" src=\"https:\/\/www.hoymercedes.com.ar\/principal\/wp-content\/uploads\/2019\/10\/Polic\u00edaFederal10-2-1.jpg\" alt=\"\" class=\"wp-image-101192\" srcset=\"https:\/\/www.hoymercedes.com.ar\/principal\/wp-content\/uploads\/2019\/10\/Polic\u00edaFederal10-2-1.jpg 800w, https:\/\/www.hoymercedes.com.ar\/principal\/wp-content\/uploads\/2019\/10\/Polic\u00edaFederal10-2-1-150x100.jpg 150w, https:\/\/www.hoymercedes.com.ar\/principal\/wp-content\/uploads\/2019\/10\/Polic\u00edaFederal10-2-1-630x418.jpg 630w, https:\/\/www.hoymercedes.com.ar\/principal\/wp-content\/uploads\/2019\/10\/Polic\u00edaFederal10-2-1-700x465.jpg 700w\" sizes=\"auto, (max-width: 800px) 100vw, 800px\" \/><\/figure>\n\n\n\n<p>D\u00edas atr\u00e1s, los agentes\nde la Polic\u00eda Federal (PFA) Delegaci\u00f3n Mercedes realizaron un control vehicular\ninterceptando un auto que llevaba 180 cargadores y accesorios de tel\u00e9fonos\nm\u00f3viles por un valor aproximado de un mill\u00f3n y medio de pesos sin el aval\naduanero correspondiente. <\/p>\n\n\n\n<p>De acuerdo a la\ninformaci\u00f3n enviada por los efectivos de la Polic\u00eda Federal en el marco del\noperativo observaron a un hombre que cargaba varias cajas de grandes\ndimensiones en una camioneta, sobre la calle 11 entre 30 y 32, por lo que\nprocedieron a identificarlo.<\/p>\n\n\n\n<p>En\nla requisa hallaron 180 m\u00f3dulos de telefon\u00eda celular, gran cantidad de\ncargadores y accesorios que carec\u00edan de estampillado aduanero que certifique su\ningreso legal al pa\u00eds, por lo que la mercader\u00eda fue secuestrada.<\/p>\n\n\n\n<p>El involucrado, de 52 a\u00f1os, argentino, qued\u00f3 notificado de la causa y los elementos secuestrados a disposici\u00f3n del Juzgado Federal de Mercedes a cargo del Dr. Rodr\u00edguez, Secretaria Penal N\u00b0 4 del Dr. Miguel Ari\u00f1o, por \u201cInfracci\u00f3n al C\u00f3digo Aduanero\u201d.<\/p>\n\n\n\n<p>Fuente: Policial Federal<\/p>\n\n\n\n<figure class=\"wp-block-image\"><img loading=\"lazy\" decoding=\"async\" width=\"800\" height=\"531\" data-attachment-id=\"101192\" data-permalink=\"https:\/\/www.hoymercedes.com.ar\/principal\/2019\/10\/11\/la-policia-federal-secuestro-accesorios-de-telefonia-movil-de-contrabando\/policiafederal10-2-1\/#main\" data-orig-file=\"https:\/\/www.hoymercedes.com.ar\/principal\/wp-content\/uploads\/2019\/10\/Polic\u00edaFederal10-2-1.jpg\" data-orig-size=\"800,531\" data-comments-opened=\"0\" data-image-meta=\"{&quot;aperture&quot;:&quot;0&quot;,&quot;credit&quot;:&quot;&quot;,&quot;camera&quot;:&quot;&quot;,&quot;caption&quot;:&quot;&quot;,&quot;created_timestamp&quot;:&quot;0&quot;,&quot;copyright&quot;:&quot;&quot;,&quot;focal_length&quot;:&quot;0&quot;,&quot;iso&quot;:&quot;0&quot;,&quot;shutter_speed&quot;:&quot;0&quot;,&quot;title&quot;:&quot;&quot;,&quot;orientation&quot;:&quot;0&quot;}\" data-image-title=\"Polic\u00edaFederal10-2-1\" data-image-description=\"\" data-image-caption=\"\" data-large-file=\"https:\/\/www.hoymercedes.com.ar\/principal\/wp-content\/uploads\/2019\/10\/Polic\u00edaFederal10-2-1.jpg\" src=\"https:\/\/www.hoymercedes.com.ar\/principal\/wp-content\/uploads\/2019\/10\/Polic\u00edaFederal10-2-1.jpg\" alt=\"\" class=\"wp-image-101192\" srcset=\"https:\/\/www.hoymercedes.com.ar\/principal\/wp-content\/uploads\/2019\/10\/Polic\u00edaFederal10-2-1.jpg 800w, https:\/\/www.hoymercedes.com.ar\/principal\/wp-content\/uploads\/2019\/10\/Polic\u00edaFederal10-2-1-150x100.jpg 150w, https:\/\/www.hoymercedes.com.ar\/principal\/wp-content\/uploads\/2019\/10\/Polic\u00edaFederal10-2-1-630x418.jpg 630w, https:\/\/www.hoymercedes.com.ar\/principal\/wp-content\/uploads\/2019\/10\/Polic\u00edaFederal10-2-1-700x465.jpg 700w\" sizes=\"auto, (max-width: 800px) 100vw, 800px\" \/><\/figure>\n","protected":false},"excerpt":{"rendered":"<p>En un veh\u00edculo hallaron 180 cargadores y accesorios de tel\u00e9fonos m\u00f3viles por un valor aproximado de 1.500.000 pesos sin el &#8230; <a title=\"La Polic\u00eda Federal secuestr\u00f3 accesorios de telefon\u00eda m\u00f3vil de contrabando\" class=\"read-more\" href=\"https:\/\/www.hoymercedes.com.ar\/principal\/2019\/10\/11\/la-policia-federal-secuestro-accesorios-de-telefonia-movil-de-contrabando\/\" aria-label=\"Leer m\u00e1s sobre La Polic\u00eda Federal secuestr\u00f3 accesorios de telefon\u00eda m\u00f3vil de contrabando\">Leer m\u00e1s<\/a><\/p>\n","protected":false},"author":1,"featured_media":101191,"comment_status":"closed","ping_status":"open","sticky":false,"template":"","format":"standard","meta":{"_monsterinsights_skip_tracking":false,"_monsterinsights_sitenote_active":false,"_monsterinsights_sitenote_note":"","_monsterinsights_sitenote_category":0,"jetpack_post_was_ever_published":false,"_jetpack_newsletter_access":"","_jetpack_dont_email_post_to_subs":false,"_jetpack_newsletter_tier_id":0,"_jetpack_memberships_contains_paywalled_content":false,"_jetpack_memberships_contains_paid_content":false,"footnotes":"","jetpack_publicize_message":"","jetpack_publicize_feature_enabled":true,"jetpack_social_post_already_shared":true,"jetpack_social_options":{"image_generator_settings":{"template":"highway","default_image_id":0,"font":"","enabled":false},"version":2},"_wpas_customize_per_network":false},"categories":[85],"tags":[6549,96],"class_list":["post-101189","post","type-post","status-publish","format-standard","has-post-thumbnail","hentry","category-policial","tag-policia-federal","tag-policial-2","generate-columns","tablet-grid-50","mobile-grid-100","grid-parent","grid-50"],"jetpack_publicize_connections":[],"jetpack_featured_media_url":"https:\/\/www.hoymercedes.com.ar\/principal\/wp-content\/uploads\/2019\/10\/Polic\u00edaFederal10-1.jpg","wps_subtitle":"Durante control vahicular","jetpack_sharing_enabled":true,"_links":{"self":[{"href":"https:\/\/www.hoymercedes.com.ar\/principal\/wp-json\/wp\/v2\/posts\/101189","targetHints":{"allow":["GET"]}}],"collection":[{"href":"https:\/\/www.hoymercedes.com.ar\/principal\/wp-json\/wp\/v2\/posts"}],"about":[{"href":"https:\/\/www.hoymercedes.com.ar\/principal\/wp-json\/wp\/v2\/types\/post"}],"author":[{"embeddable":true,"href":"https:\/\/www.hoymercedes.com.ar\/principal\/wp-json\/wp\/v2\/users\/1"}],"replies":[{"embeddable":true,"href":"https:\/\/www.hoymercedes.com.ar\/principal\/wp-json\/wp\/v2\/comments?post=101189"}],"version-history":[{"count":0,"href":"https:\/\/www.hoymercedes.com.ar\/principal\/wp-json\/wp\/v2\/posts\/101189\/revisions"}],"wp:featuredmedia":[{"embeddable":true,"href":"https:\/\/www.hoymercedes.com.ar\/principal\/wp-json\/wp\/v2\/media\/101191"}],"wp:attachment":[{"href":"https:\/\/www.hoymercedes.com.ar\/principal\/wp-json\/wp\/v2\/media?parent=101189"}],"wp:term":[{"taxonomy":"category","embeddable":true,"href":"https:\/\/www.hoymercedes.com.ar\/principal\/wp-json\/wp\/v2\/categories?post=101189"},{"taxonomy":"post_tag","embeddable":true,"href":"https:\/\/www.hoymercedes.com.ar\/principal\/wp-json\/wp\/v2\/tags?post=101189"}],"curies":[{"name":"wp","href":"https:\/\/api.w.org\/{rel}","templated":true}]}}