{"id":101219,"date":"2019-10-11T11:52:27","date_gmt":"2019-10-11T14:52:27","guid":{"rendered":"http:\/\/www.hoymercedes.com.ar\/principal\/?p=101219"},"modified":"2019-10-11T14:26:07","modified_gmt":"2019-10-11T17:26:07","slug":"fallecio-la-artista-plastica-betty-campi-de-mouhsen","status":"publish","type":"post","link":"https:\/\/www.hoymercedes.com.ar\/principal\/2019\/10\/11\/fallecio-la-artista-plastica-betty-campi-de-mouhsen\/","title":{"rendered":"Falleci\u00f3 la artista pl\u00e1stica Betty Campi de Mouhsen"},"content":{"rendered":"\n<p>Promediando la ma\u00f1ana de este viernes 11 falleci\u00f3 la artista pl\u00e1stica Beatriz \u201cBetty\u201d Campi. Ten\u00eda 88 a\u00f1os. Galardonada en varias oportunidades en la ciudad, la regi\u00f3n y a nivel internacional. Form\u00f3 parte del C\u00edrculo Art\u00edstico de Mercedes en los a\u00f1os \u201960 junto a otros artistas pl\u00e1sticos. Amigos y familiares de la artista pl\u00e1stica la despedir\u00e1n la hora 15 en la Iglesia mormona de calle 38, entre 25 y 27. <\/p>\n\n\n\n<p>Cada rinc\u00f3n, cada detalle de Mercedes, no pas\u00f3 desapercibido por\nBetty Campi y su fina observaci\u00f3n. Logr\u00f3 plasmar con gran destreza, en un\nlegado pict\u00f3rico de dimensiones mesi\u00e1nicas, &nbsp;registros de aquello que\ndeb\u00eda formar parte de nuestra historia de pueblo y ciudad.<\/p>\n\n\n\n<p>Testimonio de su gran dedicaci\u00f3n y compromiso con la\npreservaci\u00f3n del patrimonio, pint\u00f3 y dibuj\u00f3 cientos de cuadros hasta sus\n\u00faltimos d\u00edas. Adem\u00e1s realiz\u00f3 escritos literarios, prosa y versos. Ha escrito la\nhistoria de los mormones en Mercedes, recopilada en m\u00e1s de 10 tomos, reconocida\npor autoridades internacionales de la congregaci\u00f3n; y tiene un diario de vida\nen el que vuelca sus impresiones desde la juventud.<\/p>\n\n\n\n<p>En su juventud comparti\u00f3 el C\u00edrculo Art\u00edstico\njunto a H\u00e9ctor Cueto, Pigu\u00edn Rodr\u00edguez y Octimio Landi. Era una de las\npocas mujeres que integraban la asociaci\u00f3n de artistas. <\/p>\n\n\n\n<p>En la tarde de este viernes, amigos y\nfamiliares de Betty la despedir\u00e1n en la iglesia mormona de calle 36, entre 25 y\n27, donde sus restos son homenajeados. A la hora 15, ser\u00e1 la despedida final. <\/p>\n","protected":false},"excerpt":{"rendered":"<p>Promediando la ma\u00f1ana de este viernes 11 falleci\u00f3 la artista pl\u00e1stica Beatriz \u201cBetty\u201d Campi. Ten\u00eda 88 a\u00f1os. Galardonada en varias &#8230; <a title=\"Falleci\u00f3 la artista pl\u00e1stica Betty Campi de Mouhsen\" class=\"read-more\" href=\"https:\/\/www.hoymercedes.com.ar\/principal\/2019\/10\/11\/fallecio-la-artista-plastica-betty-campi-de-mouhsen\/\" aria-label=\"Leer m\u00e1s sobre Falleci\u00f3 la artista pl\u00e1stica Betty Campi de Mouhsen\">Leer m\u00e1s<\/a><\/p>\n","protected":false},"author":1,"featured_media":80973,"comment_status":"closed","ping_status":"open","sticky":false,"template":"","format":"standard","meta":{"_monsterinsights_skip_tracking":false,"_monsterinsights_sitenote_active":false,"_monsterinsights_sitenote_note":"","_monsterinsights_sitenote_category":0,"jetpack_post_was_ever_published":false,"_jetpack_newsletter_access":"","_jetpack_dont_email_post_to_subs":false,"_jetpack_newsletter_tier_id":0,"_jetpack_memberships_contains_paywalled_content":false,"_jetpack_memberships_contains_paid_content":false,"footnotes":"","jetpack_publicize_message":"","jetpack_publicize_feature_enabled":true,"jetpack_social_post_already_shared":true,"jetpack_social_options":{"image_generator_settings":{"template":"highway","default_image_id":0,"font":"","enabled":false},"version":2},"_wpas_customize_per_network":false},"categories":[104],"tags":[15833,9356,7805,8777],"class_list":["post-101219","post","type-post","status-publish","format-standard","has-post-thumbnail","hentry","category-cultura","tag-artista-plastica","tag-betty-campi","tag-cultura","tag-fallecimiento","generate-columns","tablet-grid-50","mobile-grid-100","grid-parent","grid-50"],"jetpack_publicize_connections":[],"jetpack_featured_media_url":"https:\/\/www.hoymercedes.com.ar\/principal\/wp-content\/uploads\/2018\/09\/11-Betty-Campi.jpg","wps_subtitle":"Con 88 a\u00f1os","jetpack_sharing_enabled":true,"_links":{"self":[{"href":"https:\/\/www.hoymercedes.com.ar\/principal\/wp-json\/wp\/v2\/posts\/101219","targetHints":{"allow":["GET"]}}],"collection":[{"href":"https:\/\/www.hoymercedes.com.ar\/principal\/wp-json\/wp\/v2\/posts"}],"about":[{"href":"https:\/\/www.hoymercedes.com.ar\/principal\/wp-json\/wp\/v2\/types\/post"}],"author":[{"embeddable":true,"href":"https:\/\/www.hoymercedes.com.ar\/principal\/wp-json\/wp\/v2\/users\/1"}],"replies":[{"embeddable":true,"href":"https:\/\/www.hoymercedes.com.ar\/principal\/wp-json\/wp\/v2\/comments?post=101219"}],"version-history":[{"count":0,"href":"https:\/\/www.hoymercedes.com.ar\/principal\/wp-json\/wp\/v2\/posts\/101219\/revisions"}],"wp:featuredmedia":[{"embeddable":true,"href":"https:\/\/www.hoymercedes.com.ar\/principal\/wp-json\/wp\/v2\/media\/80973"}],"wp:attachment":[{"href":"https:\/\/www.hoymercedes.com.ar\/principal\/wp-json\/wp\/v2\/media?parent=101219"}],"wp:term":[{"taxonomy":"category","embeddable":true,"href":"https:\/\/www.hoymercedes.com.ar\/principal\/wp-json\/wp\/v2\/categories?post=101219"},{"taxonomy":"post_tag","embeddable":true,"href":"https:\/\/www.hoymercedes.com.ar\/principal\/wp-json\/wp\/v2\/tags?post=101219"}],"curies":[{"name":"wp","href":"https:\/\/api.w.org\/{rel}","templated":true}]}}