{"id":101236,"date":"2019-10-12T02:17:06","date_gmt":"2019-10-12T05:17:06","guid":{"rendered":"http:\/\/www.hoymercedes.com.ar\/principal\/?p=101236"},"modified":"2019-10-12T02:18:54","modified_gmt":"2019-10-12T05:18:54","slug":"walter-yacare-sequeira-volvio-a-la-victoria-en-su-mercedes-natal-videos","status":"publish","type":"post","link":"https:\/\/www.hoymercedes.com.ar\/principal\/2019\/10\/12\/walter-yacare-sequeira-volvio-a-la-victoria-en-su-mercedes-natal-videos\/","title":{"rendered":"Walter \u201cYacar\u00e9\u201d Sequeira volvi\u00f3 a la victoria en su Mercedes natal (Videos)"},"content":{"rendered":"\n<figure class=\"wp-block-image\"><img loading=\"lazy\" decoding=\"async\" width=\"1024\" height=\"683\" data-attachment-id=\"101237\" data-permalink=\"https:\/\/www.hoymercedes.com.ar\/principal\/2019\/10\/12\/walter-yacare-sequeira-volvio-a-la-victoria-en-su-mercedes-natal-videos\/walter-yacare-sequeira-vs-estebanlopezdsc_0155\/#main\" data-orig-file=\"https:\/\/www.hoymercedes.com.ar\/principal\/wp-content\/uploads\/2019\/10\/Walter-Yacare-Sequeira-vs-EstebanLopezDSC_0155.jpg\" data-orig-size=\"1100,734\" data-comments-opened=\"0\" data-image-meta=\"{&quot;aperture&quot;:&quot;5&quot;,&quot;credit&quot;:&quot;&quot;,&quot;camera&quot;:&quot;NIKON D3500&quot;,&quot;caption&quot;:&quot;&quot;,&quot;created_timestamp&quot;:&quot;1570842436&quot;,&quot;copyright&quot;:&quot;&quot;,&quot;focal_length&quot;:&quot;170&quot;,&quot;iso&quot;:&quot;8000&quot;,&quot;shutter_speed&quot;:&quot;0.002&quot;,&quot;title&quot;:&quot;&quot;,&quot;orientation&quot;:&quot;0&quot;}\" data-image-title=\"Walter-Yacare-Sequeira-vs-EstebanLopezDSC_0155\" data-image-description=\"\" data-image-caption=\"\" data-large-file=\"https:\/\/www.hoymercedes.com.ar\/principal\/wp-content\/uploads\/2019\/10\/Walter-Yacare-Sequeira-vs-EstebanLopezDSC_0155-1024x683.jpg\" src=\"https:\/\/www.hoymercedes.com.ar\/principal\/wp-content\/uploads\/2019\/10\/Walter-Yacare-Sequeira-vs-EstebanLopezDSC_0155-1024x683.jpg\" alt=\"\" class=\"wp-image-101237\" srcset=\"https:\/\/www.hoymercedes.com.ar\/principal\/wp-content\/uploads\/2019\/10\/Walter-Yacare-Sequeira-vs-EstebanLopezDSC_0155-1024x683.jpg 1024w, https:\/\/www.hoymercedes.com.ar\/principal\/wp-content\/uploads\/2019\/10\/Walter-Yacare-Sequeira-vs-EstebanLopezDSC_0155-150x100.jpg 150w, https:\/\/www.hoymercedes.com.ar\/principal\/wp-content\/uploads\/2019\/10\/Walter-Yacare-Sequeira-vs-EstebanLopezDSC_0155-630x420.jpg 630w, https:\/\/www.hoymercedes.com.ar\/principal\/wp-content\/uploads\/2019\/10\/Walter-Yacare-Sequeira-vs-EstebanLopezDSC_0155.jpg 1100w\" sizes=\"auto, (max-width: 1024px) 100vw, 1024px\" \/><figcaption>Sequeira saludando al p\u00fablico asistente <\/figcaption><\/figure>\n\n\n\n<p>El reconocido boxeador mercedino\nWalter \u201cYacar\u00e9\u201d Sequeira volvi\u00f3 a ganar en su ciudad. En el CEF N\u00b040 se disput\u00f3\nun nuevo combate y en esta ocasi\u00f3n a 6 round donde las tarjetas del jurado\ndictaminaron que su performance mereci\u00f3 llevarse por puntos el resultado final\nde la pelea.<\/p>\n\n\n\n<p>En la noche del viernes, ya\niniciado el s\u00e1bado, el pugilista local Walter \u201cYacar\u00e9\u201d Sequeira volvi\u00f3 a subir\nal ring y en esta ocasi\u00f3n, tras varias experiencias internacionales, en\nMercedes, donde por puntos le gan\u00f3 a Esteban L\u00f3pez por puntos. <\/p>\n\n\n\n<figure class=\"wp-block-image\"><img loading=\"lazy\" decoding=\"async\" width=\"1024\" height=\"683\" data-attachment-id=\"101238\" data-permalink=\"https:\/\/www.hoymercedes.com.ar\/principal\/2019\/10\/12\/walter-yacare-sequeira-volvio-a-la-victoria-en-su-mercedes-natal-videos\/walter-yacare-sequeira-vs-estebanlopezdsc_0179\/#main\" data-orig-file=\"https:\/\/www.hoymercedes.com.ar\/principal\/wp-content\/uploads\/2019\/10\/Walter-Yacare-Sequeira-vs-EstebanLopezDSC_0179.jpg\" data-orig-size=\"1100,734\" data-comments-opened=\"0\" data-image-meta=\"{&quot;aperture&quot;:&quot;4.8&quot;,&quot;credit&quot;:&quot;&quot;,&quot;camera&quot;:&quot;NIKON D3500&quot;,&quot;caption&quot;:&quot;&quot;,&quot;created_timestamp&quot;:&quot;1570842728&quot;,&quot;copyright&quot;:&quot;&quot;,&quot;focal_length&quot;:&quot;36&quot;,&quot;iso&quot;:&quot;2000&quot;,&quot;shutter_speed&quot;:&quot;0.008&quot;,&quot;title&quot;:&quot;&quot;,&quot;orientation&quot;:&quot;0&quot;}\" data-image-title=\"Walter-Yacare-Sequeira-vs-EstebanLopezDSC_0179\" data-image-description=\"\" data-image-caption=\"\" data-large-file=\"https:\/\/www.hoymercedes.com.ar\/principal\/wp-content\/uploads\/2019\/10\/Walter-Yacare-Sequeira-vs-EstebanLopezDSC_0179-1024x683.jpg\" src=\"https:\/\/www.hoymercedes.com.ar\/principal\/wp-content\/uploads\/2019\/10\/Walter-Yacare-Sequeira-vs-EstebanLopezDSC_0179-1024x683.jpg\" alt=\"\" class=\"wp-image-101238\" srcset=\"https:\/\/www.hoymercedes.com.ar\/principal\/wp-content\/uploads\/2019\/10\/Walter-Yacare-Sequeira-vs-EstebanLopezDSC_0179-1024x683.jpg 1024w, https:\/\/www.hoymercedes.com.ar\/principal\/wp-content\/uploads\/2019\/10\/Walter-Yacare-Sequeira-vs-EstebanLopezDSC_0179-150x100.jpg 150w, https:\/\/www.hoymercedes.com.ar\/principal\/wp-content\/uploads\/2019\/10\/Walter-Yacare-Sequeira-vs-EstebanLopezDSC_0179-630x420.jpg 630w, https:\/\/www.hoymercedes.com.ar\/principal\/wp-content\/uploads\/2019\/10\/Walter-Yacare-Sequeira-vs-EstebanLopezDSC_0179.jpg 1100w\" sizes=\"auto, (max-width: 1024px) 100vw, 1024px\" \/><figcaption>Junto al intendente Ustarroz sobre el ring <\/figcaption><\/figure>\n\n\n\n<p>Las tarjetas, tras 6 round, la\ntarjeta de 59 a 55 a favor de Sequeira, 59 a 55 del segundo jurado y la tercera\ntambi\u00e9n 59 a 55 con lo cual, por mayor\u00eda, el boxeador local, campe\u00f3n argentino\nmedio pesado obtuvo la victoria en la noche del CEF N\u00b040.<\/p>\n\n\n\n<p>En la preliminar Miguel Burgos le gan\u00f3 a Jonathan Osorio en un encuentro con matiz internacional que fue el preliminar a la pelea de fondo que, como se dijo, gan\u00f3 el oriundo del barrio Calvillo. <\/p>\n\n\n\n<p>A continuaci\u00f3n los dos \u00faltimo y m\u00e1s atractivos round del encuentro: <\/p>\n\n\n\n<p><strong>Quinto Round<\/strong><\/p>\n\n\n\n<figure class=\"wp-block-embed-youtube wp-block-embed is-type-video is-provider-youtube wp-embed-aspect-16-9 wp-has-aspect-ratio\"><div class=\"wp-block-embed__wrapper\">\n<span class=\"embed-youtube\" style=\"text-align:center; display: block;\"><iframe loading=\"lazy\" class=\"youtube-player\" width=\"1200\" height=\"675\" src=\"https:\/\/www.youtube.com\/embed\/EA6iYE35J_s?version=3&#038;rel=1&#038;showsearch=0&#038;showinfo=1&#038;iv_load_policy=1&#038;fs=1&#038;hl=es-ES&#038;autohide=2&#038;wmode=transparent\" allowfullscreen=\"true\" style=\"border:0;\" sandbox=\"allow-scripts allow-same-origin allow-popups allow-presentation allow-popups-to-escape-sandbox\"><\/iframe><\/span>\n<\/div><figcaption>Quinto round<\/figcaption><\/figure>\n\n\n\n<p><strong>Video: \u00daltimo round<\/strong><\/p>\n\n\n\n<figure class=\"wp-block-embed-youtube wp-block-embed is-type-video is-provider-youtube wp-embed-aspect-16-9 wp-has-aspect-ratio\"><div class=\"wp-block-embed__wrapper\">\n<span class=\"embed-youtube\" style=\"text-align:center; display: block;\"><iframe loading=\"lazy\" class=\"youtube-player\" width=\"1200\" height=\"675\" src=\"https:\/\/www.youtube.com\/embed\/uMrqWStR9WQ?version=3&#038;rel=1&#038;showsearch=0&#038;showinfo=1&#038;iv_load_policy=1&#038;fs=1&#038;hl=es-ES&#038;autohide=2&#038;wmode=transparent\" allowfullscreen=\"true\" style=\"border:0;\" sandbox=\"allow-scripts allow-same-origin allow-popups allow-presentation allow-popups-to-escape-sandbox\"><\/iframe><\/span>\n<\/div><figcaption>Sexto Round<\/figcaption><\/figure>\n\n\n\n<figure class=\"wp-block-image\"><img loading=\"lazy\" decoding=\"async\" width=\"1024\" height=\"683\" data-attachment-id=\"101239\" data-permalink=\"https:\/\/www.hoymercedes.com.ar\/principal\/2019\/10\/12\/walter-yacare-sequeira-volvio-a-la-victoria-en-su-mercedes-natal-videos\/walter-yacare-sequeira-vs-estebanlopezdsc_0140\/#main\" data-orig-file=\"https:\/\/www.hoymercedes.com.ar\/principal\/wp-content\/uploads\/2019\/10\/Walter-Yacare-Sequeira-vs-EstebanLopezDSC_0140.jpg\" data-orig-size=\"1100,734\" data-comments-opened=\"0\" data-image-meta=\"{&quot;aperture&quot;:&quot;6&quot;,&quot;credit&quot;:&quot;&quot;,&quot;camera&quot;:&quot;NIKON D3500&quot;,&quot;caption&quot;:&quot;&quot;,&quot;created_timestamp&quot;:&quot;1570841354&quot;,&quot;copyright&quot;:&quot;&quot;,&quot;focal_length&quot;:&quot;240&quot;,&quot;iso&quot;:&quot;10000&quot;,&quot;shutter_speed&quot;:&quot;0.002&quot;,&quot;title&quot;:&quot;&quot;,&quot;orientation&quot;:&quot;0&quot;}\" data-image-title=\"Walter-Yacare-Sequeira-vs-EstebanLopezDSC_0140\" data-image-description=\"\" data-image-caption=\"\" data-large-file=\"https:\/\/www.hoymercedes.com.ar\/principal\/wp-content\/uploads\/2019\/10\/Walter-Yacare-Sequeira-vs-EstebanLopezDSC_0140-1024x683.jpg\" src=\"https:\/\/www.hoymercedes.com.ar\/principal\/wp-content\/uploads\/2019\/10\/Walter-Yacare-Sequeira-vs-EstebanLopezDSC_0140-1024x683.jpg\" alt=\"\" class=\"wp-image-101239\" srcset=\"https:\/\/www.hoymercedes.com.ar\/principal\/wp-content\/uploads\/2019\/10\/Walter-Yacare-Sequeira-vs-EstebanLopezDSC_0140-1024x683.jpg 1024w, https:\/\/www.hoymercedes.com.ar\/principal\/wp-content\/uploads\/2019\/10\/Walter-Yacare-Sequeira-vs-EstebanLopezDSC_0140-150x100.jpg 150w, https:\/\/www.hoymercedes.com.ar\/principal\/wp-content\/uploads\/2019\/10\/Walter-Yacare-Sequeira-vs-EstebanLopezDSC_0140-630x420.jpg 630w, https:\/\/www.hoymercedes.com.ar\/principal\/wp-content\/uploads\/2019\/10\/Walter-Yacare-Sequeira-vs-EstebanLopezDSC_0140.jpg 1100w\" sizes=\"auto, (max-width: 1024px) 100vw, 1024px\" \/><figcaption>L\u00f3pez vs Yacar\u00e9<br><\/figcaption><\/figure>\n\n\n\n<figure class=\"wp-block-image\"><img loading=\"lazy\" decoding=\"async\" width=\"1024\" height=\"683\" data-attachment-id=\"101240\" data-permalink=\"https:\/\/www.hoymercedes.com.ar\/principal\/2019\/10\/12\/walter-yacare-sequeira-volvio-a-la-victoria-en-su-mercedes-natal-videos\/walter-yacare-sequeira-vs-estebanlopezdsc_0169\/#main\" data-orig-file=\"https:\/\/www.hoymercedes.com.ar\/principal\/wp-content\/uploads\/2019\/10\/Walter-Yacare-Sequeira-vs-EstebanLopezDSC_0169.jpg\" data-orig-size=\"1100,734\" data-comments-opened=\"0\" data-image-meta=\"{&quot;aperture&quot;:&quot;3.5&quot;,&quot;credit&quot;:&quot;&quot;,&quot;camera&quot;:&quot;NIKON D3500&quot;,&quot;caption&quot;:&quot;&quot;,&quot;created_timestamp&quot;:&quot;1570842540&quot;,&quot;copyright&quot;:&quot;&quot;,&quot;focal_length&quot;:&quot;18&quot;,&quot;iso&quot;:&quot;800&quot;,&quot;shutter_speed&quot;:&quot;0.005&quot;,&quot;title&quot;:&quot;&quot;,&quot;orientation&quot;:&quot;0&quot;}\" data-image-title=\"Walter-Yacare-Sequeira-vs-EstebanLopezDSC_0169\" data-image-description=\"\" data-image-caption=\"\" data-large-file=\"https:\/\/www.hoymercedes.com.ar\/principal\/wp-content\/uploads\/2019\/10\/Walter-Yacare-Sequeira-vs-EstebanLopezDSC_0169-1024x683.jpg\" src=\"https:\/\/www.hoymercedes.com.ar\/principal\/wp-content\/uploads\/2019\/10\/Walter-Yacare-Sequeira-vs-EstebanLopezDSC_0169-1024x683.jpg\" alt=\"\" class=\"wp-image-101240\" srcset=\"https:\/\/www.hoymercedes.com.ar\/principal\/wp-content\/uploads\/2019\/10\/Walter-Yacare-Sequeira-vs-EstebanLopezDSC_0169-1024x683.jpg 1024w, https:\/\/www.hoymercedes.com.ar\/principal\/wp-content\/uploads\/2019\/10\/Walter-Yacare-Sequeira-vs-EstebanLopezDSC_0169-150x100.jpg 150w, https:\/\/www.hoymercedes.com.ar\/principal\/wp-content\/uploads\/2019\/10\/Walter-Yacare-Sequeira-vs-EstebanLopezDSC_0169-630x420.jpg 630w, https:\/\/www.hoymercedes.com.ar\/principal\/wp-content\/uploads\/2019\/10\/Walter-Yacare-Sequeira-vs-EstebanLopezDSC_0169.jpg 1100w\" sizes=\"auto, (max-width: 1024px) 100vw, 1024px\" \/><figcaption>Yacar\u00e9 Sequeira<br><\/figcaption><\/figure>\n\n\n\n<figure class=\"wp-block-image\"><img loading=\"lazy\" decoding=\"async\" width=\"1024\" height=\"683\" data-attachment-id=\"101241\" data-permalink=\"https:\/\/www.hoymercedes.com.ar\/principal\/2019\/10\/12\/walter-yacare-sequeira-volvio-a-la-victoria-en-su-mercedes-natal-videos\/walter-yacare-sequeira-vs-estebanlopezdsc_0136\/#main\" data-orig-file=\"https:\/\/www.hoymercedes.com.ar\/principal\/wp-content\/uploads\/2019\/10\/Walter-Yacare-Sequeira-vs-EstebanLopezDSC_0136.jpg\" data-orig-size=\"1100,734\" data-comments-opened=\"0\" data-image-meta=\"{&quot;aperture&quot;:&quot;6&quot;,&quot;credit&quot;:&quot;&quot;,&quot;camera&quot;:&quot;NIKON D3500&quot;,&quot;caption&quot;:&quot;&quot;,&quot;created_timestamp&quot;:&quot;1570841350&quot;,&quot;copyright&quot;:&quot;&quot;,&quot;focal_length&quot;:&quot;240&quot;,&quot;iso&quot;:&quot;10000&quot;,&quot;shutter_speed&quot;:&quot;0.002&quot;,&quot;title&quot;:&quot;&quot;,&quot;orientation&quot;:&quot;0&quot;}\" data-image-title=\"Walter-Yacare-Sequeira-vs-EstebanLopezDSC_0136\" data-image-description=\"\" data-image-caption=\"\" data-large-file=\"https:\/\/www.hoymercedes.com.ar\/principal\/wp-content\/uploads\/2019\/10\/Walter-Yacare-Sequeira-vs-EstebanLopezDSC_0136-1024x683.jpg\" src=\"https:\/\/www.hoymercedes.com.ar\/principal\/wp-content\/uploads\/2019\/10\/Walter-Yacare-Sequeira-vs-EstebanLopezDSC_0136-1024x683.jpg\" alt=\"\" class=\"wp-image-101241\" srcset=\"https:\/\/www.hoymercedes.com.ar\/principal\/wp-content\/uploads\/2019\/10\/Walter-Yacare-Sequeira-vs-EstebanLopezDSC_0136-1024x683.jpg 1024w, https:\/\/www.hoymercedes.com.ar\/principal\/wp-content\/uploads\/2019\/10\/Walter-Yacare-Sequeira-vs-EstebanLopezDSC_0136-150x100.jpg 150w, https:\/\/www.hoymercedes.com.ar\/principal\/wp-content\/uploads\/2019\/10\/Walter-Yacare-Sequeira-vs-EstebanLopezDSC_0136-630x420.jpg 630w, https:\/\/www.hoymercedes.com.ar\/principal\/wp-content\/uploads\/2019\/10\/Walter-Yacare-Sequeira-vs-EstebanLopezDSC_0136.jpg 1100w\" sizes=\"auto, (max-width: 1024px) 100vw, 1024px\" \/><figcaption>Sequeira vs L\u00f3pez <\/figcaption><\/figure>\n\n\n\n<figure class=\"wp-block-image\"><img loading=\"lazy\" decoding=\"async\" width=\"1024\" height=\"683\" data-attachment-id=\"101242\" data-permalink=\"https:\/\/www.hoymercedes.com.ar\/principal\/2019\/10\/12\/walter-yacare-sequeira-volvio-a-la-victoria-en-su-mercedes-natal-videos\/walter-yacare-sequeira-vs-estebanlopezdsc_0157\/#main\" data-orig-file=\"https:\/\/www.hoymercedes.com.ar\/principal\/wp-content\/uploads\/2019\/10\/Walter-Yacare-Sequeira-vs-EstebanLopezDSC_0157.jpg\" data-orig-size=\"1100,734\" data-comments-opened=\"0\" data-image-meta=\"{&quot;aperture&quot;:&quot;5.3&quot;,&quot;credit&quot;:&quot;&quot;,&quot;camera&quot;:&quot;NIKON D3500&quot;,&quot;caption&quot;:&quot;&quot;,&quot;created_timestamp&quot;:&quot;1570842447&quot;,&quot;copyright&quot;:&quot;&quot;,&quot;focal_length&quot;:&quot;210&quot;,&quot;iso&quot;:&quot;9000&quot;,&quot;shutter_speed&quot;:&quot;0.002&quot;,&quot;title&quot;:&quot;&quot;,&quot;orientation&quot;:&quot;0&quot;}\" data-image-title=\"Walter-Yacare-Sequeira-vs-EstebanLopezDSC_0157\" data-image-description=\"\" data-image-caption=\"\" data-large-file=\"https:\/\/www.hoymercedes.com.ar\/principal\/wp-content\/uploads\/2019\/10\/Walter-Yacare-Sequeira-vs-EstebanLopezDSC_0157-1024x683.jpg\" src=\"https:\/\/www.hoymercedes.com.ar\/principal\/wp-content\/uploads\/2019\/10\/Walter-Yacare-Sequeira-vs-EstebanLopezDSC_0157-1024x683.jpg\" alt=\"\" class=\"wp-image-101242\" srcset=\"https:\/\/www.hoymercedes.com.ar\/principal\/wp-content\/uploads\/2019\/10\/Walter-Yacare-Sequeira-vs-EstebanLopezDSC_0157-1024x683.jpg 1024w, https:\/\/www.hoymercedes.com.ar\/principal\/wp-content\/uploads\/2019\/10\/Walter-Yacare-Sequeira-vs-EstebanLopezDSC_0157-150x100.jpg 150w, https:\/\/www.hoymercedes.com.ar\/principal\/wp-content\/uploads\/2019\/10\/Walter-Yacare-Sequeira-vs-EstebanLopezDSC_0157-630x420.jpg 630w, https:\/\/www.hoymercedes.com.ar\/principal\/wp-content\/uploads\/2019\/10\/Walter-Yacare-Sequeira-vs-EstebanLopezDSC_0157.jpg 1100w\" sizes=\"auto, (max-width: 1024px) 100vw, 1024px\" \/><figcaption>Sequeira gan\u00f3 por puntos <\/figcaption><\/figure>\n","protected":false},"excerpt":{"rendered":"<p>El reconocido boxeador mercedino Walter \u201cYacar\u00e9\u201d Sequeira volvi\u00f3 a ganar en su ciudad. En el CEF N\u00b040 se disput\u00f3 un &#8230; <a title=\"Walter \u201cYacar\u00e9\u201d Sequeira volvi\u00f3 a la victoria en su Mercedes natal (Videos)\" class=\"read-more\" href=\"https:\/\/www.hoymercedes.com.ar\/principal\/2019\/10\/12\/walter-yacare-sequeira-volvio-a-la-victoria-en-su-mercedes-natal-videos\/\" aria-label=\"Leer m\u00e1s sobre Walter \u201cYacar\u00e9\u201d Sequeira volvi\u00f3 a la victoria en su Mercedes natal (Videos)\">Leer m\u00e1s<\/a><\/p>\n","protected":false},"author":1,"featured_media":101237,"comment_status":"closed","ping_status":"open","sticky":false,"template":"","format":"standard","meta":{"_monsterinsights_skip_tracking":false,"_monsterinsights_sitenote_active":false,"_monsterinsights_sitenote_note":"","_monsterinsights_sitenote_category":0,"jetpack_post_was_ever_published":false,"_jetpack_newsletter_access":"","_jetpack_dont_email_post_to_subs":false,"_jetpack_newsletter_tier_id":0,"_jetpack_memberships_contains_paywalled_content":false,"_jetpack_memberships_contains_paid_content":false,"footnotes":"","jetpack_publicize_message":"","jetpack_publicize_feature_enabled":true,"jetpack_social_post_already_shared":true,"jetpack_social_options":{"image_generator_settings":{"template":"highway","default_image_id":0,"font":"","enabled":false},"version":2},"_wpas_customize_per_network":false},"categories":[21],"tags":[15831,3806],"class_list":["post-101236","post","type-post","status-publish","format-standard","has-post-thumbnail","hentry","category-deportes","tag-esteban-lopez","tag-walter-yacare-sequeira","generate-columns","tablet-grid-50","mobile-grid-100","grid-parent","grid-50"],"jetpack_publicize_connections":[],"jetpack_featured_media_url":"https:\/\/www.hoymercedes.com.ar\/principal\/wp-content\/uploads\/2019\/10\/Walter-Yacare-Sequeira-vs-EstebanLopezDSC_0155.jpg","wps_subtitle":"Gan\u00f3 \"Yacar\u00e9\" ","jetpack_sharing_enabled":true,"_links":{"self":[{"href":"https:\/\/www.hoymercedes.com.ar\/principal\/wp-json\/wp\/v2\/posts\/101236","targetHints":{"allow":["GET"]}}],"collection":[{"href":"https:\/\/www.hoymercedes.com.ar\/principal\/wp-json\/wp\/v2\/posts"}],"about":[{"href":"https:\/\/www.hoymercedes.com.ar\/principal\/wp-json\/wp\/v2\/types\/post"}],"author":[{"embeddable":true,"href":"https:\/\/www.hoymercedes.com.ar\/principal\/wp-json\/wp\/v2\/users\/1"}],"replies":[{"embeddable":true,"href":"https:\/\/www.hoymercedes.com.ar\/principal\/wp-json\/wp\/v2\/comments?post=101236"}],"version-history":[{"count":0,"href":"https:\/\/www.hoymercedes.com.ar\/principal\/wp-json\/wp\/v2\/posts\/101236\/revisions"}],"wp:featuredmedia":[{"embeddable":true,"href":"https:\/\/www.hoymercedes.com.ar\/principal\/wp-json\/wp\/v2\/media\/101237"}],"wp:attachment":[{"href":"https:\/\/www.hoymercedes.com.ar\/principal\/wp-json\/wp\/v2\/media?parent=101236"}],"wp:term":[{"taxonomy":"category","embeddable":true,"href":"https:\/\/www.hoymercedes.com.ar\/principal\/wp-json\/wp\/v2\/categories?post=101236"},{"taxonomy":"post_tag","embeddable":true,"href":"https:\/\/www.hoymercedes.com.ar\/principal\/wp-json\/wp\/v2\/tags?post=101236"}],"curies":[{"name":"wp","href":"https:\/\/api.w.org\/{rel}","templated":true}]}}