{"id":101268,"date":"2019-10-13T11:59:24","date_gmt":"2019-10-13T14:59:24","guid":{"rendered":"http:\/\/www.hoymercedes.com.ar\/principal\/?p=101268"},"modified":"2019-10-13T12:26:51","modified_gmt":"2019-10-13T15:26:51","slug":"talleres-de-huerta-en-los-jardines-de-infantes","status":"publish","type":"post","link":"https:\/\/www.hoymercedes.com.ar\/principal\/2019\/10\/13\/talleres-de-huerta-en-los-jardines-de-infantes\/","title":{"rendered":"Talleres de huerta en los Jardines de Infantes"},"content":{"rendered":"\n<p>La Secretar\u00eda de Salud e INTA Mercedes empezaron a llevar el programa Pro-Huerta a los jardines de infantes de la partido. A trav\u00e9s de las promotoras de salud, la participaci\u00f3n de la ingeniera agr\u00f3noma Laura Dicatarina, Lic. Ana Scovenna y parte del equipo de Salud Bucal para poder dar un mayor y mejor acompa\u00f1amiento a los ni\u00f1os y ni\u00f1as de los espacios educativos.<\/p>\n\n\n\n<figure class=\"wp-block-image\"><img loading=\"lazy\" decoding=\"async\" width=\"800\" height=\"451\" data-attachment-id=\"101269\" data-permalink=\"https:\/\/www.hoymercedes.com.ar\/principal\/2019\/10\/13\/talleres-de-huerta-en-los-jardines-de-infantes\/prohuerta-1\/#main\" data-orig-file=\"https:\/\/www.hoymercedes.com.ar\/principal\/wp-content\/uploads\/2019\/10\/ProHuerta-1.jpeg\" data-orig-size=\"800,451\" data-comments-opened=\"0\" data-image-meta=\"{&quot;aperture&quot;:&quot;0&quot;,&quot;credit&quot;:&quot;&quot;,&quot;camera&quot;:&quot;&quot;,&quot;caption&quot;:&quot;&quot;,&quot;created_timestamp&quot;:&quot;0&quot;,&quot;copyright&quot;:&quot;&quot;,&quot;focal_length&quot;:&quot;0&quot;,&quot;iso&quot;:&quot;0&quot;,&quot;shutter_speed&quot;:&quot;0&quot;,&quot;title&quot;:&quot;&quot;,&quot;orientation&quot;:&quot;0&quot;}\" data-image-title=\"ProHuerta (1)\" data-image-description=\"\" data-image-caption=\"\" data-large-file=\"https:\/\/www.hoymercedes.com.ar\/principal\/wp-content\/uploads\/2019\/10\/ProHuerta-1.jpeg\" src=\"https:\/\/www.hoymercedes.com.ar\/principal\/wp-content\/uploads\/2019\/10\/ProHuerta-1.jpeg\" alt=\"\" class=\"wp-image-101269\" srcset=\"https:\/\/www.hoymercedes.com.ar\/principal\/wp-content\/uploads\/2019\/10\/ProHuerta-1.jpeg 800w, https:\/\/www.hoymercedes.com.ar\/principal\/wp-content\/uploads\/2019\/10\/ProHuerta-1-150x85.jpeg 150w, https:\/\/www.hoymercedes.com.ar\/principal\/wp-content\/uploads\/2019\/10\/ProHuerta-1-630x355.jpeg 630w\" sizes=\"auto, (max-width: 800px) 100vw, 800px\" \/><\/figure>\n\n\n\n<p>En el taller se invita a los ni\u00f1os y ni\u00f1as a explorar, descubrir y establecer juegos que dejen una ense\u00f1anza. Adem\u00e1s de favorecer el trabajo en grupo ayuda a adquirir conocimientos por medio del desarrollo de habilidades y actitudes que le permitan desenvolverse en un futuro. Esta semana se visit\u00f3 el jard\u00edn 908 de Agote trabajando con los educandos de ambos turnos.<\/p>\n\n\n\n<p>El programa PROHUERTA como pol\u00edtica p\u00fablica impulsa, promueve y acompa\u00f1a la autoproducci\u00f3n de alimentos para favorecer el desarrollo local, de instituciones y familias buscando favorecer la participaci\u00f3n comunitaria e interinstitucional. <\/p>\n","protected":false},"excerpt":{"rendered":"<p>La Secretar\u00eda de Salud e INTA Mercedes empezaron a llevar el programa Pro-Huerta a los jardines de infantes de la &#8230; <a title=\"Talleres de huerta en los Jardines de Infantes\" class=\"read-more\" href=\"https:\/\/www.hoymercedes.com.ar\/principal\/2019\/10\/13\/talleres-de-huerta-en-los-jardines-de-infantes\/\" aria-label=\"Leer m\u00e1s sobre Talleres de huerta en los Jardines de Infantes\">Leer m\u00e1s<\/a><\/p>\n","protected":false},"author":1,"featured_media":101269,"comment_status":"closed","ping_status":"open","sticky":false,"template":"","format":"standard","meta":{"_monsterinsights_skip_tracking":false,"_monsterinsights_sitenote_active":false,"_monsterinsights_sitenote_note":"","_monsterinsights_sitenote_category":0,"jetpack_post_was_ever_published":false,"_jetpack_newsletter_access":"","_jetpack_dont_email_post_to_subs":false,"_jetpack_newsletter_tier_id":0,"_jetpack_memberships_contains_paywalled_content":false,"_jetpack_memberships_contains_paid_content":false,"footnotes":"","jetpack_publicize_message":"","jetpack_publicize_feature_enabled":true,"jetpack_social_post_already_shared":true,"jetpack_social_options":{"image_generator_settings":{"template":"highway","default_image_id":0,"font":"","enabled":false},"version":2},"_wpas_customize_per_network":false},"categories":[30],"tags":[1370,11754,244,14129,10030],"class_list":["post-101268","post","type-post","status-publish","format-standard","has-post-thumbnail","hentry","category-municipio","tag-inta","tag-jardines-de-infantes","tag-municipio-2","tag-prohuerta","tag-talleres","generate-columns","tablet-grid-50","mobile-grid-100","grid-parent","grid-50"],"jetpack_publicize_connections":[],"jetpack_featured_media_url":"https:\/\/www.hoymercedes.com.ar\/principal\/wp-content\/uploads\/2019\/10\/ProHuerta-1.jpeg","wps_subtitle":"Educaci\u00f3n en el nivel inicial","jetpack_sharing_enabled":true,"_links":{"self":[{"href":"https:\/\/www.hoymercedes.com.ar\/principal\/wp-json\/wp\/v2\/posts\/101268","targetHints":{"allow":["GET"]}}],"collection":[{"href":"https:\/\/www.hoymercedes.com.ar\/principal\/wp-json\/wp\/v2\/posts"}],"about":[{"href":"https:\/\/www.hoymercedes.com.ar\/principal\/wp-json\/wp\/v2\/types\/post"}],"author":[{"embeddable":true,"href":"https:\/\/www.hoymercedes.com.ar\/principal\/wp-json\/wp\/v2\/users\/1"}],"replies":[{"embeddable":true,"href":"https:\/\/www.hoymercedes.com.ar\/principal\/wp-json\/wp\/v2\/comments?post=101268"}],"version-history":[{"count":0,"href":"https:\/\/www.hoymercedes.com.ar\/principal\/wp-json\/wp\/v2\/posts\/101268\/revisions"}],"wp:featuredmedia":[{"embeddable":true,"href":"https:\/\/www.hoymercedes.com.ar\/principal\/wp-json\/wp\/v2\/media\/101269"}],"wp:attachment":[{"href":"https:\/\/www.hoymercedes.com.ar\/principal\/wp-json\/wp\/v2\/media?parent=101268"}],"wp:term":[{"taxonomy":"category","embeddable":true,"href":"https:\/\/www.hoymercedes.com.ar\/principal\/wp-json\/wp\/v2\/categories?post=101268"},{"taxonomy":"post_tag","embeddable":true,"href":"https:\/\/www.hoymercedes.com.ar\/principal\/wp-json\/wp\/v2\/tags?post=101268"}],"curies":[{"name":"wp","href":"https:\/\/api.w.org\/{rel}","templated":true}]}}