{"id":10127,"date":"2011-12-29T11:27:55","date_gmt":"2011-12-29T11:27:55","guid":{"rendered":"http:\/\/www.hoymercedes.com.ar\/principal\/?p=10127"},"modified":"2011-12-29T11:27:55","modified_gmt":"2011-12-29T11:27:55","slug":"el-concejo-deliberante-tratara-el-tema-de-las-antenas","status":"publish","type":"post","link":"https:\/\/www.hoymercedes.com.ar\/principal\/2011\/12\/29\/el-concejo-deliberante-tratara-el-tema-de-las-antenas\/","title":{"rendered":"El Concejo Deliberante tratar\u00e1 el tema de las antenas"},"content":{"rendered":"<p>El Cuerpo Deliberativo fue convocado a Sesi\u00f3n Extraordinaria para las 9.00. Tambi\u00e9n se abordar\u00e1 un convenio firmado por el municipio con la Agencia Nacional de Seguridad Vial<\/p>\n<p>El tema de la instalaci\u00f3n en el Partido de Mercedes de m\u00e1stiles portadores de antenas que emiten ondas de frecuencias para telefon\u00eda celular llega hoy al Honorable Concejo Deliberante a trav\u00e9s de un proyecto de Ordenanza que se presentar\u00e1 modificando algunos aspectos de la norma legal vigente en estos momentos.<\/p>\n<p>La informaci\u00f3n fue confirmada por el propio presidente del Cuerpo Marcelo Den\u00e1pole qui\u00e9n sostuvo \u201ceste jueves desde las 9.00 estaremos reunidos en sesi\u00f3n extraordinaria para tratar fundamentalmente dos temas importantes dentro de lo que es el Orden del D\u00eda.<\/p>\n<p>Uno de ellos tiene que ve con esta proliferaci\u00f3n de intentos de colocar en nuestro Partido por parte de diferentes empresas antenas emisoras de ondas especialmente para telefon\u00eda celular algo que ha generado una amplia preocupaci\u00f3n en determinados grupos de vecinos.<\/p>\n<p>Por tal motivo desde el Departamento Ejecutivo se estuvo trabajando en todas sus \u00e1reas y hasta se pidi\u00f3 el punto de vista y la colaboraci\u00f3n de integrantes de los bloques del radicalismo, el Gen, es decir los integrantes del Acuerdo C\u00edvico y el Frente Mercedino con Juan Pablo L\u00f3pez para la elaboraci\u00f3n de un nuevo proyecto de Ordenanza que regule en nuestro partido las instalaciones de dichos elementos.<\/p>\n<p>Este jueves ser\u00e1 presentado el mismo en el recinto y a partir de ello comenzaremos a trabajar de manera \u00edntegra como Cuerpo en el desarrollo total del nuevo texto.<\/p>\n<p>De cualquier manera hay que tener en claro que lo \u00fanico que en realidad hacen en estos casos de instalaci\u00f3n de m\u00e1stiles, soportes, etc., destinados antenas es otorgar la pre factibilidad debido a que la autorizaci\u00f3n definitiva es entregada de acuerdo a las disposici\u00f3n vigentes desde el OPDS, es decir el Organismo Provincial de Desarrollo Sustentable\u201d<\/p>\n<p>M\u00e1s adelante el titular del HCD dijo \u201choy (por ayer) nos hemos reunido junto a los presidentes de bloques con el Intendente Municipal y un representante del \u00e1rea de Medio Ambiente, y hemos acordado algunos cambios en el texto que originalmente presentamos as\u00ed que los mismos ser\u00e1n estudiados por todo el Cuerpo y a partir de eso se adoptar\u00e1 una decisi\u00f3n conjunta.<\/p>\n<p>De cualquier manera nosotros sostenemos que cuando se habla de temas relacionados con el medio ambiente hay que ser muy cuidadosos, no se puede salir as\u00ed porque si diciendo cosas sin fundamentos, somos conscientes que debemos luchar por el bienestar de la salud p\u00fablica pero tampoco se puede estar de manera total en contra de la instalaci\u00f3n de dichas antenas en su debida forma y en debido lugar.<\/p>\n<p>Nosotros vamos a imponer un cono de protecci\u00f3n de cien metros a la redonda cuidando especialmente la existencia de edificaciones especialmente si las mismas son para viviendas.<\/p>\n<p>Pero reitero que el OPDS es quien estudia si se trata de irradiaciones radioel\u00e9ctricas no ionizantes que son las \u00fanicas que actualmente s encuentran autorizadas en todo el territorio de la provincia de Buenos Aires y en funci\u00f3n al resultado del estudio efectuado se otorga o no el permiso correspondiente\u201d.<\/p>\n<p>Con relaci\u00f3n al convenio firmado por el municipio con la Agencia Nacional de Seguridad Vial, Denapole sostuvo \u201cen el 2008 se creo en todo el pa\u00eds la Agencia nacional de Seguridad Vial que con el tiempo ha implementado medidas que nosotros no tenemos contempladas y que debemos incorporarlas, por tal motivo el intendente firm\u00f3 en su oportunidad un convenio que ahora nosotros desde el Concejo Deliberante debemos convalidar para que el mismo pueda tener amplia vigencia ya que nosotros en principio nos encontr\u00e1bamos adheridos a la Ley Nacional de Tr\u00e1nsito que luego fue modificada al crearse la Agencia Nacional con una serie de objetivos en materia de prevenci\u00f3n y tambi\u00e9n de aportes econ\u00f3micos para el desarrollo de diferentes programas dentro de los territorios municipales por lo cual se debi\u00f3 firmar el nuevo convenio.<\/p>\n<p>En una reuni\u00f3n que mantuvimos todos los presidentes de los bloques hemos decidido apoyar la convalidaci\u00f3n de dicho convenio\u201d.<\/p>\n","protected":false},"excerpt":{"rendered":"<p>El Cuerpo Deliberativo fue convocado a Sesi\u00f3n Extraordinaria para las 9.00. Tambi\u00e9n se abordar\u00e1 un convenio firmado por el municipio &#8230; <a title=\"El Concejo Deliberante tratar\u00e1 el tema de las antenas\" class=\"read-more\" href=\"https:\/\/www.hoymercedes.com.ar\/principal\/2011\/12\/29\/el-concejo-deliberante-tratara-el-tema-de-las-antenas\/\" aria-label=\"Leer m\u00e1s sobre El Concejo Deliberante tratar\u00e1 el tema de las antenas\">Leer m\u00e1s<\/a><\/p>\n","protected":false},"author":1,"featured_media":0,"comment_status":"open","ping_status":"open","sticky":false,"template":"","format":"standard","meta":{"_monsterinsights_skip_tracking":false,"_monsterinsights_sitenote_active":false,"_monsterinsights_sitenote_note":"","_monsterinsights_sitenote_category":0,"jetpack_post_was_ever_published":false,"_jetpack_newsletter_access":"","_jetpack_dont_email_post_to_subs":false,"_jetpack_newsletter_tier_id":0,"_jetpack_memberships_contains_paywalled_content":false,"_jetpack_memberships_contains_paid_content":false,"footnotes":"","jetpack_publicize_message":"","jetpack_publicize_feature_enabled":true,"jetpack_social_post_already_shared":false,"jetpack_social_options":{"image_generator_settings":{"template":"highway","default_image_id":0,"font":"","enabled":false},"version":2},"_wpas_customize_per_network":false},"categories":[5],"tags":[1514,10],"class_list":["post-10127","post","type-post","status-publish","format-standard","hentry","category-politica","tag-antenas","tag-mercedes","generate-columns","tablet-grid-50","mobile-grid-100","grid-parent","grid-50"],"jetpack_publicize_connections":[],"jetpack_featured_media_url":"","wps_subtitle":"","jetpack_sharing_enabled":true,"_links":{"self":[{"href":"https:\/\/www.hoymercedes.com.ar\/principal\/wp-json\/wp\/v2\/posts\/10127","targetHints":{"allow":["GET"]}}],"collection":[{"href":"https:\/\/www.hoymercedes.com.ar\/principal\/wp-json\/wp\/v2\/posts"}],"about":[{"href":"https:\/\/www.hoymercedes.com.ar\/principal\/wp-json\/wp\/v2\/types\/post"}],"author":[{"embeddable":true,"href":"https:\/\/www.hoymercedes.com.ar\/principal\/wp-json\/wp\/v2\/users\/1"}],"replies":[{"embeddable":true,"href":"https:\/\/www.hoymercedes.com.ar\/principal\/wp-json\/wp\/v2\/comments?post=10127"}],"version-history":[{"count":0,"href":"https:\/\/www.hoymercedes.com.ar\/principal\/wp-json\/wp\/v2\/posts\/10127\/revisions"}],"wp:attachment":[{"href":"https:\/\/www.hoymercedes.com.ar\/principal\/wp-json\/wp\/v2\/media?parent=10127"}],"wp:term":[{"taxonomy":"category","embeddable":true,"href":"https:\/\/www.hoymercedes.com.ar\/principal\/wp-json\/wp\/v2\/categories?post=10127"},{"taxonomy":"post_tag","embeddable":true,"href":"https:\/\/www.hoymercedes.com.ar\/principal\/wp-json\/wp\/v2\/tags?post=10127"}],"curies":[{"name":"wp","href":"https:\/\/api.w.org\/{rel}","templated":true}]}}