{"id":101272,"date":"2019-10-12T16:59:53","date_gmt":"2019-10-12T19:59:53","guid":{"rendered":"http:\/\/www.hoymercedes.com.ar\/principal\/?p=101272"},"modified":"2019-10-13T12:30:33","modified_gmt":"2019-10-13T15:30:33","slug":"reflexiones-sobre-dictadura-y-democracia","status":"publish","type":"post","link":"https:\/\/www.hoymercedes.com.ar\/principal\/2019\/10\/12\/reflexiones-sobre-dictadura-y-democracia\/","title":{"rendered":"Reflexiones sobre dictadura y democracia"},"content":{"rendered":"\n<p><em>Recordar es f\u00e1cil para quien tiene memoria,<\/em> <em>Olvidar es dif\u00edcil para quien tiene coraz\u00f3n <\/em><strong><em>(G. Garc\u00eda Marquez)<\/em><\/strong><\/p>\n\n\n\n<p>Por Oscar Dinova &#8211; La Prof. Carolina Brovia y el docente Pablo Schafrik me invitaron, el viernes 4, a un Encuentro en el Marco del Proyecto J\u00f3venes y Memoria, con el 6\u00ba a\u00f1o de la Escuela Secundaria N\u00ba 14. Fue un bello y emotivo encuentro donde pude, -en total libertad- testimoniar sobre los a\u00f1os `70, nuestros a\u00f1os de militancia, el contexto pol\u00edtico de la \u00e9poca, la p\u00e9rdida de la democracia y sus dram\u00e1ticas consecuencias. En un relato pleno de agridulces recuerdos volvieron los a\u00f1os de sue\u00f1os e ideales, el compromiso adoptado por toda una generaci\u00f3n sin intereses personales, los errores cometidos y las p\u00e9rdidas de incontables vidas que una sociedad debe lamentar hasta nuestros d\u00edas.<\/p>\n\n\n\n<p>Aprendizajes hechos a fuerza de dolor y reflexiones y la valoraci\u00f3n del sistema democr\u00e1tico, fueron algunos de los conceptos vertidos y acompa\u00f1ados de tramos de textos de mis libros. As\u00ed, los j\u00f3venes alumnos pudieron conocer a los protagonistas de organizaciones juveniles en Cuentos como Quince Minutos, o el exilio en el Alma del Diablo y Bulul\u00fa Theatre. Luego, la posibilidad de reinsertarse en la Patria nuevamente en Tizas en el And\u00e9n. Todo qued\u00f3 documentado y ser\u00e1 la base de un documental que ellos presentar\u00e1n a Nivel Nacional.<\/p>\n\n\n\n<p>Debo agradecer nuevamente a los docentes que trabajan con tanta sinceridad y empe\u00f1o estos duros tramos de la historia argentina, la oportunidad de transmitir nuestras vivencias, el clima de respeto y participaci\u00f3n de los alumnos y la oportunidad de remarcar, -una vez m\u00e1s y siempre- el mensaje que Nunca M\u00e1s debemos transitar los tiempos de una Dictadura y entre todos los ciudadanos ser celosos guardianes del sistema democr\u00e1tico.<\/p>\n\n\n\n<p>Estar\u00e9\nsiempre disponible para cuando ustedes necesiten estas charlas y las estimen\nnecesarias.<\/p>\n\n\n\n<p><strong>\u00a1Hasta la pr\u00f3xima!<\/strong><\/p>\n","protected":false},"excerpt":{"rendered":"<p>Recordar es f\u00e1cil para quien tiene memoria, Olvidar es dif\u00edcil para quien tiene coraz\u00f3n (G. Garc\u00eda Marquez) Por Oscar Dinova &#8230; <a title=\"Reflexiones sobre dictadura y democracia\" class=\"read-more\" href=\"https:\/\/www.hoymercedes.com.ar\/principal\/2019\/10\/12\/reflexiones-sobre-dictadura-y-democracia\/\" aria-label=\"Leer m\u00e1s sobre Reflexiones sobre dictadura y democracia\">Leer m\u00e1s<\/a><\/p>\n","protected":false},"author":1,"featured_media":101273,"comment_status":"closed","ping_status":"open","sticky":false,"template":"","format":"standard","meta":{"_monsterinsights_skip_tracking":false,"_monsterinsights_sitenote_active":false,"_monsterinsights_sitenote_note":"","_monsterinsights_sitenote_category":0,"jetpack_post_was_ever_published":false,"_jetpack_newsletter_access":"","_jetpack_dont_email_post_to_subs":false,"_jetpack_newsletter_tier_id":0,"_jetpack_memberships_contains_paywalled_content":false,"_jetpack_memberships_contains_paid_content":false,"footnotes":"","jetpack_publicize_message":"","jetpack_publicize_feature_enabled":true,"jetpack_social_post_already_shared":true,"jetpack_social_options":{"image_generator_settings":{"template":"highway","default_image_id":0,"font":"","enabled":false},"version":2},"_wpas_customize_per_network":false},"categories":[23],"tags":[47,3307],"class_list":["post-101272","post","type-post","status-publish","format-standard","has-post-thumbnail","hentry","category-educacion","tag-educacion-2","tag-jovenes-y-memoria","generate-columns","tablet-grid-50","mobile-grid-100","grid-parent","grid-50"],"jetpack_publicize_connections":[],"jetpack_featured_media_url":"https:\/\/www.hoymercedes.com.ar\/principal\/wp-content\/uploads\/2019\/10\/Charla-J\u00f3venes-y-Memoria.jpg","wps_subtitle":"Proyecto institucional","jetpack_sharing_enabled":true,"_links":{"self":[{"href":"https:\/\/www.hoymercedes.com.ar\/principal\/wp-json\/wp\/v2\/posts\/101272","targetHints":{"allow":["GET"]}}],"collection":[{"href":"https:\/\/www.hoymercedes.com.ar\/principal\/wp-json\/wp\/v2\/posts"}],"about":[{"href":"https:\/\/www.hoymercedes.com.ar\/principal\/wp-json\/wp\/v2\/types\/post"}],"author":[{"embeddable":true,"href":"https:\/\/www.hoymercedes.com.ar\/principal\/wp-json\/wp\/v2\/users\/1"}],"replies":[{"embeddable":true,"href":"https:\/\/www.hoymercedes.com.ar\/principal\/wp-json\/wp\/v2\/comments?post=101272"}],"version-history":[{"count":0,"href":"https:\/\/www.hoymercedes.com.ar\/principal\/wp-json\/wp\/v2\/posts\/101272\/revisions"}],"wp:featuredmedia":[{"embeddable":true,"href":"https:\/\/www.hoymercedes.com.ar\/principal\/wp-json\/wp\/v2\/media\/101273"}],"wp:attachment":[{"href":"https:\/\/www.hoymercedes.com.ar\/principal\/wp-json\/wp\/v2\/media?parent=101272"}],"wp:term":[{"taxonomy":"category","embeddable":true,"href":"https:\/\/www.hoymercedes.com.ar\/principal\/wp-json\/wp\/v2\/categories?post=101272"},{"taxonomy":"post_tag","embeddable":true,"href":"https:\/\/www.hoymercedes.com.ar\/principal\/wp-json\/wp\/v2\/tags?post=101272"}],"curies":[{"name":"wp","href":"https:\/\/api.w.org\/{rel}","templated":true}]}}