{"id":101279,"date":"2019-10-13T05:14:15","date_gmt":"2019-10-13T08:14:15","guid":{"rendered":"http:\/\/www.hoymercedes.com.ar\/principal\/?p=101279"},"modified":"2019-10-13T12:29:37","modified_gmt":"2019-10-13T15:29:37","slug":"recordatorio-enrique-y-ma-cristina-pankonin","status":"publish","type":"post","link":"https:\/\/www.hoymercedes.com.ar\/principal\/2019\/10\/13\/recordatorio-enrique-y-ma-cristina-pankonin\/","title":{"rendered":"Recordatorio: Enrique y Ma. Cristina Pankonin"},"content":{"rendered":"\n<p><strong>A 43 a\u00f1os de su desaparici\u00f3n 01-10-1976<\/strong><\/p>\n\n\n\n<div class=\"wp-block-image\"><figure class=\"aligncenter\"><img loading=\"lazy\" decoding=\"async\" width=\"336\" height=\"429\" data-attachment-id=\"55292\" data-permalink=\"https:\/\/www.hoymercedes.com.ar\/principal\/2016\/10\/01\/recordatorio-enrique-pankonin-abis\/pankonin-abis\/#main\" data-orig-file=\"https:\/\/www.hoymercedes.com.ar\/principal\/wp-content\/uploads\/2016\/09\/PANKON\u00cdN-ABIS.jpg\" data-orig-size=\"336,429\" data-comments-opened=\"1\" data-image-meta=\"{&quot;aperture&quot;:&quot;0&quot;,&quot;credit&quot;:&quot;&quot;,&quot;camera&quot;:&quot;&quot;,&quot;caption&quot;:&quot;&quot;,&quot;created_timestamp&quot;:&quot;0&quot;,&quot;copyright&quot;:&quot;&quot;,&quot;focal_length&quot;:&quot;0&quot;,&quot;iso&quot;:&quot;0&quot;,&quot;shutter_speed&quot;:&quot;0&quot;,&quot;title&quot;:&quot;&quot;,&quot;orientation&quot;:&quot;0&quot;}\" data-image-title=\"pankonin-abis\" data-image-description=\"\" data-image-caption=\"\" data-large-file=\"https:\/\/www.hoymercedes.com.ar\/principal\/wp-content\/uploads\/2016\/09\/PANKON\u00cdN-ABIS.jpg\" src=\"https:\/\/www.hoymercedes.com.ar\/principal\/wp-content\/uploads\/2016\/09\/PANKON\u00cdN-ABIS.jpg\" alt=\"\" class=\"wp-image-55292\" srcset=\"https:\/\/www.hoymercedes.com.ar\/principal\/wp-content\/uploads\/2016\/09\/PANKON\u00cdN-ABIS.jpg 336w, https:\/\/www.hoymercedes.com.ar\/principal\/wp-content\/uploads\/2016\/09\/PANKON\u00cdN-ABIS-117x150.jpg 117w\" sizes=\"auto, (max-width: 336px) 100vw, 336px\" \/><figcaption> <strong>ENRIQUE PANKON\u00cdN ABIS<\/strong>  a los 33 a\u00f1os de edad<\/figcaption><\/figure><\/div>\n\n\n\n<p>Enrique Pankon\u00edn Abis fue secuestrado y desaparecido de su domicilio en\nla ciudad de La Plata, el 1\u00ba de octubre de 1976 junto a su esposa Mar\u00eda\nCristina Fern\u00e1ndez de Pankon\u00edn, ambos v\u00edctimas del accionar criminal del\nTerrorismo de Estado. <\/p>\n\n\n\n<p>Enrique fue un compa\u00f1ero de destacado perfil militante en JUP y en Montoneros.&nbsp; Quienes compartieron vivencias lo recuerdan como\nun hombre \u00e9tico y cabal, inteligente, con un s\u00f3lido compromiso social, firme en\nla defensa de sus ideas y de gran honestidad intelectual y revolucionaria. <\/p>\n\n\n\n<p>A 42 a\u00f1os decimos:<\/p>\n\n\n\n<p>Intentaron\nsilenciar sus voces, borrar sus ideales, detener la conciencia colectiva,\nterminar con la solidaridad y adormecer a la sociedad\u2026 S\u00f3lo lograron desaparecer sus\ncuerpos, de una manera vil, cobarde y despreciable.<\/p>\n\n\n\n<p>Como ayer y hoy abrazamos a\nnuestros pa\u00f1uelos blancos, s\u00edmbolos de la resistencia y m\u00e1ximos exponentes de\nla hist\u00f3rica lucha contra la impunidad.<\/p>\n\n\n\n<p>A un nuevo aniversario de su desaparici\u00f3n, por \u00e9l y por los 30.000\ncompa\u00f1eros <strong>detenidos-desaparecidos y\nasesinados<\/strong> decimos <strong>\u00a1SIEMPRE PRESENTES!<\/strong>\nen el coraz\u00f3n de su gente y de su\npueblo. No\nolvidamos, sostenemos la memoria, reclamamos la verdad, luchamos contra la\nimpunidad y exigimos juicio y castigo a todos los culpables.<strong><\/strong><\/p>\n\n\n\n<p style=\"text-align:center\"><strong>\u00a0\u00a0 Memoria, Verdad y Justicia<\/strong><br><strong>Comisi\u00f3n Municipal por la Memoria de Mercedes<\/strong><br><\/p>\n","protected":false},"excerpt":{"rendered":"<p>A 43 a\u00f1os de su desaparici\u00f3n 01-10-1976 Enrique Pankon\u00edn Abis fue secuestrado y desaparecido de su domicilio en la ciudad &#8230; <a title=\"Recordatorio: Enrique y Ma. Cristina Pankonin\" class=\"read-more\" href=\"https:\/\/www.hoymercedes.com.ar\/principal\/2019\/10\/13\/recordatorio-enrique-y-ma-cristina-pankonin\/\" aria-label=\"Leer m\u00e1s sobre Recordatorio: Enrique y Ma. Cristina Pankonin\">Leer m\u00e1s<\/a><\/p>\n","protected":false},"author":1,"featured_media":55292,"comment_status":"closed","ping_status":"open","sticky":false,"template":"","format":"standard","meta":{"_monsterinsights_skip_tracking":false,"_monsterinsights_sitenote_active":false,"_monsterinsights_sitenote_note":"","_monsterinsights_sitenote_category":0,"jetpack_post_was_ever_published":false,"_jetpack_newsletter_access":"","_jetpack_dont_email_post_to_subs":false,"_jetpack_newsletter_tier_id":0,"_jetpack_memberships_contains_paywalled_content":false,"_jetpack_memberships_contains_paid_content":false,"footnotes":"","jetpack_publicize_message":"","jetpack_publicize_feature_enabled":true,"jetpack_social_post_already_shared":true,"jetpack_social_options":{"image_generator_settings":{"template":"highway","default_image_id":0,"font":"","enabled":false},"version":2},"_wpas_customize_per_network":false},"categories":[8],"tags":[9826,9744],"class_list":["post-101279","post","type-post","status-publish","format-standard","has-post-thumbnail","hentry","category-sociedad","tag-comision-por-la-memoria","tag-recordatorio","generate-columns","tablet-grid-50","mobile-grid-100","grid-parent","grid-50"],"jetpack_publicize_connections":[],"jetpack_featured_media_url":"https:\/\/www.hoymercedes.com.ar\/principal\/wp-content\/uploads\/2016\/09\/PANKON\u00cdN-ABIS.jpg","wps_subtitle":"Comisi\u00f3n Municipal por la Memoria","jetpack_sharing_enabled":true,"_links":{"self":[{"href":"https:\/\/www.hoymercedes.com.ar\/principal\/wp-json\/wp\/v2\/posts\/101279","targetHints":{"allow":["GET"]}}],"collection":[{"href":"https:\/\/www.hoymercedes.com.ar\/principal\/wp-json\/wp\/v2\/posts"}],"about":[{"href":"https:\/\/www.hoymercedes.com.ar\/principal\/wp-json\/wp\/v2\/types\/post"}],"author":[{"embeddable":true,"href":"https:\/\/www.hoymercedes.com.ar\/principal\/wp-json\/wp\/v2\/users\/1"}],"replies":[{"embeddable":true,"href":"https:\/\/www.hoymercedes.com.ar\/principal\/wp-json\/wp\/v2\/comments?post=101279"}],"version-history":[{"count":0,"href":"https:\/\/www.hoymercedes.com.ar\/principal\/wp-json\/wp\/v2\/posts\/101279\/revisions"}],"wp:featuredmedia":[{"embeddable":true,"href":"https:\/\/www.hoymercedes.com.ar\/principal\/wp-json\/wp\/v2\/media\/55292"}],"wp:attachment":[{"href":"https:\/\/www.hoymercedes.com.ar\/principal\/wp-json\/wp\/v2\/media?parent=101279"}],"wp:term":[{"taxonomy":"category","embeddable":true,"href":"https:\/\/www.hoymercedes.com.ar\/principal\/wp-json\/wp\/v2\/categories?post=101279"},{"taxonomy":"post_tag","embeddable":true,"href":"https:\/\/www.hoymercedes.com.ar\/principal\/wp-json\/wp\/v2\/tags?post=101279"}],"curies":[{"name":"wp","href":"https:\/\/api.w.org\/{rel}","templated":true}]}}