{"id":101286,"date":"2019-10-13T16:44:49","date_gmt":"2019-10-13T19:44:49","guid":{"rendered":"http:\/\/www.hoymercedes.com.ar\/principal\/?p=101286"},"modified":"2019-10-13T13:02:32","modified_gmt":"2019-10-13T16:02:32","slug":"abrio-sus-puertas-el-centro-de-ensenanza-de-oficios","status":"publish","type":"post","link":"https:\/\/www.hoymercedes.com.ar\/principal\/2019\/10\/13\/abrio-sus-puertas-el-centro-de-ensenanza-de-oficios\/","title":{"rendered":"Abri\u00f3 sus puertas el \u00abCentro de Ense\u00f1anza de Oficios\u00bb"},"content":{"rendered":"\n<p>D\u00edas atr\u00e1s se habilit\u00f3 el \u201cCentro de Ense\u00f1anza de Oficios\u201d en salones  y patio del ex- Mart\u00edn Rodr\u00edguez en su ingreso por calle 11 y 4.  All\u00ed se podr\u00e1n hacer taller de abertura, alba\u00f1iler\u00eda, electricidad, entre otras propuestas a partir del convenio del Municipio de Mercedes con Fundaci\u00f3n UOCRA. <\/p>\n\n\n\n<figure class=\"wp-block-image\"><img loading=\"lazy\" decoding=\"async\" width=\"800\" height=\"389\" data-attachment-id=\"101289\" data-permalink=\"https:\/\/www.hoymercedes.com.ar\/principal\/2019\/10\/13\/abrio-sus-puertas-el-centro-de-ensenanza-de-oficios\/attachment\/106\/#main\" data-orig-file=\"https:\/\/www.hoymercedes.com.ar\/principal\/wp-content\/uploads\/2019\/10\/106.jpeg\" data-orig-size=\"800,389\" data-comments-opened=\"0\" data-image-meta=\"{&quot;aperture&quot;:&quot;0&quot;,&quot;credit&quot;:&quot;&quot;,&quot;camera&quot;:&quot;&quot;,&quot;caption&quot;:&quot;&quot;,&quot;created_timestamp&quot;:&quot;0&quot;,&quot;copyright&quot;:&quot;&quot;,&quot;focal_length&quot;:&quot;0&quot;,&quot;iso&quot;:&quot;0&quot;,&quot;shutter_speed&quot;:&quot;0&quot;,&quot;title&quot;:&quot;&quot;,&quot;orientation&quot;:&quot;0&quot;}\" data-image-title=\"106\" data-image-description=\"\" data-image-caption=\"\" data-large-file=\"https:\/\/www.hoymercedes.com.ar\/principal\/wp-content\/uploads\/2019\/10\/106.jpeg\" src=\"https:\/\/www.hoymercedes.com.ar\/principal\/wp-content\/uploads\/2019\/10\/106.jpeg\" alt=\"\" class=\"wp-image-101289\" srcset=\"https:\/\/www.hoymercedes.com.ar\/principal\/wp-content\/uploads\/2019\/10\/106.jpeg 800w, https:\/\/www.hoymercedes.com.ar\/principal\/wp-content\/uploads\/2019\/10\/106-150x73.jpeg 150w, https:\/\/www.hoymercedes.com.ar\/principal\/wp-content\/uploads\/2019\/10\/106-630x306.jpeg 630w\" sizes=\"auto, (max-width: 800px) 100vw, 800px\" \/><\/figure>\n\n\n\n<p>A pocos d\u00edas de abrir sus puertas, el Jefe Comunal, Juan Ignacio Ustarroz record\u00f3 el convenio con el sindicado \u00abUna de las demandas de la ciudad es la capacitaci\u00f3n en oficios y a su vez, adem\u00e1s de la formaci\u00f3n, vemos la producci\u00f3n de aberturas, puertas, ventanas, que son utilizadas en distintos programas de desarrollo social. Generamos producci\u00f3n propia y capacitaci\u00f3n, contenci\u00f3n y un proceso de ense\u00f1anza aprendizaje muy valioso as\u00ed que m\u00e1s que felices y felicitando a todos los que lo hacen posible\u201d, expres\u00f3. <\/p>\n\n\n\n<p>En centro de oficios y ense\u00f1anza involucra la participaci\u00f3n de varias \u00e1reas comunales, como juventud, ni\u00f1ez y adolescencia, desarrollo social, educaci\u00f3n, seguridad, servicios p\u00fablicos, es decir, es una tarea mancomunada para continuar brindando ofertas educativas y sociales a los mercedinos.<\/p>\n\n\n\n<figure class=\"wp-block-image\"><img loading=\"lazy\" decoding=\"async\" width=\"800\" height=\"389\" data-attachment-id=\"101288\" data-permalink=\"https:\/\/www.hoymercedes.com.ar\/principal\/2019\/10\/13\/abrio-sus-puertas-el-centro-de-ensenanza-de-oficios\/attachment\/104\/#main\" data-orig-file=\"https:\/\/www.hoymercedes.com.ar\/principal\/wp-content\/uploads\/2019\/10\/104.jpeg\" data-orig-size=\"800,389\" data-comments-opened=\"0\" data-image-meta=\"{&quot;aperture&quot;:&quot;0&quot;,&quot;credit&quot;:&quot;&quot;,&quot;camera&quot;:&quot;&quot;,&quot;caption&quot;:&quot;&quot;,&quot;created_timestamp&quot;:&quot;0&quot;,&quot;copyright&quot;:&quot;&quot;,&quot;focal_length&quot;:&quot;0&quot;,&quot;iso&quot;:&quot;0&quot;,&quot;shutter_speed&quot;:&quot;0&quot;,&quot;title&quot;:&quot;&quot;,&quot;orientation&quot;:&quot;0&quot;}\" data-image-title=\"104\" data-image-description=\"\" data-image-caption=\"\" data-large-file=\"https:\/\/www.hoymercedes.com.ar\/principal\/wp-content\/uploads\/2019\/10\/104.jpeg\" src=\"https:\/\/www.hoymercedes.com.ar\/principal\/wp-content\/uploads\/2019\/10\/104.jpeg\" alt=\"\" class=\"wp-image-101288\" srcset=\"https:\/\/www.hoymercedes.com.ar\/principal\/wp-content\/uploads\/2019\/10\/104.jpeg 800w, https:\/\/www.hoymercedes.com.ar\/principal\/wp-content\/uploads\/2019\/10\/104-150x73.jpeg 150w, https:\/\/www.hoymercedes.com.ar\/principal\/wp-content\/uploads\/2019\/10\/104-630x306.jpeg 630w\" sizes=\"auto, (max-width: 800px) 100vw, 800px\" \/><\/figure>\n","protected":false},"excerpt":{"rendered":"<p>D\u00edas atr\u00e1s se habilit\u00f3 el \u201cCentro de Ense\u00f1anza de Oficios\u201d en salones y patio del ex- Mart\u00edn Rodr\u00edguez en su &#8230; <a title=\"Abri\u00f3 sus puertas el \u00abCentro de Ense\u00f1anza de Oficios\u00bb\" class=\"read-more\" href=\"https:\/\/www.hoymercedes.com.ar\/principal\/2019\/10\/13\/abrio-sus-puertas-el-centro-de-ensenanza-de-oficios\/\" aria-label=\"Leer m\u00e1s sobre Abri\u00f3 sus puertas el \u00abCentro de Ense\u00f1anza de Oficios\u00bb\">Leer m\u00e1s<\/a><\/p>\n","protected":false},"author":1,"featured_media":101289,"comment_status":"closed","ping_status":"open","sticky":false,"template":"","format":"standard","meta":{"_monsterinsights_skip_tracking":false,"_monsterinsights_sitenote_active":false,"_monsterinsights_sitenote_note":"","_monsterinsights_sitenote_category":0,"jetpack_post_was_ever_published":false,"_jetpack_newsletter_access":"","_jetpack_dont_email_post_to_subs":false,"_jetpack_newsletter_tier_id":0,"_jetpack_memberships_contains_paywalled_content":false,"_jetpack_memberships_contains_paid_content":false,"footnotes":"","jetpack_publicize_message":"","jetpack_publicize_feature_enabled":true,"jetpack_social_post_already_shared":true,"jetpack_social_options":{"image_generator_settings":{"template":"highway","default_image_id":0,"font":"","enabled":false},"version":2},"_wpas_customize_per_network":false},"categories":[30],"tags":[15838,244],"class_list":["post-101286","post","type-post","status-publish","format-standard","has-post-thumbnail","hentry","category-municipio","tag-centro-de-ensenanza-de-oficios","tag-municipio-2","generate-columns","tablet-grid-50","mobile-grid-100","grid-parent","grid-50"],"jetpack_publicize_connections":[],"jetpack_featured_media_url":"https:\/\/www.hoymercedes.com.ar\/principal\/wp-content\/uploads\/2019\/10\/106.jpeg","wps_subtitle":"Capacitaci\u00f3n abierta","jetpack_sharing_enabled":true,"_links":{"self":[{"href":"https:\/\/www.hoymercedes.com.ar\/principal\/wp-json\/wp\/v2\/posts\/101286","targetHints":{"allow":["GET"]}}],"collection":[{"href":"https:\/\/www.hoymercedes.com.ar\/principal\/wp-json\/wp\/v2\/posts"}],"about":[{"href":"https:\/\/www.hoymercedes.com.ar\/principal\/wp-json\/wp\/v2\/types\/post"}],"author":[{"embeddable":true,"href":"https:\/\/www.hoymercedes.com.ar\/principal\/wp-json\/wp\/v2\/users\/1"}],"replies":[{"embeddable":true,"href":"https:\/\/www.hoymercedes.com.ar\/principal\/wp-json\/wp\/v2\/comments?post=101286"}],"version-history":[{"count":0,"href":"https:\/\/www.hoymercedes.com.ar\/principal\/wp-json\/wp\/v2\/posts\/101286\/revisions"}],"wp:featuredmedia":[{"embeddable":true,"href":"https:\/\/www.hoymercedes.com.ar\/principal\/wp-json\/wp\/v2\/media\/101289"}],"wp:attachment":[{"href":"https:\/\/www.hoymercedes.com.ar\/principal\/wp-json\/wp\/v2\/media?parent=101286"}],"wp:term":[{"taxonomy":"category","embeddable":true,"href":"https:\/\/www.hoymercedes.com.ar\/principal\/wp-json\/wp\/v2\/categories?post=101286"},{"taxonomy":"post_tag","embeddable":true,"href":"https:\/\/www.hoymercedes.com.ar\/principal\/wp-json\/wp\/v2\/tags?post=101286"}],"curies":[{"name":"wp","href":"https:\/\/api.w.org\/{rel}","templated":true}]}}