{"id":101311,"date":"2019-10-13T19:37:20","date_gmt":"2019-10-13T22:37:20","guid":{"rendered":"http:\/\/www.hoymercedes.com.ar\/principal\/?p=101311"},"modified":"2019-10-13T19:37:26","modified_gmt":"2019-10-13T22:37:26","slug":"rio-lujan-no-cede-y-municipio-asiste-a-vecinos","status":"publish","type":"post","link":"https:\/\/www.hoymercedes.com.ar\/principal\/2019\/10\/13\/rio-lujan-no-cede-y-municipio-asiste-a-vecinos\/","title":{"rendered":"R\u00edo Luj\u00e1n no cede y Municipio asiste a vecinos"},"content":{"rendered":"\n<figure class=\"wp-block-image\"><img loading=\"lazy\" decoding=\"async\" width=\"1024\" height=\"768\" data-attachment-id=\"101312\" data-permalink=\"https:\/\/www.hoymercedes.com.ar\/principal\/2019\/10\/13\/rio-lujan-no-cede-y-municipio-asiste-a-vecinos\/crecidariolujan-proteccioncivil\/#main\" data-orig-file=\"https:\/\/www.hoymercedes.com.ar\/principal\/wp-content\/uploads\/2019\/10\/CrecidaRioLujan-ProteccionCivil.jpeg\" data-orig-size=\"1024,768\" data-comments-opened=\"0\" data-image-meta=\"{&quot;aperture&quot;:&quot;0&quot;,&quot;credit&quot;:&quot;&quot;,&quot;camera&quot;:&quot;&quot;,&quot;caption&quot;:&quot;&quot;,&quot;created_timestamp&quot;:&quot;0&quot;,&quot;copyright&quot;:&quot;&quot;,&quot;focal_length&quot;:&quot;0&quot;,&quot;iso&quot;:&quot;0&quot;,&quot;shutter_speed&quot;:&quot;0&quot;,&quot;title&quot;:&quot;&quot;,&quot;orientation&quot;:&quot;0&quot;}\" data-image-title=\"CrecidaRioLujan-ProteccionCivil\" data-image-description=\"\" data-image-caption=\"\" data-large-file=\"https:\/\/www.hoymercedes.com.ar\/principal\/wp-content\/uploads\/2019\/10\/CrecidaRioLujan-ProteccionCivil-1024x768.jpeg\" src=\"https:\/\/www.hoymercedes.com.ar\/principal\/wp-content\/uploads\/2019\/10\/CrecidaRioLujan-ProteccionCivil-1024x768.jpeg\" alt=\"\" class=\"wp-image-101312\" srcset=\"https:\/\/www.hoymercedes.com.ar\/principal\/wp-content\/uploads\/2019\/10\/CrecidaRioLujan-ProteccionCivil.jpeg 1024w, https:\/\/www.hoymercedes.com.ar\/principal\/wp-content\/uploads\/2019\/10\/CrecidaRioLujan-ProteccionCivil-150x113.jpeg 150w, https:\/\/www.hoymercedes.com.ar\/principal\/wp-content\/uploads\/2019\/10\/CrecidaRioLujan-ProteccionCivil-630x473.jpeg 630w\" sizes=\"auto, (max-width: 1024px) 100vw, 1024px\" \/><figcaption>Protecci\u00f3n Civil asistiendo vecinos<\/figcaption><\/figure>\n\n\n\n<p>Tras dos jornadas de crecimiento\ny salida de cauce el R\u00edo Luj\u00e1n no se ve un descenso r\u00e1pido como el deseado.\nEste domingo reci\u00e9n se abrieron las compuertas de J\u00e1uregui, algo que perjudica\na nuestra ciudad. Hay un operativo municipal de asistencia las 24hs con\nProtecci\u00f3n Civil, Desarrollo Social, Seguridad, Salud. La crecida volvi\u00f3 poner\nen evidencia la falta de obras provinciales para contener estas situaciones. Se\nestima cayeron en la zona 150mm de agua y 74mm en el casco urbano mercedino.<\/p>\n\n\n\n<p><\/p>\n\n\n\n<p>Seg\u00fan estimaciones en la regi\u00f3n\ncayeron alrededor de 150mm, siendo un importante caudal de agua que afecto a\nSuipacha, Mercedes, Luj\u00e1n, y otras localidades de la cuenca, como Pilar. Si\nbien no se vieron en los grandes medios, la situaci\u00f3n gener\u00f3 una gran alerta,\nespecialmente por la falta de obra, a pesar de haber un pr\u00e9stamo del Banco\nMundial afectado y en Mercedes un obrador montado sobre el cual no se tienen presiones\nde tareas a realizar.<\/p>\n\n\n\n<figure class=\"wp-block-image\"><img loading=\"lazy\" decoding=\"async\" width=\"1024\" height=\"768\" data-attachment-id=\"101314\" data-permalink=\"https:\/\/www.hoymercedes.com.ar\/principal\/2019\/10\/13\/rio-lujan-no-cede-y-municipio-asiste-a-vecinos\/crecidariolujan-proteccioncivil-3\/#main\" data-orig-file=\"https:\/\/www.hoymercedes.com.ar\/principal\/wp-content\/uploads\/2019\/10\/CrecidaRioLujan-ProteccionCivil.3.jpeg\" data-orig-size=\"1024,768\" data-comments-opened=\"0\" data-image-meta=\"{&quot;aperture&quot;:&quot;0&quot;,&quot;credit&quot;:&quot;&quot;,&quot;camera&quot;:&quot;&quot;,&quot;caption&quot;:&quot;&quot;,&quot;created_timestamp&quot;:&quot;0&quot;,&quot;copyright&quot;:&quot;&quot;,&quot;focal_length&quot;:&quot;0&quot;,&quot;iso&quot;:&quot;0&quot;,&quot;shutter_speed&quot;:&quot;0&quot;,&quot;title&quot;:&quot;&quot;,&quot;orientation&quot;:&quot;0&quot;}\" data-image-title=\"CrecidaRioLujan-ProteccionCivil.3\" data-image-description=\"\" data-image-caption=\"\" data-large-file=\"https:\/\/www.hoymercedes.com.ar\/principal\/wp-content\/uploads\/2019\/10\/CrecidaRioLujan-ProteccionCivil.3-1024x768.jpeg\" src=\"https:\/\/www.hoymercedes.com.ar\/principal\/wp-content\/uploads\/2019\/10\/CrecidaRioLujan-ProteccionCivil.3-1024x768.jpeg\" alt=\"\" class=\"wp-image-101314\" srcset=\"https:\/\/www.hoymercedes.com.ar\/principal\/wp-content\/uploads\/2019\/10\/CrecidaRioLujan-ProteccionCivil.3.jpeg 1024w, https:\/\/www.hoymercedes.com.ar\/principal\/wp-content\/uploads\/2019\/10\/CrecidaRioLujan-ProteccionCivil.3-150x113.jpeg 150w, https:\/\/www.hoymercedes.com.ar\/principal\/wp-content\/uploads\/2019\/10\/CrecidaRioLujan-ProteccionCivil.3-630x473.jpeg 630w\" sizes=\"auto, (max-width: 1024px) 100vw, 1024px\" \/><\/figure>\n\n\n\n<p>La Comuna distribuy\u00f3 viandas,\nvelas, abrigo, agua potable y alimentos, sabiendo que el agua que gan\u00f3 la calle\nen Pe\u00f1aloza, Redes, Marchetti y alguna zona rural cercana al r\u00edo imped\u00eda una\nmovilizaci\u00f3n normal a los vecinos. <\/p>\n\n\n\n<p>Se espera y desea en las pr\u00f3ximas\nempiece a descender mientas de momento hay una familia evacuada de manera\npreventiva en el Mart\u00edn Rodr\u00edguez. <\/p>\n","protected":false},"excerpt":{"rendered":"<p>Tras dos jornadas de crecimiento y salida de cauce el R\u00edo Luj\u00e1n no se ve un descenso r\u00e1pido como el &#8230; <a title=\"R\u00edo Luj\u00e1n no cede y Municipio asiste a vecinos\" class=\"read-more\" href=\"https:\/\/www.hoymercedes.com.ar\/principal\/2019\/10\/13\/rio-lujan-no-cede-y-municipio-asiste-a-vecinos\/\" aria-label=\"Leer m\u00e1s sobre R\u00edo Luj\u00e1n no cede y Municipio asiste a vecinos\">Leer m\u00e1s<\/a><\/p>\n","protected":false},"author":1,"featured_media":101312,"comment_status":"closed","ping_status":"open","sticky":false,"template":"","format":"standard","meta":{"_monsterinsights_skip_tracking":false,"_monsterinsights_sitenote_active":false,"_monsterinsights_sitenote_note":"","_monsterinsights_sitenote_category":0,"jetpack_post_was_ever_published":false,"_jetpack_newsletter_access":"","_jetpack_dont_email_post_to_subs":false,"_jetpack_newsletter_tier_id":0,"_jetpack_memberships_contains_paywalled_content":false,"_jetpack_memberships_contains_paid_content":false,"footnotes":"","jetpack_publicize_message":"","jetpack_publicize_feature_enabled":true,"jetpack_social_post_already_shared":true,"jetpack_social_options":{"image_generator_settings":{"template":"highway","default_image_id":0,"font":"","enabled":false},"version":2},"_wpas_customize_per_network":false},"categories":[8],"tags":[402],"class_list":["post-101311","post","type-post","status-publish","format-standard","has-post-thumbnail","hentry","category-sociedad","tag-rio-lujan","generate-columns","tablet-grid-50","mobile-grid-100","grid-parent","grid-50"],"jetpack_publicize_connections":[],"jetpack_featured_media_url":"https:\/\/www.hoymercedes.com.ar\/principal\/wp-content\/uploads\/2019\/10\/CrecidaRioLujan-ProteccionCivil.jpeg","wps_subtitle":"R\u00edo salido de cauce","jetpack_sharing_enabled":true,"_links":{"self":[{"href":"https:\/\/www.hoymercedes.com.ar\/principal\/wp-json\/wp\/v2\/posts\/101311","targetHints":{"allow":["GET"]}}],"collection":[{"href":"https:\/\/www.hoymercedes.com.ar\/principal\/wp-json\/wp\/v2\/posts"}],"about":[{"href":"https:\/\/www.hoymercedes.com.ar\/principal\/wp-json\/wp\/v2\/types\/post"}],"author":[{"embeddable":true,"href":"https:\/\/www.hoymercedes.com.ar\/principal\/wp-json\/wp\/v2\/users\/1"}],"replies":[{"embeddable":true,"href":"https:\/\/www.hoymercedes.com.ar\/principal\/wp-json\/wp\/v2\/comments?post=101311"}],"version-history":[{"count":0,"href":"https:\/\/www.hoymercedes.com.ar\/principal\/wp-json\/wp\/v2\/posts\/101311\/revisions"}],"wp:featuredmedia":[{"embeddable":true,"href":"https:\/\/www.hoymercedes.com.ar\/principal\/wp-json\/wp\/v2\/media\/101312"}],"wp:attachment":[{"href":"https:\/\/www.hoymercedes.com.ar\/principal\/wp-json\/wp\/v2\/media?parent=101311"}],"wp:term":[{"taxonomy":"category","embeddable":true,"href":"https:\/\/www.hoymercedes.com.ar\/principal\/wp-json\/wp\/v2\/categories?post=101311"},{"taxonomy":"post_tag","embeddable":true,"href":"https:\/\/www.hoymercedes.com.ar\/principal\/wp-json\/wp\/v2\/tags?post=101311"}],"curies":[{"name":"wp","href":"https:\/\/api.w.org\/{rel}","templated":true}]}}