{"id":101351,"date":"2019-10-14T10:35:24","date_gmt":"2019-10-14T13:35:24","guid":{"rendered":"http:\/\/www.hoymercedes.com.ar\/principal\/?p=101351"},"modified":"2019-10-16T12:26:18","modified_gmt":"2019-10-16T15:26:18","slug":"nuevamente-la-bandera-unio-a-los-estudiantes","status":"publish","type":"post","link":"https:\/\/www.hoymercedes.com.ar\/principal\/2019\/10\/14\/nuevamente-la-bandera-unio-a-los-estudiantes\/","title":{"rendered":"Nuevamente la bandera uni\u00f3 a los estudiantes"},"content":{"rendered":"\n<p>Por tercer a\u00f1o consecutivo se llev\u00f3 adelante el proyecto \u00abLa Bandera Nos Une\u00bb. Una idea que busca generar v\u00ednculos y uniones entre los estudiantes de Mercedes. La propuesta impulsada por el Municipio desde su \u00e1rea educativa contin\u00faa congregando a las diferentes instituciones educativas de la ciudad.<\/p>\n\n\n\n<figure class=\"wp-block-image\"><img loading=\"lazy\" decoding=\"async\" width=\"800\" height=\"533\" data-attachment-id=\"101352\" data-permalink=\"https:\/\/www.hoymercedes.com.ar\/principal\/2019\/10\/14\/nuevamente-la-bandera-unio-a-los-estudiantes\/bandera-une533\/#main\" data-orig-file=\"https:\/\/www.hoymercedes.com.ar\/principal\/wp-content\/uploads\/2019\/10\/bandera-une533.jpg\" data-orig-size=\"800,533\" data-comments-opened=\"0\" data-image-meta=\"{&quot;aperture&quot;:&quot;0&quot;,&quot;credit&quot;:&quot;&quot;,&quot;camera&quot;:&quot;&quot;,&quot;caption&quot;:&quot;&quot;,&quot;created_timestamp&quot;:&quot;0&quot;,&quot;copyright&quot;:&quot;&quot;,&quot;focal_length&quot;:&quot;0&quot;,&quot;iso&quot;:&quot;0&quot;,&quot;shutter_speed&quot;:&quot;0&quot;,&quot;title&quot;:&quot;&quot;,&quot;orientation&quot;:&quot;0&quot;}\" data-image-title=\"bandera une533\" data-image-description=\"\" data-image-caption=\"\" data-large-file=\"https:\/\/www.hoymercedes.com.ar\/principal\/wp-content\/uploads\/2019\/10\/bandera-une533.jpg\" src=\"https:\/\/www.hoymercedes.com.ar\/principal\/wp-content\/uploads\/2019\/10\/bandera-une533.jpg\" alt=\"\" class=\"wp-image-101352\" srcset=\"https:\/\/www.hoymercedes.com.ar\/principal\/wp-content\/uploads\/2019\/10\/bandera-une533.jpg 800w, https:\/\/www.hoymercedes.com.ar\/principal\/wp-content\/uploads\/2019\/10\/bandera-une533-150x100.jpg 150w, https:\/\/www.hoymercedes.com.ar\/principal\/wp-content\/uploads\/2019\/10\/bandera-une533-630x420.jpg 630w, https:\/\/www.hoymercedes.com.ar\/principal\/wp-content\/uploads\/2019\/10\/bandera-une533-700x465.jpg 700w\" sizes=\"auto, (max-width: 800px) 100vw, 800px\" \/><\/figure>\n\n\n\n<p> \u201cEs un proyecto que busca dejar de lado las diferencias que se puedan llegar a tener y enarbolarnos bajo nuestra bandera y aprender a convivir\u201d se\u00f1al\u00f3 el intendente Juan Ignacio Ustarroz.<\/p>\n\n\n\n<p>\u201cQuiero agradecer a todas las escuelas por participar, este es el tercer a\u00f1o que llevamos adelante esta iniciativa donde creo que a medida que fueron pasando los a\u00f1os fuimos mejorando\u201d indic\u00f3 el intendente Juan Ignacio Ustarroz.<\/p>\n\n\n\n<p>A su vez, Ustarroz \u00a0agradeci\u00f3 \u201ca todos los docentes y a todas las escuelas por la participaci\u00f3n\u201d y destac\u00f3 \u201cel objetivo es que m\u00e1s all\u00e1 de la diversidad de colores que tienen seg\u00fan la escuela, se unan bajo una misma bandera, la Argentina\u201d<\/p>\n\n\n\n<p>Hasta el momento se vivi\u00f3 con 4\u00b0 grado el martes, 5\u00b0 el mi\u00e9rcoles y este jueves era el turno de 6\u00b0 a\u00f1os, pero, por cuestiones clim\u00e1ticas se posterg\u00f3 para la semana entrante.<\/p>\n\n\n\n<p>En el predio hubo adem\u00e1s gran cantidad de docentes, inspectores, consejeros escolares, y una gran puesta por parte de la Direcci\u00f3n de Deporte con juegos, inflables y manifestaciones recreativas. Esta es una acci\u00f3n que integra, une y permite desde la infancia crear lazos importantes para crear las bases de nuestra sociedad.<br><\/p>\n","protected":false},"excerpt":{"rendered":"<p>Por tercer a\u00f1o consecutivo se llev\u00f3 adelante el proyecto \u00abLa Bandera Nos Une\u00bb. Una idea que busca generar v\u00ednculos y &#8230; <a title=\"Nuevamente la bandera uni\u00f3 a los estudiantes\" class=\"read-more\" href=\"https:\/\/www.hoymercedes.com.ar\/principal\/2019\/10\/14\/nuevamente-la-bandera-unio-a-los-estudiantes\/\" aria-label=\"Leer m\u00e1s sobre Nuevamente la bandera uni\u00f3 a los estudiantes\">Leer m\u00e1s<\/a><\/p>\n","protected":false},"author":1,"featured_media":101352,"comment_status":"closed","ping_status":"open","sticky":false,"template":"","format":"standard","meta":{"_monsterinsights_skip_tracking":false,"_monsterinsights_sitenote_active":false,"_monsterinsights_sitenote_note":"","_monsterinsights_sitenote_category":0,"jetpack_post_was_ever_published":false,"_jetpack_newsletter_access":"","_jetpack_dont_email_post_to_subs":false,"_jetpack_newsletter_tier_id":0,"_jetpack_memberships_contains_paywalled_content":false,"_jetpack_memberships_contains_paid_content":false,"footnotes":"","jetpack_publicize_message":"","jetpack_publicize_feature_enabled":true,"jetpack_social_post_already_shared":true,"jetpack_social_options":{"image_generator_settings":{"template":"highway","default_image_id":0,"font":"","enabled":false},"version":2},"_wpas_customize_per_network":false},"categories":[30],"tags":[15846,244],"class_list":["post-101351","post","type-post","status-publish","format-standard","has-post-thumbnail","hentry","category-municipio","tag-la-banderas-nos-une","tag-municipio-2","generate-columns","tablet-grid-50","mobile-grid-100","grid-parent","grid-50"],"jetpack_publicize_connections":[],"jetpack_featured_media_url":"https:\/\/www.hoymercedes.com.ar\/principal\/wp-content\/uploads\/2019\/10\/bandera-une533.jpg","wps_subtitle":"En el Mart\u00edn Rodr\u00edguez","jetpack_sharing_enabled":true,"_links":{"self":[{"href":"https:\/\/www.hoymercedes.com.ar\/principal\/wp-json\/wp\/v2\/posts\/101351","targetHints":{"allow":["GET"]}}],"collection":[{"href":"https:\/\/www.hoymercedes.com.ar\/principal\/wp-json\/wp\/v2\/posts"}],"about":[{"href":"https:\/\/www.hoymercedes.com.ar\/principal\/wp-json\/wp\/v2\/types\/post"}],"author":[{"embeddable":true,"href":"https:\/\/www.hoymercedes.com.ar\/principal\/wp-json\/wp\/v2\/users\/1"}],"replies":[{"embeddable":true,"href":"https:\/\/www.hoymercedes.com.ar\/principal\/wp-json\/wp\/v2\/comments?post=101351"}],"version-history":[{"count":0,"href":"https:\/\/www.hoymercedes.com.ar\/principal\/wp-json\/wp\/v2\/posts\/101351\/revisions"}],"wp:featuredmedia":[{"embeddable":true,"href":"https:\/\/www.hoymercedes.com.ar\/principal\/wp-json\/wp\/v2\/media\/101352"}],"wp:attachment":[{"href":"https:\/\/www.hoymercedes.com.ar\/principal\/wp-json\/wp\/v2\/media?parent=101351"}],"wp:term":[{"taxonomy":"category","embeddable":true,"href":"https:\/\/www.hoymercedes.com.ar\/principal\/wp-json\/wp\/v2\/categories?post=101351"},{"taxonomy":"post_tag","embeddable":true,"href":"https:\/\/www.hoymercedes.com.ar\/principal\/wp-json\/wp\/v2\/tags?post=101351"}],"curies":[{"name":"wp","href":"https:\/\/api.w.org\/{rel}","templated":true}]}}