{"id":101358,"date":"2019-10-14T19:45:25","date_gmt":"2019-10-14T22:45:25","guid":{"rendered":"http:\/\/www.hoymercedes.com.ar\/principal\/?p=101358"},"modified":"2019-10-16T12:25:36","modified_gmt":"2019-10-16T15:25:36","slug":"lanzan-concurso-de-educacion-vial-para-alumnos-del-nivel-secundario","status":"publish","type":"post","link":"https:\/\/www.hoymercedes.com.ar\/principal\/2019\/10\/14\/lanzan-concurso-de-educacion-vial-para-alumnos-del-nivel-secundario\/","title":{"rendered":"Lanzan concurso de educaci\u00f3n vial para alumnos del nivel secundario"},"content":{"rendered":"\n<p><em>Los estudiantes podr\u00e1n participar del certamen realizando publicidades de radio y\/o televisi\u00f3n. El mensaje deber\u00e1 buscar la concientizaci\u00f3n en materia de seguridad vial y prevenci\u00f3n de siniestros viales. El plazo para anotarse y entregar los trabajos se extiende hasta el 8 de noviembre.<\/em><\/p>\n\n\n\n<p>La Coordinaci\u00f3n de Seguridad Vial hizo extensiva una invitaci\u00f3n a todas las escuelas, p\u00fablicas y privadas, del nivel secundario para que sus alumnos participen de un certamen que tiene como objetivo sensibilizar y concientizar sobre los siniestros viales como un tema de salud y vida, y fomentar la seguridad vial en ni\u00f1os, j\u00f3venes y adultos. La propuesta es que los estudiantes hagan publicidades para radio y\/o televisi\u00f3n.<\/p>\n\n\n\n<p>Nancy Okos, responsable del \u00e1rea de Seguridad Vial dentro de la Secretar\u00eda de Seguridad del municipio explic\u00f3 que \u201cel objetivo primordial de sensibilizar a trav\u00e9s de la comunidad educativa y familiar al resto de los ciudadanos y habitantes de Mercedes, sobre los siniestros viales. Que los ni\u00f1os y j\u00f3venes sean los principales motores para el fomento de buenas pr\u00e1cticas seguridad vial. Ellos son creativos al momento de realizar actividades y acciones en diferentes tem\u00e1ticas. En el caso de la educaci\u00f3n vial es prioritario incorporar h\u00e1bitos saludables desde el momento que iniciamos nuestro camino todos los d\u00edas\u201d.<\/p>\n\n\n\n<p>Es as\u00ed que el concurso propone que los adolescentes dise\u00f1en campa\u00f1as de bien p\u00fablico sobre la prevenci\u00f3n vial. La base del mensaje ser\u00e1 la responsabilidad y el respeto de las normas de convivencia, las consecuencias por la falta de respeto de la normativa vial, la construcci\u00f3n de un tr\u00e1nsito seguro, y la promoci\u00f3n de los derechos y deberes de los ciudadanos (peatones, ciclistas, motociclistas y automovilistas) en el tr\u00e1nsito y la v\u00eda p\u00fablica.<\/p>\n\n\n\n<p>\u201cLa idea es que los trabajos sean replicados en los medios de la comunidad. El material se convertir\u00e1 en campa\u00f1as en beneficio de fomentar pr\u00e1cticas de buenas costumbres profundizando el material y la tarea que realicen los j\u00f3venes de los diferentes niveles y modalidades educativas. Por supuesto que ser\u00e1n reconocidos los alumnos y escuelas que participen de este concurso de educaci\u00f3n vial\u201d, agreg\u00f3 Okos.<\/p>\n\n\n\n<p>El reglamento establece que los estudiantes podr\u00e1n participar de algunas de las dos disciplinas o en las dos. Una es publicidad para radio y la otra es para televisi\u00f3n. El trabajo puede presentarse de manera individual o en grupo que no supere los cuatro integrantes. Cada trabajo no puede superar el minuto de duraci\u00f3n.<\/p>\n\n\n\n<p>Los temas propuestos por el \u00e1rea municipal son:<br>&#8211;&nbsp;&nbsp;&nbsp;&nbsp;&nbsp;&nbsp;&nbsp;&nbsp;&nbsp;&nbsp;Ciclomotores y motocicletas: su uso, medidas de seguridad, edades m\u00ednimas para conducir, responsabilidad de los padres o tutores.<br>&#8211;&nbsp; &nbsp; &nbsp; &nbsp; &nbsp;&nbsp;Licencia de conducir: clases y requisitos.<br>&#8211;&nbsp;&nbsp;&nbsp;&nbsp;&nbsp;&nbsp;&nbsp;&nbsp;&nbsp;&nbsp;Autom\u00f3viles: su uso, medidas de seguridad, edades m\u00ednimas para conducir, responsabilidad&nbsp; de los padres o tutores.<br>&#8211;&nbsp;&nbsp;&nbsp;&nbsp;&nbsp;&nbsp;&nbsp;&nbsp;&nbsp;&nbsp;Los siniestros de tr\u00e1nsito: causas, medidas de prevenci\u00f3n y precauci\u00f3n.<br>&#8211;&nbsp;&nbsp;&nbsp;&nbsp;&nbsp;&nbsp;&nbsp;&nbsp;&nbsp;&nbsp;El alcohol y las drogas: incidencias en la conducci\u00f3n.<br>&#8211;&nbsp;&nbsp;&nbsp;&nbsp;&nbsp;&nbsp;&nbsp;&nbsp;&nbsp;&nbsp;Exceso de velocidad y su incidencia en los siniestros de tr\u00e1nsito.<br>&#8211;&nbsp;&nbsp;&nbsp;&nbsp;&nbsp;&nbsp;&nbsp;&nbsp;&nbsp;&nbsp;Uso del celular al conducir<br>&#8211;&nbsp;&nbsp;&nbsp;&nbsp;&nbsp;&nbsp;&nbsp;&nbsp;&nbsp;&nbsp;Comportamientos observados en la v\u00eda p\u00fablica de la ciudad<br>&#8211;&nbsp;&nbsp;&nbsp;&nbsp;&nbsp;&nbsp;&nbsp;&nbsp;&nbsp;&nbsp;Tr\u00e1nsito de la ciudad y formas de prevenci\u00f3n&nbsp;<\/p>\n\n\n\n<p>Los trabajos podr\u00e1n presentarse hasta el 8 de noviembre v\u00eda correo electr\u00f3nico a&nbsp;<a href=\"mailto:eduvial@mercedes.gob.ar\">eduvial@mercedes.gob.ar<\/a>.&nbsp; Al mismo e-mail se puede solicitar las bases y condiciones de manera completa. Desde las inspecciones educativas la invitaci\u00f3n est\u00e1 circulando en las distintas escuelas de gesti\u00f3n p\u00fablica y privada. A trav\u00e9s las direcciones de las instituciones educativas tambi\u00e9n se pueden solicitar.Cabe recordar que el D\u00eda del Estudiante Secundario se conmemora todos los 8 de octubre, a ra\u00edz de la Tragedia de Santa Fe o la Tragedia del Colegio Ecos. En 2006, alumnos de la instituci\u00f3n educativa de la ciudad de Buenos Aires hab\u00edan viajado a la provincia de Chaco para llevar adelante una actividad solidaria en la Escuela N\u00b0 375 de El Paraisal. De regreso por la ruta nacional N\u00b0 11, el colectivo en el que viajaban los alumnos y docentes choc\u00f3 contra un cami\u00f3n que circulaba zigzagueante, luego se supo que el chofer y su acompa\u00f1ante, fallecidos en el choque, estaban alcoholizados. En el siniestro vial murieron nueve estudiantes y una profesora. En homenaje a ellos, se estableci\u00f3 el 8 de octubre como el D\u00eda del Estudiante Solidaria, integrando el calendario educativo de actividades para el nivel secundario en la provincia de Buenos Aires.<br><\/p>\n","protected":false},"excerpt":{"rendered":"<p>Los estudiantes podr\u00e1n participar del certamen realizando publicidades de radio y\/o televisi\u00f3n. El mensaje deber\u00e1 buscar la concientizaci\u00f3n en materia &#8230; <a title=\"Lanzan concurso de educaci\u00f3n vial para alumnos del nivel secundario\" class=\"read-more\" href=\"https:\/\/www.hoymercedes.com.ar\/principal\/2019\/10\/14\/lanzan-concurso-de-educacion-vial-para-alumnos-del-nivel-secundario\/\" aria-label=\"Leer m\u00e1s sobre Lanzan concurso de educaci\u00f3n vial para alumnos del nivel secundario\">Leer m\u00e1s<\/a><\/p>\n","protected":false},"author":1,"featured_media":101359,"comment_status":"closed","ping_status":"open","sticky":false,"template":"","format":"standard","meta":{"_monsterinsights_skip_tracking":false,"_monsterinsights_sitenote_active":false,"_monsterinsights_sitenote_note":"","_monsterinsights_sitenote_category":0,"jetpack_post_was_ever_published":false,"_jetpack_newsletter_access":"","_jetpack_dont_email_post_to_subs":false,"_jetpack_newsletter_tier_id":0,"_jetpack_memberships_contains_paywalled_content":false,"_jetpack_memberships_contains_paid_content":false,"footnotes":"","jetpack_publicize_message":"","jetpack_publicize_feature_enabled":true,"jetpack_social_post_already_shared":true,"jetpack_social_options":{"image_generator_settings":{"template":"highway","default_image_id":0,"font":"","enabled":false},"version":2},"_wpas_customize_per_network":false},"categories":[30],"tags":[1035,244,626],"class_list":["post-101358","post","type-post","status-publish","format-standard","has-post-thumbnail","hentry","category-municipio","tag-concurso","tag-municipio-2","tag-seguridad-vial","generate-columns","tablet-grid-50","mobile-grid-100","grid-parent","grid-50"],"jetpack_publicize_connections":[],"jetpack_featured_media_url":"https:\/\/www.hoymercedes.com.ar\/principal\/wp-content\/uploads\/2019\/10\/14-conc-vial-00x800.jpg","wps_subtitle":"En el mes del estudiante solidario","jetpack_sharing_enabled":true,"_links":{"self":[{"href":"https:\/\/www.hoymercedes.com.ar\/principal\/wp-json\/wp\/v2\/posts\/101358","targetHints":{"allow":["GET"]}}],"collection":[{"href":"https:\/\/www.hoymercedes.com.ar\/principal\/wp-json\/wp\/v2\/posts"}],"about":[{"href":"https:\/\/www.hoymercedes.com.ar\/principal\/wp-json\/wp\/v2\/types\/post"}],"author":[{"embeddable":true,"href":"https:\/\/www.hoymercedes.com.ar\/principal\/wp-json\/wp\/v2\/users\/1"}],"replies":[{"embeddable":true,"href":"https:\/\/www.hoymercedes.com.ar\/principal\/wp-json\/wp\/v2\/comments?post=101358"}],"version-history":[{"count":0,"href":"https:\/\/www.hoymercedes.com.ar\/principal\/wp-json\/wp\/v2\/posts\/101358\/revisions"}],"wp:featuredmedia":[{"embeddable":true,"href":"https:\/\/www.hoymercedes.com.ar\/principal\/wp-json\/wp\/v2\/media\/101359"}],"wp:attachment":[{"href":"https:\/\/www.hoymercedes.com.ar\/principal\/wp-json\/wp\/v2\/media?parent=101358"}],"wp:term":[{"taxonomy":"category","embeddable":true,"href":"https:\/\/www.hoymercedes.com.ar\/principal\/wp-json\/wp\/v2\/categories?post=101358"},{"taxonomy":"post_tag","embeddable":true,"href":"https:\/\/www.hoymercedes.com.ar\/principal\/wp-json\/wp\/v2\/tags?post=101358"}],"curies":[{"name":"wp","href":"https:\/\/api.w.org\/{rel}","templated":true}]}}