{"id":101362,"date":"2019-10-14T19:35:51","date_gmt":"2019-10-14T22:35:51","guid":{"rendered":"http:\/\/www.hoymercedes.com.ar\/principal\/?p=101362"},"modified":"2019-10-14T19:35:58","modified_gmt":"2019-10-14T22:35:58","slug":"baja-el-agua-y-evacuados-empiezan-a-volver-a-sus-casas","status":"publish","type":"post","link":"https:\/\/www.hoymercedes.com.ar\/principal\/2019\/10\/14\/baja-el-agua-y-evacuados-empiezan-a-volver-a-sus-casas\/","title":{"rendered":"Baja el agua y evacuados empiezan a volver a sus casas"},"content":{"rendered":"\n<figure class=\"wp-block-image\"><img loading=\"lazy\" decoding=\"async\" width=\"1000\" height=\"750\" data-attachment-id=\"101363\" data-permalink=\"https:\/\/www.hoymercedes.com.ar\/principal\/2019\/10\/14\/baja-el-agua-y-evacuados-empiezan-a-volver-a-sus-casas\/inundacion-43-10-20193\/#main\" data-orig-file=\"https:\/\/www.hoymercedes.com.ar\/principal\/wp-content\/uploads\/2019\/10\/Inundacion-43.10.20193.jpg\" data-orig-size=\"1000,750\" data-comments-opened=\"0\" data-image-meta=\"{&quot;aperture&quot;:&quot;0&quot;,&quot;credit&quot;:&quot;&quot;,&quot;camera&quot;:&quot;&quot;,&quot;caption&quot;:&quot;&quot;,&quot;created_timestamp&quot;:&quot;0&quot;,&quot;copyright&quot;:&quot;&quot;,&quot;focal_length&quot;:&quot;0&quot;,&quot;iso&quot;:&quot;0&quot;,&quot;shutter_speed&quot;:&quot;0&quot;,&quot;title&quot;:&quot;&quot;,&quot;orientation&quot;:&quot;0&quot;}\" data-image-title=\"Inundacion-43.10.20193\" data-image-description=\"\" data-image-caption=\"&lt;p&gt;Protecci\u00f3n Civil asistiendo a los vecinos&lt;\/p&gt;\n\" data-large-file=\"https:\/\/www.hoymercedes.com.ar\/principal\/wp-content\/uploads\/2019\/10\/Inundacion-43.10.20193.jpg\" src=\"https:\/\/www.hoymercedes.com.ar\/principal\/wp-content\/uploads\/2019\/10\/Inundacion-43.10.20193.jpg\" alt=\"\" class=\"wp-image-101363\" srcset=\"https:\/\/www.hoymercedes.com.ar\/principal\/wp-content\/uploads\/2019\/10\/Inundacion-43.10.20193.jpg 1000w, https:\/\/www.hoymercedes.com.ar\/principal\/wp-content\/uploads\/2019\/10\/Inundacion-43.10.20193-150x113.jpg 150w, https:\/\/www.hoymercedes.com.ar\/principal\/wp-content\/uploads\/2019\/10\/Inundacion-43.10.20193-630x473.jpg 630w\" sizes=\"auto, (max-width: 1000px) 100vw, 1000px\" \/><figcaption>Protecci\u00f3n Civil asistiendo a los vecinos<\/figcaption><\/figure>\n\n\n\n<p>El R\u00edo Luj\u00e1n empez\u00f3 a dar un leve descenso, m\u00e1s del esperado, pero menos del deseado. La asistencia del Municipio contin\u00faa mientras que algunas \u00e1reas sostienen la guardia las 24hs. Con m\u00e1s de 70mm ca\u00eddos en el casco urbano y m\u00e1s de 150 en toda la regi\u00f3n la situaci\u00f3n no fue sencilla. A\u00fan quedan 8 adultos y 6 menores evacuados. <\/p>\n\n\n\n<p>Durante la jornada de este lunes de las 12 familias evacuadas quedan 8 adultos 6 ni\u00f1os en el predio del Mart\u00edn Rodriguez donde se hizo una base de atenci\u00f3n, el resto ya retom\u00f3 a sus hogares tras la baja del agua. Especial \u00e9nfasis se tiene con quienes son adultos mayores.<\/p>\n\n\n\n<figure class=\"wp-block-image\"><img loading=\"lazy\" decoding=\"async\" width=\"1000\" height=\"750\" data-attachment-id=\"101364\" data-permalink=\"https:\/\/www.hoymercedes.com.ar\/principal\/2019\/10\/14\/baja-el-agua-y-evacuados-empiezan-a-volver-a-sus-casas\/inundacion-43-10-201912\/#main\" data-orig-file=\"https:\/\/www.hoymercedes.com.ar\/principal\/wp-content\/uploads\/2019\/10\/Inundacion-43.10.201912.jpg\" data-orig-size=\"1000,750\" data-comments-opened=\"0\" data-image-meta=\"{&quot;aperture&quot;:&quot;0&quot;,&quot;credit&quot;:&quot;&quot;,&quot;camera&quot;:&quot;&quot;,&quot;caption&quot;:&quot;&quot;,&quot;created_timestamp&quot;:&quot;0&quot;,&quot;copyright&quot;:&quot;&quot;,&quot;focal_length&quot;:&quot;0&quot;,&quot;iso&quot;:&quot;0&quot;,&quot;shutter_speed&quot;:&quot;0&quot;,&quot;title&quot;:&quot;&quot;,&quot;orientation&quot;:&quot;0&quot;}\" data-image-title=\"Inundacion-43.10.201912\" data-image-description=\"\" data-image-caption=\"\" data-large-file=\"https:\/\/www.hoymercedes.com.ar\/principal\/wp-content\/uploads\/2019\/10\/Inundacion-43.10.201912.jpg\" src=\"https:\/\/www.hoymercedes.com.ar\/principal\/wp-content\/uploads\/2019\/10\/Inundacion-43.10.201912.jpg\" alt=\"\" class=\"wp-image-101364\" srcset=\"https:\/\/www.hoymercedes.com.ar\/principal\/wp-content\/uploads\/2019\/10\/Inundacion-43.10.201912.jpg 1000w, https:\/\/www.hoymercedes.com.ar\/principal\/wp-content\/uploads\/2019\/10\/Inundacion-43.10.201912-150x113.jpg 150w, https:\/\/www.hoymercedes.com.ar\/principal\/wp-content\/uploads\/2019\/10\/Inundacion-43.10.201912-630x473.jpg 630w\" sizes=\"auto, (max-width: 1000px) 100vw, 1000px\" \/><figcaption>Municipalidad asistiendo a vecinos<\/figcaption><\/figure>\n\n\n\n<p>La cuenca del R\u00edo Luj\u00e1n ha vuelto\na desbordarse en Mercedes, Luj\u00e1n, Pilar, entre otros sectores, afectando a\ncientos de bonaerenses que esperan ejecuten el pr\u00e9stamo asignado a la\ngobernadora Vidal por 100 millones de CAF desde 2016 y est\u00e1 sin usarse. <\/p>\n\n\n\n<p>Por lo pronto, se espera en las pr\u00f3ximas horas contin\u00fae bajando el agua, pero, el pron\u00f3stico, para las pr\u00f3ximas jornadas tiende a no ser muy favorable. <\/p>\n\n\n\n<figure class=\"wp-block-image\"><img loading=\"lazy\" decoding=\"async\" width=\"1000\" height=\"750\" data-attachment-id=\"101365\" data-permalink=\"https:\/\/www.hoymercedes.com.ar\/principal\/2019\/10\/14\/baja-el-agua-y-evacuados-empiezan-a-volver-a-sus-casas\/inundacion-43-10-201911\/#main\" data-orig-file=\"https:\/\/www.hoymercedes.com.ar\/principal\/wp-content\/uploads\/2019\/10\/Inundacion-43.10.201911.jpg\" data-orig-size=\"1000,750\" data-comments-opened=\"0\" data-image-meta=\"{&quot;aperture&quot;:&quot;0&quot;,&quot;credit&quot;:&quot;&quot;,&quot;camera&quot;:&quot;&quot;,&quot;caption&quot;:&quot;&quot;,&quot;created_timestamp&quot;:&quot;0&quot;,&quot;copyright&quot;:&quot;&quot;,&quot;focal_length&quot;:&quot;0&quot;,&quot;iso&quot;:&quot;0&quot;,&quot;shutter_speed&quot;:&quot;0&quot;,&quot;title&quot;:&quot;&quot;,&quot;orientation&quot;:&quot;0&quot;}\" data-image-title=\"Inundacion-43.10.201911\" data-image-description=\"\" data-image-caption=\"\" data-large-file=\"https:\/\/www.hoymercedes.com.ar\/principal\/wp-content\/uploads\/2019\/10\/Inundacion-43.10.201911.jpg\" src=\"https:\/\/www.hoymercedes.com.ar\/principal\/wp-content\/uploads\/2019\/10\/Inundacion-43.10.201911.jpg\" alt=\"\" class=\"wp-image-101365\" srcset=\"https:\/\/www.hoymercedes.com.ar\/principal\/wp-content\/uploads\/2019\/10\/Inundacion-43.10.201911.jpg 1000w, https:\/\/www.hoymercedes.com.ar\/principal\/wp-content\/uploads\/2019\/10\/Inundacion-43.10.201911-150x113.jpg 150w, https:\/\/www.hoymercedes.com.ar\/principal\/wp-content\/uploads\/2019\/10\/Inundacion-43.10.201911-630x473.jpg 630w\" sizes=\"auto, (max-width: 1000px) 100vw, 1000px\" \/><figcaption>Entrega de agua potable<\/figcaption><\/figure>\n","protected":false},"excerpt":{"rendered":"<p>El R\u00edo Luj\u00e1n empez\u00f3 a dar un leve descenso, m\u00e1s del esperado, pero menos del deseado. La asistencia del Municipio &#8230; <a title=\"Baja el agua y evacuados empiezan a volver a sus casas\" class=\"read-more\" href=\"https:\/\/www.hoymercedes.com.ar\/principal\/2019\/10\/14\/baja-el-agua-y-evacuados-empiezan-a-volver-a-sus-casas\/\" aria-label=\"Leer m\u00e1s sobre Baja el agua y evacuados empiezan a volver a sus casas\">Leer m\u00e1s<\/a><\/p>\n","protected":false},"author":1,"featured_media":101364,"comment_status":"closed","ping_status":"open","sticky":false,"template":"","format":"standard","meta":{"_monsterinsights_skip_tracking":false,"_monsterinsights_sitenote_active":false,"_monsterinsights_sitenote_note":"","_monsterinsights_sitenote_category":0,"jetpack_post_was_ever_published":false,"_jetpack_newsletter_access":"","_jetpack_dont_email_post_to_subs":false,"_jetpack_newsletter_tier_id":0,"_jetpack_memberships_contains_paywalled_content":false,"_jetpack_memberships_contains_paid_content":false,"footnotes":"","jetpack_publicize_message":"","jetpack_publicize_feature_enabled":true,"jetpack_social_post_already_shared":true,"jetpack_social_options":{"image_generator_settings":{"template":"highway","default_image_id":0,"font":"","enabled":false},"version":2},"_wpas_customize_per_network":false},"categories":[8],"tags":[2649],"class_list":["post-101362","post","type-post","status-publish","format-standard","has-post-thumbnail","hentry","category-sociedad","tag-inundacion-en-mercedes","generate-columns","tablet-grid-50","mobile-grid-100","grid-parent","grid-50"],"jetpack_publicize_connections":[],"jetpack_featured_media_url":"https:\/\/www.hoymercedes.com.ar\/principal\/wp-content\/uploads\/2019\/10\/Inundacion-43.10.201912.jpg","wps_subtitle":"Preocupante ","jetpack_sharing_enabled":true,"_links":{"self":[{"href":"https:\/\/www.hoymercedes.com.ar\/principal\/wp-json\/wp\/v2\/posts\/101362","targetHints":{"allow":["GET"]}}],"collection":[{"href":"https:\/\/www.hoymercedes.com.ar\/principal\/wp-json\/wp\/v2\/posts"}],"about":[{"href":"https:\/\/www.hoymercedes.com.ar\/principal\/wp-json\/wp\/v2\/types\/post"}],"author":[{"embeddable":true,"href":"https:\/\/www.hoymercedes.com.ar\/principal\/wp-json\/wp\/v2\/users\/1"}],"replies":[{"embeddable":true,"href":"https:\/\/www.hoymercedes.com.ar\/principal\/wp-json\/wp\/v2\/comments?post=101362"}],"version-history":[{"count":0,"href":"https:\/\/www.hoymercedes.com.ar\/principal\/wp-json\/wp\/v2\/posts\/101362\/revisions"}],"wp:featuredmedia":[{"embeddable":true,"href":"https:\/\/www.hoymercedes.com.ar\/principal\/wp-json\/wp\/v2\/media\/101364"}],"wp:attachment":[{"href":"https:\/\/www.hoymercedes.com.ar\/principal\/wp-json\/wp\/v2\/media?parent=101362"}],"wp:term":[{"taxonomy":"category","embeddable":true,"href":"https:\/\/www.hoymercedes.com.ar\/principal\/wp-json\/wp\/v2\/categories?post=101362"},{"taxonomy":"post_tag","embeddable":true,"href":"https:\/\/www.hoymercedes.com.ar\/principal\/wp-json\/wp\/v2\/tags?post=101362"}],"curies":[{"name":"wp","href":"https:\/\/api.w.org\/{rel}","templated":true}]}}