{"id":101374,"date":"2019-10-14T21:00:56","date_gmt":"2019-10-15T00:00:56","guid":{"rendered":"http:\/\/www.hoymercedes.com.ar\/principal\/?p=101374"},"modified":"2019-10-14T21:14:24","modified_gmt":"2019-10-15T00:14:24","slug":"importante-reunion-de-trabajo-entre-observatorio-de-seguridad-comunal-y-direccion-del-observaria-vial-provincial","status":"publish","type":"post","link":"https:\/\/www.hoymercedes.com.ar\/principal\/2019\/10\/14\/importante-reunion-de-trabajo-entre-observatorio-de-seguridad-comunal-y-direccion-del-observaria-vial-provincial\/","title":{"rendered":"Importante reuni\u00f3n de trabajo entre Observatorio de Seguridad Comunal y Direcci\u00f3n del Observar\u00eda Vial Provincial"},"content":{"rendered":"\n<figure class=\"wp-block-image\"><img loading=\"lazy\" decoding=\"async\" width=\"948\" height=\"632\" data-attachment-id=\"101375\" data-permalink=\"https:\/\/www.hoymercedes.com.ar\/principal\/2019\/10\/14\/importante-reunion-de-trabajo-entre-observatorio-de-seguridad-comunal-y-direccion-del-observaria-vial-provincial\/obervatorio-1\/#main\" data-orig-file=\"https:\/\/www.hoymercedes.com.ar\/principal\/wp-content\/uploads\/2019\/10\/Obervatorio-1.jpg\" data-orig-size=\"948,632\" data-comments-opened=\"0\" data-image-meta=\"{&quot;aperture&quot;:&quot;0&quot;,&quot;credit&quot;:&quot;&quot;,&quot;camera&quot;:&quot;&quot;,&quot;caption&quot;:&quot;&quot;,&quot;created_timestamp&quot;:&quot;0&quot;,&quot;copyright&quot;:&quot;&quot;,&quot;focal_length&quot;:&quot;0&quot;,&quot;iso&quot;:&quot;0&quot;,&quot;shutter_speed&quot;:&quot;0&quot;,&quot;title&quot;:&quot;&quot;,&quot;orientation&quot;:&quot;0&quot;}\" data-image-title=\"Obervatorio-1\" data-image-description=\"\" data-image-caption=\"\" data-large-file=\"https:\/\/www.hoymercedes.com.ar\/principal\/wp-content\/uploads\/2019\/10\/Obervatorio-1.jpg\" src=\"https:\/\/www.hoymercedes.com.ar\/principal\/wp-content\/uploads\/2019\/10\/Obervatorio-1.jpg\" alt=\"\" class=\"wp-image-101375\" srcset=\"https:\/\/www.hoymercedes.com.ar\/principal\/wp-content\/uploads\/2019\/10\/Obervatorio-1.jpg 948w, https:\/\/www.hoymercedes.com.ar\/principal\/wp-content\/uploads\/2019\/10\/Obervatorio-1-150x100.jpg 150w, https:\/\/www.hoymercedes.com.ar\/principal\/wp-content\/uploads\/2019\/10\/Obervatorio-1-630x420.jpg 630w\" sizes=\"auto, (max-width: 948px) 100vw, 948px\" \/><figcaption>El encuentro se realiz\u00f3 en Mercedes <\/figcaption><\/figure>\n\n\n\n<p>Un nuevo encuentro en pos de la\nseguridad vial y la planificaci\u00f3n se llev\u00f3 a cabo en nuestra ciudad. En esta\nocasi\u00f3n con la promoci\u00f3n de la Municipalidad de Mercedes se produjo una reuni\u00f3n\ncon la presencia del intendente Dr. Ustarroz y el director provincial Pedro\nScarpinelli. La reuni\u00f3n tuvo el objetivo de realizar un balance del\nobservatorio de seguridad municipal que funciona desde el a\u00f1o 2016 en la \u00f3rbita\nde la secretar\u00eda de seguridad, y que desde el a\u00f1o 2017 integra la red\nprovincial de observatorios, siendo una de las pocas ciudades que fueron\nincluidas por el trabajo realizado.<\/p>\n\n\n\n<p>El encuentro cont\u00f3 tambi\u00e9n con la\npresencia del director de seguridad Esteban Rossi, la sub sub secretaria Clara\nZunino, el director del hospital Dubarry, la coordinadora del observatorio\nmunicipal Lurdes Garc\u00eda Moreno, la coordinadora de tr\u00e1nsito Nancy Okos, el\ncomisario inspector Sergio Macedo e integrantes de Protecci\u00f3n Civil, adem\u00e1s del\nprimer mandatario local, Juan Ustarroz. <\/p>\n\n\n\n<p><strong>Trabajos<\/strong><\/p>\n\n\n\n<p>En 2016 la Municipalidad crea el\nObservatorio de Seguridad siendo un paso clave para que en 2017 la Provincia, reconociendo\nel trabajo efectuado, convirtiera a Mercedes en una de las 15 de todo el\nterritorio bonaerense al ser incluido en la Primera Red de municipios del\nObservatorio Provincial de Seguridad Vial firmando convenio con la Direcci\u00f3n\nProvincial de Pol\u00edticas de Seguridad Vial. <\/p>\n\n\n\n<p>Desde entonces la Municipalidad\nse ha ido generando diversas acciones como capacitaciones en centros de jubilados,\nescuelas, clubes, mejorado la atenci\u00f3n en t\u00e9rminos de tr\u00e1mites y gesti\u00f3n,\ncreado el centro de impresi\u00f3n local de carnet incluyendo tecnolog\u00eda y\nherramientas, creando el \u201ccompromiso por la seguridad vial\u201d con distintos\nactores locales y muy valioso el primer observatorio municipal con epicentro en\nel Centro de Monitoreo donde hay registros, mapas y estad\u00edsticas, promoviendo\nel compromiso en seguridad vial. <\/p>\n\n\n\n<p><strong>Reuni\u00f3n<\/strong><\/p>\n\n\n\n<p>El encuentro que se concret\u00f3 en\nnuestra ciudad dur\u00f3 varias horas y permiti\u00f3 articular en t\u00e9rminos de\nestad\u00edsticas y herramientas de gesti\u00f3n en torno de uno de los asuntos m\u00e1s\ncomplejos y que m\u00e1s intervenci\u00f3n y consciencia ciudadana requiere: la seguridad\nvial y el respeto de las normas.<\/p>\n\n\n\n<p><strong>Hubo, tambi\u00e9n, un repaso por las estad\u00edsticas de los \u00faltimos a\u00f1os a\nnivel local y bonaerense. <\/strong><\/p>\n\n\n\n<p><strong>Importancia<\/strong><\/p>\n\n\n\n<p>Para el intendente Ustarroz \u201ceste\ntipo de encuentros son muy valiosos dado que no se centran en lo burocr\u00e1tico,\nsino en articular herramientas y acciones desde diferentes niveles del Estado e\ninstituciones que apunten en mejorar la seguridad vial y el cuidado de la vida\u201d\nmencion\u00f3 sin olvidar que \u201cen Mercedes tenemos actores como Estrellas Amarillas\nque trabajan mucho en la concientizaci\u00f3n, como as\u00ed tambi\u00e9n nuestra coordinaci\u00f3n\ncon Nancy OKos y todo el equipo de la Secretar\u00eda de Seguridad y el observatorio\ndin\u00e1mico que tenemos funcionando, pero, sin duda, en algo estamos todos de\nacuerdo y es que en t\u00e9rminos de cuidado de la vida nunca nada es suficiente as\u00ed\nque estamos muy satisfechos de poder avanzar en m\u00e1s pol\u00edticas p\u00fablicas\u201d afirm\u00f3.\n<\/p>\n\n\n\n<p><strong>Futuro<\/strong><\/p>\n\n\n\n<p>Se supo tambi\u00e9n que habr\u00e1 m\u00e1s encuentros, sumando herramientas y buscando una mejor articulaci\u00f3n, especialmente con aquellas instituciones que a\u00fan no hab\u00edan suministrados elementos estad\u00edsticos, tal como lo hace la Comuna desde su observatorio.<\/p>\n\n\n\n<p>Fuente: Sec. Seguridad <\/p>\n","protected":false},"excerpt":{"rendered":"<p>Un nuevo encuentro en pos de la seguridad vial y la planificaci\u00f3n se llev\u00f3 a cabo en nuestra ciudad. En &#8230; <a title=\"Importante reuni\u00f3n de trabajo entre Observatorio de Seguridad Comunal y Direcci\u00f3n del Observar\u00eda Vial Provincial\" class=\"read-more\" href=\"https:\/\/www.hoymercedes.com.ar\/principal\/2019\/10\/14\/importante-reunion-de-trabajo-entre-observatorio-de-seguridad-comunal-y-direccion-del-observaria-vial-provincial\/\" aria-label=\"Leer m\u00e1s sobre Importante reuni\u00f3n de trabajo entre Observatorio de Seguridad Comunal y Direcci\u00f3n del Observar\u00eda Vial Provincial\">Leer m\u00e1s<\/a><\/p>\n","protected":false},"author":1,"featured_media":101375,"comment_status":"closed","ping_status":"open","sticky":false,"template":"","format":"standard","meta":{"_monsterinsights_skip_tracking":false,"_monsterinsights_sitenote_active":false,"_monsterinsights_sitenote_note":"","_monsterinsights_sitenote_category":0,"jetpack_post_was_ever_published":false,"_jetpack_newsletter_access":"","_jetpack_dont_email_post_to_subs":false,"_jetpack_newsletter_tier_id":0,"_jetpack_memberships_contains_paywalled_content":false,"_jetpack_memberships_contains_paid_content":false,"footnotes":"","jetpack_publicize_message":"","jetpack_publicize_feature_enabled":true,"jetpack_social_post_already_shared":true,"jetpack_social_options":{"image_generator_settings":{"template":"highway","default_image_id":0,"font":"","enabled":false},"version":2},"_wpas_customize_per_network":false},"categories":[30],"tags":[626],"class_list":["post-101374","post","type-post","status-publish","format-standard","has-post-thumbnail","hentry","category-municipio","tag-seguridad-vial","generate-columns","tablet-grid-50","mobile-grid-100","grid-parent","grid-50"],"jetpack_publicize_connections":[],"jetpack_featured_media_url":"https:\/\/www.hoymercedes.com.ar\/principal\/wp-content\/uploads\/2019\/10\/Obervatorio-1.jpg","wps_subtitle":"Seguridad Vial ","jetpack_sharing_enabled":true,"_links":{"self":[{"href":"https:\/\/www.hoymercedes.com.ar\/principal\/wp-json\/wp\/v2\/posts\/101374","targetHints":{"allow":["GET"]}}],"collection":[{"href":"https:\/\/www.hoymercedes.com.ar\/principal\/wp-json\/wp\/v2\/posts"}],"about":[{"href":"https:\/\/www.hoymercedes.com.ar\/principal\/wp-json\/wp\/v2\/types\/post"}],"author":[{"embeddable":true,"href":"https:\/\/www.hoymercedes.com.ar\/principal\/wp-json\/wp\/v2\/users\/1"}],"replies":[{"embeddable":true,"href":"https:\/\/www.hoymercedes.com.ar\/principal\/wp-json\/wp\/v2\/comments?post=101374"}],"version-history":[{"count":0,"href":"https:\/\/www.hoymercedes.com.ar\/principal\/wp-json\/wp\/v2\/posts\/101374\/revisions"}],"wp:featuredmedia":[{"embeddable":true,"href":"https:\/\/www.hoymercedes.com.ar\/principal\/wp-json\/wp\/v2\/media\/101375"}],"wp:attachment":[{"href":"https:\/\/www.hoymercedes.com.ar\/principal\/wp-json\/wp\/v2\/media?parent=101374"}],"wp:term":[{"taxonomy":"category","embeddable":true,"href":"https:\/\/www.hoymercedes.com.ar\/principal\/wp-json\/wp\/v2\/categories?post=101374"},{"taxonomy":"post_tag","embeddable":true,"href":"https:\/\/www.hoymercedes.com.ar\/principal\/wp-json\/wp\/v2\/tags?post=101374"}],"curies":[{"name":"wp","href":"https:\/\/api.w.org\/{rel}","templated":true}]}}