{"id":10138,"date":"2011-12-30T11:23:05","date_gmt":"2011-12-30T11:23:05","guid":{"rendered":"http:\/\/www.hoymercedes.com.ar\/principal\/?p=10138"},"modified":"2011-12-30T11:23:05","modified_gmt":"2011-12-30T11:23:05","slug":"el-concejo-deliberante-suspendio-por-90-dias-autorizaciones-para-instalar-antenas","status":"publish","type":"post","link":"https:\/\/www.hoymercedes.com.ar\/principal\/2011\/12\/30\/el-concejo-deliberante-suspendio-por-90-dias-autorizaciones-para-instalar-antenas\/","title":{"rendered":"El Concejo Deliberante suspendi\u00f3 por 90 d\u00edas autorizaciones para instalar antenas"},"content":{"rendered":"<p>La medida obedece a la necesidad del Cuerpo Deliberativo de analizar cuidadosamente el texto del nuevo proyecto de ordenanza enviado por el Departamento Ejecutivo reglamentando la instalaci\u00f3n de m\u00e1stiles que contengan antenas que irradien ondas electromagn\u00e9ticas especialmente para Internet o telefon\u00eda celular.<\/p>\n<p>Tal como se hab\u00eda anunciado se llev\u00f3 a cabo ayer la sesi\u00f3n extraordinaria del concejo Deliberante donde principalmente se trat\u00f3 el tema relacionado con las autorizaciones para instalar m\u00e1stiles que contengan antenas emisoras de onda electromagn\u00e9ticas para Internet o telefon\u00eda celular en nuestro partido.<\/p>\n<p>La reuni\u00f3n cont\u00f3 con la participaci\u00f3n de un grupo de vecinos que desde hace varios meses vienen denunciando la colocaci\u00f3n de manera no autorizada y en lugares no habilitados de los citados elementos habiendo solicitado en reiteradas oportunidades una nueva Ordenanza que delimite de manera definitiva cuales son los sectores en los cuales las antenas podr\u00e1n instalarse y que tipo de uso tendr\u00e1n habida cuenta de la cantidad de intentos, la mayor\u00eda abortados gracias al trabajo de denuncias y movilizaciones efectuadas pese a que las empresas encargadas de sus instalaciones nunca dieron al menos de manera p\u00fablica y oficial mayores datos t\u00e9cnicos acerca de los elementos instalados.<\/p>\n<p>Ayer los concejales resolvieron suspender por el t\u00e9rmino de noventa d\u00edas (90) el otorgamiento por parte de la Municipalidad del Partido de Mercedes de permisos para colocar antenas en toda la superficie del mismo.<\/p>\n<p>\u201cLa decisi\u00f3n tiene que ver-expresaron los ediles- con la necesidad que tenemos todos los concejales de estudiar bien a fondo toda la problem\u00e1tica que la instalaci\u00f3n de este tipo de m\u00e1stiles genera para los vecinos que residen en las proximidades del lugar elegido no solo por el peligro que pueda representar en materia de seguridad ante alg\u00fan eventual imponderable que genere la ca\u00edda de la misma sino por los efectos de las ondas que propaga que seg\u00fan se desprende de varios informes dados a conocer son altamente contaminantes al medio ambientes y perjudiciales para la salud humana.<\/p>\n<p>Para esto los presidentes de los diferentes bloques nos hab\u00edamos reunido con el intendente para analizar el tema y finalmente se tom\u00f3 la decisi\u00f3n de efectuar en el marco de las Comisiones efectuar un estudio m\u00e1s profundo incluso con la posibilidad de efectuar consultas a personas realmente capacitadas en el tema, de hecho durante la sesi\u00f3n de hoy repitiendo una practica que iniciara durante su presidencia el Dr. Mart\u00edn Zubeld\u00eda de permitir la palabra a alg\u00fan vecinos acerca de un tema puntual directamente desde la barra sin pasar por todo lo reglamentado para la Banca Participativa, Claudio Guevara comenz\u00f3 a darnos una serie de informes que entendemos con significativos.<\/p>\n<p>Por otra parte como el Concejo se encuentra en receso para sus sesiones ordinarias y las tareas de las comisiones suspendidas hasta abril del a\u00f1o pr\u00f3ximo, la idea es en el macro de las extraordinarias reunirnos la mayor cantidad de concejales posibles en una especie de Comisi\u00f3n Ampliada, de es forma suplimos la situaci\u00f3n que tenemos debido a lo que establecen las leyes vigentes en materia del funcionamiento de los Concejos Deliberantes en la Provincia de Buenos Aires\u201d.<\/p>\n<p>El Concejo tambi\u00e9n dio ayer el visto bueno por unanimidad al convenio que oportunamente firmara el Intendente Carlos Selva con representantes de la Agencia nacional de Seguridad Vial para implementar en nuestro territorio diversos programas relacionados con la seguridad en el tr\u00e1nsito.<\/p>\n","protected":false},"excerpt":{"rendered":"<p>La medida obedece a la necesidad del Cuerpo Deliberativo de analizar cuidadosamente el texto del nuevo proyecto de ordenanza enviado &#8230; <a title=\"El Concejo Deliberante suspendi\u00f3 por 90 d\u00edas autorizaciones para instalar antenas\" class=\"read-more\" href=\"https:\/\/www.hoymercedes.com.ar\/principal\/2011\/12\/30\/el-concejo-deliberante-suspendio-por-90-dias-autorizaciones-para-instalar-antenas\/\" aria-label=\"Leer m\u00e1s sobre El Concejo Deliberante suspendi\u00f3 por 90 d\u00edas autorizaciones para instalar antenas\">Leer m\u00e1s<\/a><\/p>\n","protected":false},"author":1,"featured_media":0,"comment_status":"open","ping_status":"open","sticky":false,"template":"","format":"standard","meta":{"_monsterinsights_skip_tracking":false,"_monsterinsights_sitenote_active":false,"_monsterinsights_sitenote_note":"","_monsterinsights_sitenote_category":0,"jetpack_post_was_ever_published":false,"_jetpack_newsletter_access":"","_jetpack_dont_email_post_to_subs":false,"_jetpack_newsletter_tier_id":0,"_jetpack_memberships_contains_paywalled_content":false,"_jetpack_memberships_contains_paid_content":false,"footnotes":"","jetpack_publicize_message":"","jetpack_publicize_feature_enabled":true,"jetpack_social_post_already_shared":false,"jetpack_social_options":{"image_generator_settings":{"template":"highway","default_image_id":0,"font":"","enabled":false},"version":2},"_wpas_customize_per_network":false},"categories":[5],"tags":[1514,236],"class_list":["post-10138","post","type-post","status-publish","format-standard","hentry","category-politica","tag-antenas","tag-concejo-deliberante","generate-columns","tablet-grid-50","mobile-grid-100","grid-parent","grid-50"],"jetpack_publicize_connections":[],"jetpack_featured_media_url":"","wps_subtitle":"","jetpack_sharing_enabled":true,"_links":{"self":[{"href":"https:\/\/www.hoymercedes.com.ar\/principal\/wp-json\/wp\/v2\/posts\/10138","targetHints":{"allow":["GET"]}}],"collection":[{"href":"https:\/\/www.hoymercedes.com.ar\/principal\/wp-json\/wp\/v2\/posts"}],"about":[{"href":"https:\/\/www.hoymercedes.com.ar\/principal\/wp-json\/wp\/v2\/types\/post"}],"author":[{"embeddable":true,"href":"https:\/\/www.hoymercedes.com.ar\/principal\/wp-json\/wp\/v2\/users\/1"}],"replies":[{"embeddable":true,"href":"https:\/\/www.hoymercedes.com.ar\/principal\/wp-json\/wp\/v2\/comments?post=10138"}],"version-history":[{"count":0,"href":"https:\/\/www.hoymercedes.com.ar\/principal\/wp-json\/wp\/v2\/posts\/10138\/revisions"}],"wp:attachment":[{"href":"https:\/\/www.hoymercedes.com.ar\/principal\/wp-json\/wp\/v2\/media?parent=10138"}],"wp:term":[{"taxonomy":"category","embeddable":true,"href":"https:\/\/www.hoymercedes.com.ar\/principal\/wp-json\/wp\/v2\/categories?post=10138"},{"taxonomy":"post_tag","embeddable":true,"href":"https:\/\/www.hoymercedes.com.ar\/principal\/wp-json\/wp\/v2\/tags?post=10138"}],"curies":[{"name":"wp","href":"https:\/\/api.w.org\/{rel}","templated":true}]}}