{"id":101387,"date":"2019-10-15T23:34:18","date_gmt":"2019-10-16T02:34:18","guid":{"rendered":"http:\/\/www.hoymercedes.com.ar\/principal\/?p=101387"},"modified":"2019-10-16T12:24:31","modified_gmt":"2019-10-16T15:24:31","slug":"con-una-barreta-y-una-maniobra-de-engano-un-delincuente-intento-asaltar-a-elsa-palleros","status":"publish","type":"post","link":"https:\/\/www.hoymercedes.com.ar\/principal\/2019\/10\/15\/con-una-barreta-y-una-maniobra-de-engano-un-delincuente-intento-asaltar-a-elsa-palleros\/","title":{"rendered":"Con una barreta y una maniobra de enga\u00f1o, un delincuente intent\u00f3 asaltar a Elsa Palleros"},"content":{"rendered":"\n<p>Fue el s\u00e1bado a la madrugada, aproximadamente a la hora 5.30 cuando un sujeto que fingi\u00f3 un sobrenombre y un ardid, al ver que no pudo entrar, rompi\u00f3 un vidrio y ante el sonido de la alarma, luego huy\u00f3. <\/p>\n\n\n\n<p>En horas de la madrugada del s\u00e1bado, un peligroso delincuente intent\u00f3 robar en la casa de Elsa Palleros, una de las personas m\u00e1s queridas de la ciudad, desde su vinculaci\u00f3n con tantos miles de j\u00f3venes desde su atenci\u00f3n en el Club Comunicaciones.<\/p>\n\n\n\n<p>El repudiable acto delictivo de invasi\u00f3n a la propiedad, intento de robo, agravado por el uso de un elemento contundente para atacar a la v\u00edctima, se produjo en su domicilio de calle 53 entre 18 y 20 (N\u00ba 419), y que tuvo hasta golpes en la puerta principal de entrada, aproximadamente a la hora 5.30, probablemente para probar si hab\u00eda alguien en el interior de la vivienda.<\/p>\n\n\n\n<p>Al escuchar que de adentro, la propietaria contest\u00f3, dando cuenta de su presencia, pero sin salir jam\u00e1s del interior de la vivienda, ante lo cual el malviviente pidi\u00f3 entrar alegando que lo segu\u00eda la polic\u00eda, \u201cinjustificadamente\u201d. Cuando Elsa pregunt\u00f3 qui\u00e9n era, dijo llamarse \u201cCaco\u201d o \u201cTaco\u201d, nunca dio el nombre, provocando luego que el encendido de la alarma domiciliaria de la empresa de seguridad que hace vigilancia en la zona (Monitoreo San Andr\u00e9s).<\/p>\n\n\n\n<p>Expuesto y sin poder enga\u00f1ar a nadie, el sujeto, que luego se supo, llevaba una barreta, rompi\u00f3 el vidrio de la puerta principal y huy\u00f3, dejando en el lugar ele elemento contundente con el que pudo haber cometido una tragedia.<\/p>\n","protected":false},"excerpt":{"rendered":"<p>Fue el s\u00e1bado a la madrugada, aproximadamente a la hora 5.30 cuando un sujeto que fingi\u00f3 un sobrenombre y un &#8230; <a title=\"Con una barreta y una maniobra de enga\u00f1o, un delincuente intent\u00f3 asaltar a Elsa Palleros\" class=\"read-more\" href=\"https:\/\/www.hoymercedes.com.ar\/principal\/2019\/10\/15\/con-una-barreta-y-una-maniobra-de-engano-un-delincuente-intento-asaltar-a-elsa-palleros\/\" aria-label=\"Leer m\u00e1s sobre Con una barreta y una maniobra de enga\u00f1o, un delincuente intent\u00f3 asaltar a Elsa Palleros\">Leer m\u00e1s<\/a><\/p>\n","protected":false},"author":1,"featured_media":92785,"comment_status":"closed","ping_status":"open","sticky":false,"template":"","format":"standard","meta":{"_monsterinsights_skip_tracking":false,"_monsterinsights_sitenote_active":false,"_monsterinsights_sitenote_note":"","_monsterinsights_sitenote_category":0,"jetpack_post_was_ever_published":false,"_jetpack_newsletter_access":"","_jetpack_dont_email_post_to_subs":false,"_jetpack_newsletter_tier_id":0,"_jetpack_memberships_contains_paywalled_content":false,"_jetpack_memberships_contains_paid_content":false,"footnotes":"","jetpack_publicize_message":"","jetpack_publicize_feature_enabled":true,"jetpack_social_post_already_shared":true,"jetpack_social_options":{"image_generator_settings":{"template":"highway","default_image_id":0,"font":"","enabled":false},"version":2},"_wpas_customize_per_network":false},"categories":[85],"tags":[15845,96],"class_list":["post-101387","post","type-post","status-publish","format-standard","has-post-thumbnail","hentry","category-policial","tag-intento-de-robo","tag-policial-2","generate-columns","tablet-grid-50","mobile-grid-100","grid-parent","grid-50"],"jetpack_publicize_connections":[],"jetpack_featured_media_url":"https:\/\/www.hoymercedes.com.ar\/principal\/wp-content\/uploads\/2019\/05\/12-policia-patrulleros.jpg","wps_subtitle":"Robo frustrado","jetpack_sharing_enabled":true,"_links":{"self":[{"href":"https:\/\/www.hoymercedes.com.ar\/principal\/wp-json\/wp\/v2\/posts\/101387","targetHints":{"allow":["GET"]}}],"collection":[{"href":"https:\/\/www.hoymercedes.com.ar\/principal\/wp-json\/wp\/v2\/posts"}],"about":[{"href":"https:\/\/www.hoymercedes.com.ar\/principal\/wp-json\/wp\/v2\/types\/post"}],"author":[{"embeddable":true,"href":"https:\/\/www.hoymercedes.com.ar\/principal\/wp-json\/wp\/v2\/users\/1"}],"replies":[{"embeddable":true,"href":"https:\/\/www.hoymercedes.com.ar\/principal\/wp-json\/wp\/v2\/comments?post=101387"}],"version-history":[{"count":0,"href":"https:\/\/www.hoymercedes.com.ar\/principal\/wp-json\/wp\/v2\/posts\/101387\/revisions"}],"wp:featuredmedia":[{"embeddable":true,"href":"https:\/\/www.hoymercedes.com.ar\/principal\/wp-json\/wp\/v2\/media\/92785"}],"wp:attachment":[{"href":"https:\/\/www.hoymercedes.com.ar\/principal\/wp-json\/wp\/v2\/media?parent=101387"}],"wp:term":[{"taxonomy":"category","embeddable":true,"href":"https:\/\/www.hoymercedes.com.ar\/principal\/wp-json\/wp\/v2\/categories?post=101387"},{"taxonomy":"post_tag","embeddable":true,"href":"https:\/\/www.hoymercedes.com.ar\/principal\/wp-json\/wp\/v2\/tags?post=101387"}],"curies":[{"name":"wp","href":"https:\/\/api.w.org\/{rel}","templated":true}]}}