{"id":101393,"date":"2019-10-16T07:45:32","date_gmt":"2019-10-16T10:45:32","guid":{"rendered":"http:\/\/www.hoymercedes.com.ar\/principal\/?p=101393"},"modified":"2019-10-16T12:24:02","modified_gmt":"2019-10-16T15:24:02","slug":"la-asamblea-por-la-agroecologia-reitera-su-reclamo-por-respuestas","status":"publish","type":"post","link":"https:\/\/www.hoymercedes.com.ar\/principal\/2019\/10\/16\/la-asamblea-por-la-agroecologia-reitera-su-reclamo-por-respuestas\/","title":{"rendered":"La Asamblea por la Agroecolog\u00eda reitera su reclamo por respuestas"},"content":{"rendered":"\n<p>La organizaci\u00f3n vecinal vuelve a plantear dudas y preguntas que hacen al funcionamiento y controles de la empresa y los organismos gubernamentales. El reclamo lo hicieron p\u00fablico en redes sociales. <\/p>\n\n\n\n<p>A trav\u00e9s de las redes sociales, la Asamblea Mercedina por la Agroecolog\u00eda (AMA) hizo p\u00fablico un nuevo reclamo por el \u201cdesastre socioambiental\u201d en La Verde. \u201cNecesitamos Respuestas\u201d es la exclamaci\u00f3n con la que inician la comunicaci\u00f3n. <\/p>\n\n\n\n<p>\u201cPasaron m\u00e1s de dos semanas desde que sucedi\u00f3 la explosi\u00f3n en la f\u00e1brica de agrot\u00f3xicos SIGMA AGRO S.A. en La Verde y a\u00fan quedan m\u00e1s dudas que certezas. La incertidumbre que rodea el hecho afecta a toda la comunidad de Mercedes, haci\u00e9ndonos pensar que las responsabilidades pol\u00edticas atraviesan al Estado en todos sus niveles\u201d, expresan desde AMA.<\/p>\n\n\n\n<p>\u201cA la ya tard\u00eda e ineficaz intervenci\u00f3n del Organismo Provincial para el Desarrollo Sustentable (OPDS), que ins\u00f3litamente reduce su accionar al control del plan de remediaci\u00f3n ambiental presentado por la misma empresa que ocasion\u00f3 la explosi\u00f3n (concedi\u00e9ndole a SIGMA AGRO S.A. el poder de establecer plazos y m\u00e9todos seg\u00fan sus propios criterios), se suma la cuestionable interpretaci\u00f3n que hace el gobierno municipal de lo ocurrido. En el \u00faltimo debate de candidatos a intendentes, ante la emergencia del tema, el ejecutivo local se deslig\u00f3 de toda responsabilidad, acus\u00f3 de \u201cpolitizar\u201d el asunto de forma irresponsable a quienes le exigieron respuestas, y desliz\u00f3 cierta preocupaci\u00f3n por la forma en que podr\u00eda afectar  (\u00bfecon\u00f3micamente?) la difusi\u00f3n de la tragedia al pueblo vecino Tomas Jofr\u00e9 (conocido por sus comercios gastron\u00f3micos). Es decir, el gobierno provincial contin\u00faa con su habitual complicidad con los poderes econ\u00f3micos del agro, y el gobierno municipal subestima las consecuencias socioambientales de lo ocurrido (\u00bfreduciendo su preocupaci\u00f3n a posibles impactos comerciales y tur\u00edsticos?)\u201d. <\/p>\n\n\n\n<p>\u201cEl car\u00e1cter pol\u00edtico del tema, por cierto, es indiscutible: una empresa de grandes capitales, que produce agrot\u00f3xicos para un modelo productivo contaminante y extractivista, que funciona de forma irregular con la complicidad del Estado, explota ocasionando la muerte de un trabajador y un desastre ambiental de proporciones. Dif\u00edcilmente encontrar un hecho que re\u00fana tantos componentes pol\u00edticos como para alarmarse de su politizaci\u00f3n\u201d, agregan en la extensa comunicaci\u00f3n.<\/p>\n\n\n\n<p>\u201cAnte este escenario es impostergable un completo informe de situaci\u00f3n por parte de los gobiernos provincial y municipal. Toda la comunidad de Mercedes y la zona (no solo los vecinos de La Verde) necesita respuestas sobre lo sucedido. \u00bfPor qu\u00e9 no se evacu\u00f3 preventivamente la zona trabajando conjuntamente con Defensa Civil en la delimitaci\u00f3n de un radio? \u00bfLa ubicaci\u00f3n de una empresa con las caracter\u00edsticas de SIGMA AGRO S.A. (con posible riesgo ambiental) se ajustaba a la ordenanza de zonificaci\u00f3n vigente?. En caso que no, \u00bfse promulg\u00f3 una ordenanza de excepci\u00f3n para permitir su instalaci\u00f3n en La Verde? \u00bfCu\u00e1ndo y quienes la votaron? \u00bfEl municipio cobraba tasa en concepto de Seguridad e Higiene a la empresa SIGMA AGRO S.A.?. En ese caso, \u00bfrealiz\u00f3 las inspecciones que le correspond\u00edan?\u201d, vuelven a repreguntar desde AMA. <\/p>\n\n\n\n<p>\u201cLos videos que han estado circulando por redes sociales mostrando la irregular manera de desechar residuos t\u00f3xicos dan cuenta de total impunidad y desidia por parte de la empresa. Si hubo inspecciones municipales, deber\u00eda haber actas labradas dando cuenta de esto. A su vez, resulta imperioso establecer las medidas de seguridad acordes para garantizar la seguridad de los trabajadores que grabaron los videos que muestran el modus operandi de la empresa, videos que pueden servir de prueba para condenar jur\u00eddicamente esta barbarie socioambiental\u201d, expresan.<\/p>\n\n\n\n<p>\u201cTambi\u00e9n, necesitamos saber si se hizo una denuncia por parte del Estado ante la Unidad Fiscal para la Investigaci\u00f3n de Delitos Contra el Medio Ambiente (UFIMA), y cu\u00e1l fue la actuaci\u00f3n del fiscal interviniente. La incertidumbre que rodea al hecho impide descartar cualquier versi\u00f3n, incluso la de una explosi\u00f3n premeditada en horas de la madrugada con alguna finalidad econ\u00f3mica o exculpatoria de la contaminaci\u00f3n previa. La inescrupulosidad de las grandes firmas ha quedado atestiguada en numerosos episodios bajo la falsa apariencia de accidentes\u201d.<\/p>\n\n\n\n<p>\u201cDesde la Asamblea Mercedina por la Agroecologia (AMA) mandamos p\u00fablicamente nuestras condolencias a la familia y allegados de Rub\u00e9n Ponce, y manifestamos nuestra intenci\u00f3n de pronta recuperaci\u00f3n del bombero afectado por los qu\u00edmicos durante el incendio. Las lesiones de ambos podr\u00edan echar luz sobre la toxicidad de los productos derramados en la zona. Reafirmamos la necesidad de una soluci\u00f3n integral al asunto, estableciendo un campamento sanitario en la zona con profesionales comprometidos con la causa socioambiental, y la revisi\u00f3n del estado y condiciones de habilitaci\u00f3n de toda empresa peligrosa y contaminante en el partido de Mercedes. Nuestro compromiso con un ambiente saludable y el bienestar popular nos impide ser parte del silencio c\u00f3mplice\u201d, concluyen desde la instituci\u00f3n mercedina preocupada por la situaci\u00f3n ambiental en el partido de Mercedes. <\/p>\n","protected":false},"excerpt":{"rendered":"<p>La organizaci\u00f3n vecinal vuelve a plantear dudas y preguntas que hacen al funcionamiento y controles de la empresa y los &#8230; <a title=\"La Asamblea por la Agroecolog\u00eda reitera su reclamo por respuestas\" class=\"read-more\" href=\"https:\/\/www.hoymercedes.com.ar\/principal\/2019\/10\/16\/la-asamblea-por-la-agroecologia-reitera-su-reclamo-por-respuestas\/\" aria-label=\"Leer m\u00e1s sobre La Asamblea por la Agroecolog\u00eda reitera su reclamo por respuestas\">Leer m\u00e1s<\/a><\/p>\n","protected":false},"author":1,"featured_media":100728,"comment_status":"closed","ping_status":"open","sticky":false,"template":"","format":"standard","meta":{"_monsterinsights_skip_tracking":false,"_monsterinsights_sitenote_active":false,"_monsterinsights_sitenote_note":"","_monsterinsights_sitenote_category":0,"jetpack_post_was_ever_published":false,"_jetpack_newsletter_access":"","_jetpack_dont_email_post_to_subs":false,"_jetpack_newsletter_tier_id":0,"_jetpack_memberships_contains_paywalled_content":false,"_jetpack_memberships_contains_paid_content":false,"footnotes":"","jetpack_publicize_message":"","jetpack_publicize_feature_enabled":true,"jetpack_social_post_already_shared":true,"jetpack_social_options":{"image_generator_settings":{"template":"highway","default_image_id":0,"font":"","enabled":false},"version":2},"_wpas_customize_per_network":false},"categories":[1],"tags":[15792,8748,100],"class_list":["post-101393","post","type-post","status-publish","format-standard","has-post-thumbnail","hentry","category-opinion","tag-incendio-en-la-verde","tag-opinion","tag-reclamo","generate-columns","tablet-grid-50","mobile-grid-100","grid-parent","grid-50"],"jetpack_publicize_connections":[],"jetpack_featured_media_url":"https:\/\/www.hoymercedes.com.ar\/principal\/wp-content\/uploads\/2019\/09\/30-ama-agroecologia.jpg","wps_subtitle":"A trav\u00e9s de sus redes sociales","jetpack_sharing_enabled":true,"_links":{"self":[{"href":"https:\/\/www.hoymercedes.com.ar\/principal\/wp-json\/wp\/v2\/posts\/101393","targetHints":{"allow":["GET"]}}],"collection":[{"href":"https:\/\/www.hoymercedes.com.ar\/principal\/wp-json\/wp\/v2\/posts"}],"about":[{"href":"https:\/\/www.hoymercedes.com.ar\/principal\/wp-json\/wp\/v2\/types\/post"}],"author":[{"embeddable":true,"href":"https:\/\/www.hoymercedes.com.ar\/principal\/wp-json\/wp\/v2\/users\/1"}],"replies":[{"embeddable":true,"href":"https:\/\/www.hoymercedes.com.ar\/principal\/wp-json\/wp\/v2\/comments?post=101393"}],"version-history":[{"count":0,"href":"https:\/\/www.hoymercedes.com.ar\/principal\/wp-json\/wp\/v2\/posts\/101393\/revisions"}],"wp:featuredmedia":[{"embeddable":true,"href":"https:\/\/www.hoymercedes.com.ar\/principal\/wp-json\/wp\/v2\/media\/100728"}],"wp:attachment":[{"href":"https:\/\/www.hoymercedes.com.ar\/principal\/wp-json\/wp\/v2\/media?parent=101393"}],"wp:term":[{"taxonomy":"category","embeddable":true,"href":"https:\/\/www.hoymercedes.com.ar\/principal\/wp-json\/wp\/v2\/categories?post=101393"},{"taxonomy":"post_tag","embeddable":true,"href":"https:\/\/www.hoymercedes.com.ar\/principal\/wp-json\/wp\/v2\/tags?post=101393"}],"curies":[{"name":"wp","href":"https:\/\/api.w.org\/{rel}","templated":true}]}}