{"id":101403,"date":"2019-10-16T10:23:55","date_gmt":"2019-10-16T13:23:55","guid":{"rendered":"http:\/\/www.hoymercedes.com.ar\/principal\/?p=101403"},"modified":"2019-10-16T12:23:17","modified_gmt":"2019-10-16T15:23:17","slug":"el-sapec-celebrara-el-dia-de-la-alimentacion","status":"publish","type":"post","link":"https:\/\/www.hoymercedes.com.ar\/principal\/2019\/10\/16\/el-sapec-celebrara-el-dia-de-la-alimentacion\/","title":{"rendered":"El SAPEC celebrar\u00e1 el D\u00eda de la Alimentaci\u00f3n"},"content":{"rendered":"\n<p>En la ma\u00f1ana del jueves tendr\u00e1n una jornada con actividades f\u00edsicas y charlas que propicien una alimentaci\u00f3n saludable. Factores de riesgo modificables y pautas alimentarias para la prevenci\u00f3n de las Enfermedades Cr\u00f3nicas No Transmisibles es uno de los temas que trabajar\u00e1n. <\/p>\n\n\n\n<p>Este 16 de octubre, se celebra en el mundo el D\u00eda de la Alimentaci\u00f3n. Con el fin de realizar una actividad abierta a la comunidad, la SAPEC (Sala de Atenci\u00f3n a Personas con Enfermedades Cr\u00f3nicas) invita a los interesados a una jornada sobre los factores de riesgos ante una mala alimentaci\u00f3n en los seres humanos para la ma\u00f1ana del jueves 17 de octubre. <\/p>\n\n\n\n<p>\u201cEl entorno alimentario, en la actualidad, se caracteriza por una elevada oferta y accesibilidad de alimentos de alta densidad energ\u00e9tica y baja calidad nutricional con gran contenido de sal, grasas y\/o az\u00facares\u201d, explican desde la direcci\u00f3n del SAPEC, la Dra. Marina Geracitano. <\/p>\n\n\n\n<p>\u201c\u00c9stos han reemplazado el consumo de alimentos naturales como frutas, verduras y granos integrales que aportan fibra, vitaminas y minerales entre otros nutrientes beneficiosos para la salud. Estas modificaciones en los patrones alimentarios constituyen uno de los principales factores de riesgo para la salud\u201d, agrega.<\/p>\n\n\n\n<p>Es as\u00ed que proponen para la ma\u00f1ana del jueves 17 de octubre, en el marco del D\u00eda mundial de la alimentaci\u00f3n, una jornada en las instalaciones de SAPEC sobre \u201cFactores de riesgo modificables y pautas alimentarias para la prevenci\u00f3n de las Enfermedades Cr\u00f3nicas No Transmisibles\u201d. <\/p>\n\n\n\n<p>El objetivo ser\u00e1 resaltar la importancia de llevar a cabo, durante toda la vida, buenos h\u00e1bitos alimentarios y de estilo de vida.<br> Durante jornada se desarrollar\u00e1n actividades f\u00edsicas seguida de un espacio de intercambio entre los participantes y el equipo interdisciplinar, culminando la jornada con la entrega de material informativo con el fin de difundir la repercusi\u00f3n que tiene el mantener buenos h\u00e1bitos alimentarios.<\/p>\n\n\n\n<p>Desde las 9, en la sala de atenci\u00f3n de calle 10 y 37 que dependen del Hospital Blas L. Dubarry, comenzar\u00e1n las actividades abiertas a la comunidad en general y a los pacientes del SAPEC en particular. <\/p>\n","protected":false},"excerpt":{"rendered":"<p>En la ma\u00f1ana del jueves tendr\u00e1n una jornada con actividades f\u00edsicas y charlas que propicien una alimentaci\u00f3n saludable. Factores de &#8230; <a title=\"El SAPEC celebrar\u00e1 el D\u00eda de la Alimentaci\u00f3n\" class=\"read-more\" href=\"https:\/\/www.hoymercedes.com.ar\/principal\/2019\/10\/16\/el-sapec-celebrara-el-dia-de-la-alimentacion\/\" aria-label=\"Leer m\u00e1s sobre El SAPEC celebrar\u00e1 el D\u00eda de la Alimentaci\u00f3n\">Leer m\u00e1s<\/a><\/p>\n","protected":false},"author":1,"featured_media":90912,"comment_status":"closed","ping_status":"open","sticky":false,"template":"","format":"standard","meta":{"_monsterinsights_skip_tracking":false,"_monsterinsights_sitenote_active":false,"_monsterinsights_sitenote_note":"","_monsterinsights_sitenote_category":0,"jetpack_post_was_ever_published":false,"_jetpack_newsletter_access":"","_jetpack_dont_email_post_to_subs":false,"_jetpack_newsletter_tier_id":0,"_jetpack_memberships_contains_paywalled_content":false,"_jetpack_memberships_contains_paid_content":false,"footnotes":"","jetpack_publicize_message":"","jetpack_publicize_feature_enabled":true,"jetpack_social_post_already_shared":true,"jetpack_social_options":{"image_generator_settings":{"template":"highway","default_image_id":0,"font":"","enabled":false},"version":2},"_wpas_customize_per_network":false},"categories":[9791],"tags":[15844,134,13798],"class_list":["post-101403","post","type-post","status-publish","format-standard","has-post-thumbnail","hentry","category-salud","tag-dia-de-la-alimentacion","tag-salud","tag-sapec","generate-columns","tablet-grid-50","mobile-grid-100","grid-parent","grid-50"],"jetpack_publicize_connections":[],"jetpack_featured_media_url":"https:\/\/www.hoymercedes.com.ar\/principal\/wp-content\/uploads\/2019\/04\/07-sapec.jpg","wps_subtitle":"Hoy es el d\u00eda mundial","jetpack_sharing_enabled":true,"_links":{"self":[{"href":"https:\/\/www.hoymercedes.com.ar\/principal\/wp-json\/wp\/v2\/posts\/101403","targetHints":{"allow":["GET"]}}],"collection":[{"href":"https:\/\/www.hoymercedes.com.ar\/principal\/wp-json\/wp\/v2\/posts"}],"about":[{"href":"https:\/\/www.hoymercedes.com.ar\/principal\/wp-json\/wp\/v2\/types\/post"}],"author":[{"embeddable":true,"href":"https:\/\/www.hoymercedes.com.ar\/principal\/wp-json\/wp\/v2\/users\/1"}],"replies":[{"embeddable":true,"href":"https:\/\/www.hoymercedes.com.ar\/principal\/wp-json\/wp\/v2\/comments?post=101403"}],"version-history":[{"count":0,"href":"https:\/\/www.hoymercedes.com.ar\/principal\/wp-json\/wp\/v2\/posts\/101403\/revisions"}],"wp:featuredmedia":[{"embeddable":true,"href":"https:\/\/www.hoymercedes.com.ar\/principal\/wp-json\/wp\/v2\/media\/90912"}],"wp:attachment":[{"href":"https:\/\/www.hoymercedes.com.ar\/principal\/wp-json\/wp\/v2\/media?parent=101403"}],"wp:term":[{"taxonomy":"category","embeddable":true,"href":"https:\/\/www.hoymercedes.com.ar\/principal\/wp-json\/wp\/v2\/categories?post=101403"},{"taxonomy":"post_tag","embeddable":true,"href":"https:\/\/www.hoymercedes.com.ar\/principal\/wp-json\/wp\/v2\/tags?post=101403"}],"curies":[{"name":"wp","href":"https:\/\/api.w.org\/{rel}","templated":true}]}}